{"id":31589,"date":"2025-09-10T11:39:13","date_gmt":"2025-09-10T11:39:13","guid":{"rendered":"https:\/\/www.europesays.com\/no\/31589\/"},"modified":"2025-09-10T11:39:13","modified_gmt":"2025-09-10T11:39:13","slug":"rikke-nygard-sk-brann-rikke-nygard-lanes-ut-til-lsk-kvinner","status":"publish","type":"post","link":"https:\/\/www.europesays.com\/no\/31589\/","title":{"rendered":"Rikke Nygard, SK Brann | Rikke Nygard l\u00e5nes ut til LSK Kvinner"},"content":{"rendered":"\n<p>Nylig fortalte Rikke Nygard at hun omsider var n\u00f8dt til \u00e5 tenke p\u00e5 kontrakten sin i Brann igjen. Hun har enn\u00e5 ikke spilt en eneste kamp for A-laget siden oktober for to \u00e5r siden, etter et langt skadeopphold og fire operasjoner i kn\u00e6rne.<\/p>\n<p>\u2013 Jeg har hatt en veldig usikker fremtid i fotballen, s\u00e5 kontrakten min har ligget langt bak i hodet. N\u00e5 er det noe jeg m\u00e5 tenke p\u00e5, <a href=\"https:\/\/www.ba.no\/dette-har-hun-ventet-lenge-pa-endelig-kom-rikke-nygard-med-gode-nyheter-til-ba\/f\/5-8-3141333\" rel=\"Follow nofollow noopener\" target=\"_blank\">sa hun til BA i Milano<\/a> for f\u00e5 uker siden.<\/p>\n<p>Sist operasjon fant sted i juni og hun har ikke trent for fullt s\u00e6rlig lenge, men n\u00e5 er hun friskmeldt. I h\u00f8st skal hun jakte spilleminutter et helt annet sted. Det bekreftes av NFF onsdag ettermiddag, mens <a href=\"https:\/\/www.tv2.no\/direkte\/0nr51\/sportsdognet-live\/68c07fb9f04a2bb2adbf6586\/tv-2-erfarer-brannprofil-lanes-ut-til-lsk-kvinner\" rel=\"Follow nofollow noopener\" target=\"_blank\">TV 2 erfarte<\/a> utl\u00e5net allerede p\u00e5 morgenen.<\/p>\n<p>Avtalen mellom Brann og LSK Kvinner er allerede i boks og ventes offentliggjort innen kort tid. TV 2 erfarer at det er snakk om en l\u00e5neavtale ut sesongen, som alts\u00e5 er s\u00e5 lenge Nygard har kontrakt med Brann.<\/p>\n<p>Det betyr at Nygard vil miste Branns Europa-h\u00f8st og morgendagens kamp mot Manchester United. <a href=\"https:\/\/www.ba.no\/folg-champions-league-kvaliken-brann-manchester-united\/s\/5-8-3142529\" rel=\"Follow nofollow noopener\" target=\"_blank\">Den kan du f\u00f8lge i dette studioet.<\/a><\/p>\n<p>  <a href=\"https:\/\/www.ba.no\/5-8-3141333\" class=\"related-teaser has-image default-feature-teaser article--c-eRUmMG article--c-eRUmMG-jKCPdD-design-default\" rel=\"nofollow noopener\" target=\"_blank\"><\/p>\n<p>    <img decoding=\"async\" loading=\"lazy\"  src=\"https:\/\/www.europesays.com\/no\/wp-content\/uploads\/2025\/09\/626E1DFD-9599-4BCF-86C9-C08116E21B87.jpg\" alt=\"\" class=\"brick-c-cFOWSL\" style=\"\"\/><\/p>\n<p>\n            Les ogs\u00e5<\/p>\n<p>              Dette har hun ventet lenge p\u00e5: Endelig kom Rikke med gode nyheter til BA\n        <\/p>\n<p>  <\/a><\/p>\n<p>Les mer om: artikkelemnene<\/p>\n","protected":false},"excerpt":{"rendered":"Nylig fortalte Rikke Nygard at hun omsider var n\u00f8dt til \u00e5 tenke p\u00e5 kontrakten sin i Brann igjen.&hellip;\n","protected":false},"author":2,"featured_media":31590,"comment_status":"","ping_status":"","sticky":false,"template":"","format":"standard","meta":{"footnotes":""},"categories":[59],"tags":[36,92,30,28,29,218,5045,418,83,82,1510],"class_list":{"0":"post-31589","1":"post","2":"type-post","3":"status-publish","4":"format-standard","5":"has-post-thumbnail","7":"category-sport","8":"tag-art","9":"tag-fotball","10":"tag-no","11":"tag-norge","12":"tag-norway","13":"tag-pluss","14":"tag-rikke-nygard","15":"tag-sk-brann","16":"tag-sport","17":"tag-sports","18":"tag-story"},"share_on_mastodon":{"url":"","error":""},"_links":{"self":[{"href":"https:\/\/www.europesays.com\/no\/wp-json\/wp\/v2\/posts\/31589","targetHints":{"allow":["GET"]}}],"collection":[{"href":"https:\/\/www.europesays.com\/no\/wp-json\/wp\/v2\/posts"}],"about":[{"href":"https:\/\/www.europesays.com\/no\/wp-json\/wp\/v2\/types\/post"}],"author":[{"embeddable":true,"href":"https:\/\/www.europesays.com\/no\/wp-json\/wp\/v2\/users\/2"}],"replies":[{"embeddable":true,"href":"https:\/\/www.europesays.com\/no\/wp-json\/wp\/v2\/comments?post=31589"}],"version-history":[{"count":0,"href":"https:\/\/www.europesays.com\/no\/wp-json\/wp\/v2\/posts\/31589\/revisions"}],"wp:featuredmedia":[{"embeddable":true,"href":"https:\/\/www.europesays.com\/no\/wp-json\/wp\/v2\/media\/31590"}],"wp:attachment":[{"href":"https:\/\/www.europesays.com\/no\/wp-json\/wp\/v2\/media?parent=31589"}],"wp:term":[{"taxonomy":"category","embeddable":true,"href":"https:\/\/www.europesays.com\/no\/wp-json\/wp\/v2\/categories?post=31589"},{"taxonomy":"post_tag","embeddable":true,"href":"https:\/\/www.europesays.com\/no\/wp-json\/wp\/v2\/tags?post=31589"}],"curies":[{"name":"wp","href":"https:\/\/api.w.org\/{rel}","templated":true}]}}