{"id":31591,"date":"2025-09-10T11:42:44","date_gmt":"2025-09-10T11:42:44","guid":{"rendered":"https:\/\/www.europesays.com\/no\/31591\/"},"modified":"2025-09-10T11:42:44","modified_gmt":"2025-09-10T11:42:44","slug":"lebesby-porsanger-roger-tar-virtuell-virkelighet-i-bruk-og-dette-er-bare-starten","status":"publish","type":"post","link":"https:\/\/www.europesays.com\/no\/31591\/","title":{"rendered":"Lebesby, Porsanger | Roger tar virtuell virkelighet i bruk: \u2013 Og dette er bare starten"},"content":{"rendered":"\n<p>VR (virtuell virkelighet) kan gjennom \u00e5 simulerer fysiske milj\u00f8 revolusjonere samfunnet. Og n\u00e5r vi sp\u00f8r AI hva VR er, f\u00e5r vi svaret:<\/p>\n<p>\u00abVirtuell virkelighet (VR) er en datateknologi som skaper et fullstendig kunstig, datagenerert milj\u00f8 som du kan utforske og samhandle med, ofte ved hjelp av et VR-headset og kontrollere. Teknologien etterligner en virkelighet ved \u00e5 simulere syns-, lyd- og andre sanseinntrykk, og gir deg en f\u00f8lelse av \u00e5 v\u00e6re fysisk til stede i en dataskapt verden, helt uavhengig av dine virkelige omgivelser.\u00bb<\/p>\n<p>Gjennom VR-briller som dekker hele synsfeltet ditt vises stereoskopiske bilder som gir en tredimensjonal og dyptg\u00e5ende opplevelse, kan man lese videre.<\/p>\n<p>    Vil du se neste video?<\/p>\n<p>    <a href=\"https:\/\/www.ifinnmark.no\/valgkveld-2025\/v\/5-81-2308278\" class=\"recommend-poster\" data-adp-clicklabel=\"video-recommend\" data-adp-clickvalue=\"poster\" rel=\"nofollow noopener\" target=\"_blank\"><\/p>\n<p>Valgkveld 20250:29<\/p>\n<p>    <\/a><\/p>\n<p>        Lebesby-bedriften GSG AS med daglig leder Roger Erlandsen i spissen er i sluttspurten med \u00e5 lage et VR-program som skal gj\u00f8re det enklere \u00e5 prosjektere. Fiskeriminister Marianne Sivertsen N\u00e6ss har f\u00e5tt teste ut prototypen av programmet. <\/p>\n<p>Fiskeriminister Marianne Sivertsen N\u00e6ss fikk pr\u00f8vd seg som mont\u00f8r inne i et energianlegg via et helt nytt VR-program Lebesby-bedriften GSG AS er i ferd med \u00e5 utvikle. N\u00e6ss ble kyndig veiledet av VR-guide, Ken Roger Fagerheim, under seansen, og sier hun er imponert av hva den lille bedriften har klart \u00e5 f\u00e5 til fra Kunes.<\/p>\n<p>\u2013 F\u00f8rst og fremst er jeg veldig imponert over hva man klarer \u00e5 f\u00e5 til i m\u00f8te med havbruksn\u00e6ringen p\u00e5 teknologi-siden, og hvordan de jobber for \u00e5 m\u00f8te behovene, sier hun.<\/p>\n<p>Seansen fant sted i GSGs lokaler i Porsanger kommune:<\/p>\n<p>\u2013 At man kan sitte i Lakselv og v\u00e6re nasjonal- og verdensledende innenfor dette er utrolig kult \u00e5 l\u00e6re mer om, fastsl\u00e5r fiskeriministeren.<\/p>\n<p>Daglig leder Roger Erlandsen mener fiskeriministerens bes\u00f8k var ogs\u00e5 matnyttig for bedriftens selv:<\/p>\n<p>\u2013 Det gir oss en mulighet \u00e5 fortelle litt om oss, hva vi gj\u00f8r, hvilke utfordringer vi har og hva politikerne kan jobbe med. Vi kan fortelle litt om havbruksn\u00e6ringen og ringvirkningene det har gitt i Lebesby, Finnmark og Norge, og for oss som bedrift, forklarer han.<\/p>\n<p>  <a href=\"https:\/\/www.ifinnmark.no\/5-81-2005839\" class=\"related-teaser has-image default-story-teaser article--c-eRUmMG article--c-eRUmMG-jKCPdD-design-default\" rel=\"nofollow noopener\" target=\"_blank\"><\/p>\n<p>    <img decoding=\"async\" loading=\"lazy\"  src=\"https:\/\/www.europesays.com\/no\/wp-content\/uploads\/2025\/09\/Roger+Erlandsen.jpg\" alt=\"\" class=\"brick-c-cFOWSL\" style=\"\"\/><\/p>\n<p>\n            Les ogs\u00e5<\/p>\n<p>              Roger og gjengen med rekordresultat i fjor: \u2013 Overskuddet var veldig h\u00f8yt\n        <\/p>\n<p>  <\/a><br \/>\n  \u2013 Enklere og mer presist<\/p>\n<p>VR-satsingen skjer gjennom et eget selskap, <a href=\"https:\/\/www.npvr.no\/\" rel=\"Follow nofollow noopener\" target=\"_blank\">North Precision VR AS<\/a>, og har f\u00e5tt st\u00f8tte fra Innovasjon Norge, opplyser Erlandsen.<\/p>\n<p>\u2013 Hva er det dere pr\u00f8ver \u00e5 f\u00e5 til med det nye VR-programmet? <\/p>\n<p>\u2013 Vi pr\u00f8ver \u00e5 gj\u00f8re det enklere og mer presist \u00e5 prosjektere, for eksempel i ombygging av r\u00f8r og r\u00f8rsystemer, men systemet kan brukes til alt av prosjekteringer og vil gi en mer n\u00f8yaktig samhandling mellom ulike faginstanser, kundene og leverand\u00f8rer. Det er et helhetlig system som forenkler alt fra prosjektering til tilbudsregning og bestilling, forteller Erlandsen.<\/p>\n<p>   <img decoding=\"async\" width=\"4032\" height=\"3024\" fetchpriority=\"low\"  loading=\"lazy\"  src=\"https:\/\/www.europesays.com\/no\/wp-content\/uploads\/2025\/09\/IMG_1996.JPG\" alt=\"\" class=\"brick-c-cFOWSL\" style=\"--brick-image-ratio: 4032 \/ 3024;\"\/><\/p>\n<p>    Ken Roger Fagerheim var VR-guide da fiskeriministeren testet ut programmet. Her sammen med styreleder i GSG, Anne Fjerdingstad Erlandsen.<br \/>\n    Foto: Lars Birger Persen\n  <\/p>\n<p>Men m\u00e5let er \u00e5 utvikle et program som alle kan kunne bruke i framtiden.<\/p>\n<p>\u2013 Vi kan lage ekstremt store og kompliserte anlegg, og pre-produsere absolutt alt. Vi kan gj\u00f8re alle forandringer i sanntid. Det er alt fra prosjekteringsverkt\u00f8y til visningsmodell, og et verkt\u00f8y for forvaltning, drift og vedlikehold, forklarer han, og legger til:<\/p>\n<p>\u2013 Og dette er bare starten. Vi ser et enormt potensial med systemet.<\/p>\n<p>\u2013 Ti\u00e5ring kan innrede huset<\/p>\n<p>For det er ikke bare industrien som kan ha nyttiggj\u00f8re seg av systemet. Ogs\u00e5 mindre bedrifter og private kan ha stor nytte av programmet. Om en skal bygge eller innrede et hus, en butikk, eller en bobil, s\u00e5 mener gr\u00fcnderen systemet vil v\u00e6re meget nyttig:<\/p>\n<p>\u2013 N\u00e5 kan plutselig en ti\u00e5ring v\u00e6re med innrede huset, og man trenger ikke n\u00f8dvendigvis v\u00e6re en ingeni\u00f8r for \u00e5 bygge noe. Vi skal lage brukersnittet s\u00e5 enkelt at alle kan bruke det.<\/p>\n<p>\u2013 Programmet er selvf\u00f8lgelig beregnet for industrien, men vi ser helt klart at private kan benytte seg av systemet i framtiden, sier Erlandsen.<\/p>\n<p>   <img decoding=\"async\" width=\"4032\" height=\"3024\" fetchpriority=\"low\"  loading=\"lazy\"  src=\"https:\/\/www.europesays.com\/no\/wp-content\/uploads\/2025\/09\/IMG_1989.JPG\" alt=\"\" class=\"brick-c-cFOWSL\" style=\"--brick-image-ratio: 4032 \/ 3024;\"\/><\/p>\n<p>    Styreleder Anne Fjerdingstad Erlandsen hjelper fiskeriministeren med VR-brillene.<br \/>\n    Foto: Lars Birger Persen\n  <\/p>\n<p>  <a href=\"https:\/\/www.ifinnmark.no\/5-81-1989409\" class=\"related-teaser has-image default-story-teaser article--c-eRUmMG article--c-eRUmMG-jKCPdD-design-default\" rel=\"nofollow noopener\" target=\"_blank\"><\/p>\n<p>    <img decoding=\"async\" loading=\"lazy\"  src=\"https:\/\/www.europesays.com\/no\/wp-content\/uploads\/2025\/09\/Roger+Erlandsen+%28tv%29+og+Ove+Trellevik+p%C3%A5+Kunes%2C+mars+2024.jpg\" alt=\"\" class=\"brick-c-cFOWSL\" style=\"\"\/><\/p>\n<p>\n            Les ogs\u00e5<\/p>\n<p>              Tok med seg partikollega til nabokommunen for \u00e5 fortelle suksesshistorier: \u2013 Begeistret over det de f\u00e5r til\n        <\/p>\n<p>  <\/a><br \/>\n  Milj\u00f8 og b\u00e6rekraft<\/p>\n<p>Milj\u00f8aspektet og b\u00e6rekraft st\u00e5r sentralt:<\/p>\n<p>\u2013 Med pre-produksjon kan man flytte mye av arbeidet som gj\u00f8res ute hos kunden inn i fabrikker. Det blir bedre \u00f8konomi, lite svinn, mer n\u00f8yaktig pris, og er bedre for milj\u00f8et, forteller han, og eksemplifiserer:<\/p>\n<p>\u2013 I Finnmark har vi mye stengte veier, og lange reiser med b\u00e5de bil og b\u00e5t. N\u00e5 er det plutselig ikke et eneste sted i Finnmark som er utilgjengelig n\u00e5r ting skal prosjekteres. En liten bedrift p\u00e5 S\u00f8r\u00f8ya kan v\u00e6re med \u00e5 levere tilbud i S\u00f8r-Norge. Eller motsatt for den saks skyld. Og man kan hente inn fagekspertise fra hele verden som hjelpe til med prosjektet via VR, istedenfor \u00e5 fly dem til Finnmark med de kostnadene og tidsbruken det medf\u00f8rer.<\/p>\n<p>Forel\u00f8pig er det utviklet en prototyp, og bedriften er i full gang med videreutvikling. P\u00e5 sp\u00f8rsm\u00e5l om n\u00e5r et ferdig produkt kan lanseres, holder Roger Erlandsen kortene tett til brystet.<\/p>\n<p>\u2013 Vi \u00f8nsker jo at produktet skal komme ut p\u00e5 markedet s\u00e5 raskt som mulig.<\/p>\n<p>  <a href=\"https:\/\/www.ifinnmark.no\/5-81-1940118\" class=\"related-teaser has-image default-story-teaser article--c-eRUmMG article--c-eRUmMG-jKCPdD-design-default\" rel=\"nofollow noopener\" target=\"_blank\"><\/p>\n<p>    <img decoding=\"async\" loading=\"lazy\"  src=\"https:\/\/www.europesays.com\/no\/wp-content\/uploads\/2025\/09\/IMG_7379.jpg\" alt=\"\" class=\"brick-c-cFOWSL\" style=\"\"\/><\/p>\n<p>\n            Les ogs\u00e5<\/p>\n<p>              Aurora (26) headhuntet til ny jobb: \u2013 Jeg er veldig stolt av meg selv\n        <\/p>\n<p>  <\/a><\/p>\n<p>  <a href=\"https:\/\/www.ifinnmark.no\/5-81-1917822\" class=\"related-teaser has-image default-story-teaser article--c-eRUmMG article--c-eRUmMG-jKCPdD-design-default\" rel=\"nofollow noopener\" target=\"_blank\"><\/p>\n<p>    <img decoding=\"async\" loading=\"lazy\"  src=\"https:\/\/www.europesays.com\/no\/wp-content\/uploads\/2025\/09\/IMG_3590.jpg\" alt=\"\" class=\"brick-c-cFOWSL\" style=\"\"\/><\/p>\n<p>\n            Les ogs\u00e5<\/p>\n<p>              To plastp\u00f8lser fylt med sand, litt tau og en bl\u00e5se p\u00e5 toppen skal skape nytt liv i torsketomme fjorder\n        <\/p>\n<p>  <\/a><\/p>\n<p>  <a href=\"https:\/\/www.ifinnmark.no\/5-81-1863590\" class=\"related-teaser has-image default-story-teaser article--c-eRUmMG article--c-eRUmMG-jKCPdD-design-default\" rel=\"nofollow noopener\" target=\"_blank\"><\/p>\n<p>    <img decoding=\"async\" loading=\"lazy\"  src=\"https:\/\/www.europesays.com\/no\/wp-content\/uploads\/2025\/09\/hovedbildet.jpeg\" alt=\"\" class=\"brick-c-cFOWSL\" style=\"\"\/><\/p>\n<p>\n            Les ogs\u00e5<\/p>\n<p>              N\u00e5 g\u00e5r den lille Kunes-bedriften offshore: \u2013 Vi klyper oss ofte i armen, for dette er et eventyr\n        <\/p>\n<p>  <\/a><\/p>\n<p>  <a href=\"https:\/\/www.ifinnmark.no\/5-81-1829389\" class=\"related-teaser has-image default-story-teaser article--c-eRUmMG article--c-eRUmMG-jKCPdD-design-default\" rel=\"nofollow noopener\" target=\"_blank\"><\/p>\n<p>    <img decoding=\"async\" loading=\"lazy\"  src=\"https:\/\/www.europesays.com\/no\/wp-content\/uploads\/2025\/09\/IMG_2086.jpg\" alt=\"\" class=\"brick-c-cFOWSL\" style=\"\"\/><\/p>\n<p>\n            Les ogs\u00e5<\/p>\n<p>              Fikk 6 millioner \u2013 reiste ut i verden for \u00e5 l\u00e6re: \u2013 Vi satser p\u00e5 \u00e5 starte med full kommersiell drift 1. august\n        <\/p>\n<p>  <\/a><\/p>\n<p>  <a href=\"https:\/\/www.ifinnmark.no\/5-81-2145132\" class=\"related-teaser has-image default-story-teaser article--c-eRUmMG article--c-eRUmMG-jKCPdD-design-default\" rel=\"nofollow noopener\" target=\"_blank\"><\/p>\n<p>    <img decoding=\"async\" loading=\"lazy\"  src=\"https:\/\/www.europesays.com\/no\/wp-content\/uploads\/2025\/09\/AM+North+og+Equinor.jpg\" alt=\"\" class=\"brick-c-cFOWSL\" style=\"\"\/><\/p>\n<p>\n            Les ogs\u00e5<\/p>\n<p>              Uviklere har signert avtale med Equinor: \u2013 Jeg er superstolt av hva disse tre har f\u00e5tt til\n        <\/p>\n<p>  <\/a><\/p>\n","protected":false},"excerpt":{"rendered":"VR (virtuell virkelighet) kan gjennom \u00e5 simulerer fysiske milj\u00f8 revolusjonere samfunnet. Og n\u00e5r vi sp\u00f8r AI hva VR&hellip;\n","protected":false},"author":2,"featured_media":31592,"comment_status":"","ping_status":"","sticky":false,"template":"","format":"standard","meta":{"footnotes":""},"categories":[56],"tags":[36,60,61,5048,5046,62,30,28,29,216,218,5047,1510,5049],"class_list":{"0":"post-31591","1":"post","2":"type-post","3":"status-publish","4":"format-standard","5":"has-post-thumbnail","7":"category-naeringsliv","8":"tag-art","9":"tag-business","10":"tag-economy","11":"tag-gsg","12":"tag-lebesby","13":"tag-naeringsliv","14":"tag-no","15":"tag-norge","16":"tag-norway","17":"tag-okonomi-og-naeringsliv","18":"tag-pluss","19":"tag-porsanger","20":"tag-story","21":"tag-virtuell-virkelighet"},"share_on_mastodon":{"url":"","error":""},"_links":{"self":[{"href":"https:\/\/www.europesays.com\/no\/wp-json\/wp\/v2\/posts\/31591","targetHints":{"allow":["GET"]}}],"collection":[{"href":"https:\/\/www.europesays.com\/no\/wp-json\/wp\/v2\/posts"}],"about":[{"href":"https:\/\/www.europesays.com\/no\/wp-json\/wp\/v2\/types\/post"}],"author":[{"embeddable":true,"href":"https:\/\/www.europesays.com\/no\/wp-json\/wp\/v2\/users\/2"}],"replies":[{"embeddable":true,"href":"https:\/\/www.europesays.com\/no\/wp-json\/wp\/v2\/comments?post=31591"}],"version-history":[{"count":0,"href":"https:\/\/www.europesays.com\/no\/wp-json\/wp\/v2\/posts\/31591\/revisions"}],"wp:featuredmedia":[{"embeddable":true,"href":"https:\/\/www.europesays.com\/no\/wp-json\/wp\/v2\/media\/31592"}],"wp:attachment":[{"href":"https:\/\/www.europesays.com\/no\/wp-json\/wp\/v2\/media?parent=31591"}],"wp:term":[{"taxonomy":"category","embeddable":true,"href":"https:\/\/www.europesays.com\/no\/wp-json\/wp\/v2\/categories?post=31591"},{"taxonomy":"post_tag","embeddable":true,"href":"https:\/\/www.europesays.com\/no\/wp-json\/wp\/v2\/tags?post=31591"}],"curies":[{"name":"wp","href":"https:\/\/api.w.org\/{rel}","templated":true}]}}