{"id":315913,"date":"2026-08-07T22:33:34","date_gmt":"2026-08-07T22:33:34","guid":{"rendered":"https:\/\/www.europesays.com\/no\/315913\/"},"modified":"2026-08-07T22:33:34","modified_gmt":"2026-08-07T22:33:34","slug":"avgjorelse-om-ballsal-ved-det-hvite-hus","status":"publish","type":"post","link":"https:\/\/www.europesays.com\/no\/315913\/","title":{"rendered":"Avgj\u00f8relse om ballsal ved Det hvite hus"},"content":{"rendered":"\n<p class=\"_lead_145nj_2 _lead_6fko5_53 layout-component text-serif-m layout-normal text-serif-l layout-component layout-wide layout-padded _wide_17hqh_1 layout-padded\">En f\u00f8deral ankedomstol beordrer at byggingen av en ny ballsal ved Det hvite hus stanses, og sier prosjektet m\u00e5 godkjennes av kongressen.<\/p>\n<p><img alt=\"Ballsalen bygges der den historiske \u00f8stfl\u00f8yen til Det hvite hus l\u00e5.  Foto: Tierney L. Cross \/ AP \/ NTB\" class=\"_image_jw3bv_65 layout-component layout-wide\" data-fullscreen- data-track-element-type=\"Article image fullscreen\" data-track-name=\"ImageFullscreen\" fetchpriority=\"high\" decoding=\"sync\" loading=\"eager\" height=\"5464\" itemprop=\"image\"  src=\"https:\/\/www.europesays.com\/no\/wp-content\/uploads\/2026\/08\/1786142014_855_ddbf04e3-2be5-3b52-b27e-416b617976f5.jpeg\"  style=\"object-position:0% 0%\" width=\"8192\"\/>Ballsalen bygges der den historiske \u00f8stfl\u00f8yen til Det hvite hus l\u00e5.  Foto: Tierney L. Cross \/ AP \/ NTB<\/p>\n<ul aria-hidden=\"true\" class=\"_images_ntbth_112\">\n<li><a class=\"_link_ntbth_117\" href=\"https:\/\/www.vg.no\/forfatter\/ntb\" style=\"z-index:1\" title=\"NTB\" rel=\"nofollow noopener\" target=\"_blank\"><img alt=\"Bilde av NTB\" class=\"_image_ntbth_93\" fetchpriority=\"low\" loading=\"lazy\" decoding=\"async\" itemprop=\"image\"  src=\"https:\/\/www.europesays.com\/no\/wp-content\/uploads\/2026\/08\/1786142014_57_c33980b0-5d07-4027-84a1-813f90a7c8d6.jpeg\"  width=\"480\"\/><\/a><\/li>\n<\/ul>\n<p> Oppdatert fredag 7. august kl. 17:54    <\/p>\n<ul class=\"_list_145nj_3 _list_64s2r_85 _unordered_145nj_106 text-sans-m\">\n<li class=\"_item_145nj_30\">En f\u00f8deral ankedomstol har stanset byggingen av en ny ballsal ved Det hvite hus.<\/li>\n<li class=\"_item_145nj_30\">Domstolen sier prosjektet m\u00e5 godkjennes av kongressen f\u00f8rst.<\/li>\n<li class=\"_item_145nj_30\">President Trump har 14 dager p\u00e5 \u00e5 anke avgj\u00f8relsen til USAs h\u00f8yesterett.<\/li>\n<li class=\"_item_145nj_30\">Planen omfatter ogs\u00e5 en seks etasjer dyp underjordisk bunker.<\/li>\n<li class=\"_item_145nj_30\">Kostnadene har \u00f8kt fra estimert 200 millioner til 600 millioner dollar.<\/li>\n<\/ul>\n<p>Vis mer <\/p>\n<p class=\"_paragraph_145nj_4 _paragraph_6fko5_10 layout-component text-serif-m layout-normal text-serif-m layout-padded\">President Donald Trump og hans administrasjon har 14 dager p\u00e5 \u00e5 anke avgj\u00f8relsen til USAs h\u00f8yesterett og avgj\u00f8relsen er dermed ikke rettskraftig. To dommere stemte for \u00e5 stanse byggingen, mens \u00e9n stemte mot.<\/p>\n<p class=\"_paragraph_145nj_4 _paragraph_6fko5_10 layout-component text-serif-m layout-normal text-serif-m layout-padded\">Retten mener prosjektet m\u00e5 godkjennes i kongressen f\u00f8r arbeidet kan fortsette.<\/p>\n<p>M\u00e5 godkjennes<\/p>\n<p class=\"_paragraph_145nj_4 _paragraph_6fko5_10 layout-component text-serif-m layout-normal text-serif-m layout-padded\">\u00c9n av dommerne, Richard Leon, slo fast at ingen f\u00f8deral lov \u00abkommer i n\u00e6rheten\u00bb av \u00e5 gi presidenten den n\u00f8dvendige fullmakten til \u00e5 bygge ballsalen uten \u00e5 f\u00e5 kongressens godkjenning.<\/p>\n<p class=\"_paragraph_145nj_4 _paragraph_6fko5_10 layout-component text-serif-m layout-normal text-serif-m layout-padded\">Planen om \u00e5 rive \u00f8stfl\u00f8yen til <a href=\"https:\/\/www.vg.no\/tag\/det-hvite-hus?utm_source=vg-article&amp;utm_medium=auto-tagger&amp;utm_campaign=pBVL6X\" class=\"_link_145nj_39\" rel=\"nofollow noopener\" target=\"_blank\">Det hvite hus<\/a> for \u00e5 bygge en ballsal har blitt kraftig kritisert fra flere hold siden prosjektet ble kjent. Politikere fra Det demokratiske partiet uttrykte sin motstand fra start og den ideelle organisasjonen National Trust for Historic Preservation valgte \u00e5 saks\u00f8ke Trump-administrasjonen kort tid etter byggingen startet.<\/p>\n<p class=\"_paragraph_145nj_4 _paragraph_6fko5_10 layout-component text-serif-m layout-normal text-serif-m layout-padded\">Trumps administrasjon argumenterer med at ballsalen er n\u00f8dvendig, ikke bare for \u00e5 kunne holde store formelle arrangementer, men ogs\u00e5 for \u00e5 ivareta sikkerheten i Det hvite hus.<\/p>\n<p class=\"_paragraph_145nj_4 _paragraph_6fko5_10 layout-component text-serif-m layout-normal text-serif-m layout-padded\">Planen innb\u00e6rer ogs\u00e5 \u00e5 bygge en seks etasjer dyp bunker under bakken, som blant annet skal romme helsetjenester og en dronebase p\u00e5 taket.<\/p>\n<p>H\u00f8y regning<\/p>\n<p class=\"_paragraph_145nj_4 _paragraph_6fko5_10 layout-component text-serif-m layout-normal text-serif-m layout-padded\">Prosjektet ble kunngjort i juli 2025 og ble f\u00f8rst estimert til \u00e5 koste 200 millioner dollar. Trump sa da at private donorer og selskaper ville ta regningen. Siden har prislappen \u00f8kt flere ganger.<\/p>\n<p class=\"_paragraph_145nj_4 _paragraph_6fko5_10 layout-component text-serif-m layout-normal text-serif-m layout-padded\">Trump-administrasjonen fastholder at prisen blir p\u00e5 rundt 400 millioner dollar. Men if\u00f8lge entrepren\u00f8ren som leder arbeidet, Clark Construction, ligger det siste anslaget p\u00e5 600 millioner dollar. Det tilsvarer rundt 5,7 milliarder kroner.<\/p>\n","protected":false},"excerpt":{"rendered":"En f\u00f8deral ankedomstol beordrer at byggingen av en ny ballsal ved Det hvite hus stanses, og sier prosjektet&hellip;\n","protected":false},"author":2,"featured_media":315914,"comment_status":"","ping_status":"","sticky":false,"template":"","format":"standard","meta":{"footnotes":"","_share_on_mastodon":"0"},"categories":[12],"tags":[20,21,73,5293,55,24,25,15,22,23,13,30,28,29,14,16,10121,26,27,42,43,44,45],"class_list":["post-315913","post","type-post","status-publish","format-standard","has-post-thumbnail","category-verden","tag-breaking-news","tag-breakingnews","tag-det-hvite-hus","tag-domstol","tag-donald-trump","tag-featured-news","tag-featurednews","tag-headlines","tag-latest-news","tag-latestnews","tag-news","tag-no","tag-norge","tag-norway","tag-nyheter","tag-overskrifter","tag-president","tag-top-stories","tag-topstories","tag-verden","tag-world","tag-world-news","tag-worldnews"],"share_on_mastodon":{"url":"https:\/\/pubeurope.com\/@no\/117056609207949522","error":""},"_links":{"self":[{"href":"https:\/\/www.europesays.com\/no\/wp-json\/wp\/v2\/posts\/315913","targetHints":{"allow":["GET"]}}],"collection":[{"href":"https:\/\/www.europesays.com\/no\/wp-json\/wp\/v2\/posts"}],"about":[{"href":"https:\/\/www.europesays.com\/no\/wp-json\/wp\/v2\/types\/post"}],"author":[{"embeddable":true,"href":"https:\/\/www.europesays.com\/no\/wp-json\/wp\/v2\/users\/2"}],"replies":[{"embeddable":true,"href":"https:\/\/www.europesays.com\/no\/wp-json\/wp\/v2\/comments?post=315913"}],"version-history":[{"count":0,"href":"https:\/\/www.europesays.com\/no\/wp-json\/wp\/v2\/posts\/315913\/revisions"}],"wp:featuredmedia":[{"embeddable":true,"href":"https:\/\/www.europesays.com\/no\/wp-json\/wp\/v2\/media\/315914"}],"wp:attachment":[{"href":"https:\/\/www.europesays.com\/no\/wp-json\/wp\/v2\/media?parent=315913"}],"wp:term":[{"taxonomy":"category","embeddable":true,"href":"https:\/\/www.europesays.com\/no\/wp-json\/wp\/v2\/categories?post=315913"},{"taxonomy":"post_tag","embeddable":true,"href":"https:\/\/www.europesays.com\/no\/wp-json\/wp\/v2\/tags?post=315913"}],"curies":[{"name":"wp","href":"https:\/\/api.w.org\/{rel}","templated":true}]}}