{"id":31593,"date":"2025-09-10T11:44:13","date_gmt":"2025-09-10T11:44:13","guid":{"rendered":"https:\/\/www.europesays.com\/no\/31593\/"},"modified":"2025-09-10T11:44:13","modified_gmt":"2025-09-10T11:44:13","slug":"bare-a-trykke-pa-kriseknappen","status":"publish","type":"post","link":"https:\/\/www.europesays.com\/no\/31593\/","title":{"rendered":"&#8211; Bare \u00e5 trykke p\u00e5 kriseknappen"},"content":{"rendered":"<p class=\"kicker \" style=\"\">H\u00f8yre:<\/p>\n<p>  H\u00f8yres valgfiasko truer partiets grep om bastionene Asker og B\u00e6rum.<\/p>\n<p>\n    VALGNEDERLAG: Etter en oppslutning p\u00e5 14,6 prosent m\u00e5tte H\u00f8yrets partileder Erna Solberg innse at de r\u00f8dgr\u00f8nne skal fortsette i regjering i fire \u00e5r til. Foto: Heiko Junge \/ NTB\n  <\/p>\n<p>    Kort fortalt<\/p>\n<p lang=\"nb-NO\">H\u00f8yre opplever en betydelig nedgang i oppslutning fra 20,4% til 14,6% nasjonalt.<\/p>\n<p lang=\"nb-NO\">I Asker og B\u00e6rum, tradisjonelle H\u00f8yre-bastioner, har partiet mistet betydelig st\u00f8tte.<\/p>\n<p lang=\"nb-NO\">Ordf\u00f8rer Lisbeth Hammer Krog mener partiet m\u00e5 evaluere strategien og utvikle ny politikk.<\/p>\n<p lang=\"nb-NO\">Fylkesleder Kari Sofie Bj\u00f8rnsen uttrykker skuffelse og understreker behovet for grundig evaluering.<\/p>\n<p class=\"italic ai-disclaimer\" data-lab-italic=\"italic\">Sammendraget er laget av ChatGPT og godkjent av B\u00f8rsen.<\/p>\n<p>      Vis mer<br \/>\n      Vis mindre<\/p>\n<p>H\u00f8yres valgfiasko har vakt stor oppsikt over hele landet, etter at partiet falt fra 20,4 til 14,6 prosents oppslutning.<\/p>\n<p>F\u00e5 steder er situasjonen mer dramatisk for partiet enn i Asker og B\u00e6rum. Begge kommunene har hatt H\u00f8yre-ordf\u00f8rer siden 1952, men n\u00e5 kan partiet st\u00e5 i fare for \u00e5 miste grepet fullstendig.\u00a0<\/p>\n<p>    <a itemprop=\"url\" href=\"https:\/\/borsen.dagbladet.no\/nyheter\/sug-pa-den-spetalen\/83568560\" rel=\"nofollow noopener\" target=\"_blank\"><\/p>\n<p>      <img loading=\"lazy\" decoding=\"async\" src=\"https:\/\/www.europesays.com\/no\/wp-content\/uploads\/2025\/09\/83569377.webp\" width=\"980\" height=\"441\" title=\"- Sug p\u00e5 den, Spetalen!!!\" alt=\"\" class=\"lazyload\" style=\"--aspect-ratio-image: 2.22; \"\/><\/p>\n<p>        &#8211; Sug p\u00e5 den, Spetalen!!!<\/p>\n<p>    <\/a><\/p>\n<p>Sl\u00e5r alarm\t<\/p>\n<p>I B\u00e6rum stuper H\u00f8yre fra 40,3 til 30,4 prosent, mens de i Asker faller fra 33,2 til 24,3 prosent og er omtrent jevnstore med Arbeiderpartiet og Frp.<\/p>\n<p>&#8211; Jeg kan ikke huske at det har skjedd tidligere, sier redakt\u00f8r i Budstikka, Dag Otter Johansen, til B\u00f8rsen.<\/p>\n<p>          <img loading=\"lazy\" decoding=\"async\" src=\"https:\/\/www.europesays.com\/no\/wp-content\/uploads\/2025\/09\/83573050.webp\" width=\"686\" height=\"392\" title=\"H\u00d8YREKOMMUNE: P\u00e5 Nes\u00f8ya i Asker bor flere av Norges rikeste. Kommunen har hatt H\u00f8yre-ordf\u00f8rer siden 1952, men partiets oppslutning har falt kraftig. Foto: Bj\u00f8rn Langsem \/ Dagbladet\" alt=\"\" class=\"\" style=\"--aspect-ratio-image: 1.75; \"\/><\/p>\n<p>\n          H\u00d8YREKOMMUNE: P\u00e5 Nes\u00f8ya i Asker bor flere av Norges rikeste. Kommunen har hatt H\u00f8yre-ordf\u00f8rer siden 1952, men partiets oppslutning har falt kraftig. Foto: Bj\u00f8rn Langsem \/ Dagbladet\n      <\/p>\n<p>I en <a href=\"https:\/\/www.budstikka.no\/bare-a-trykke-pa-kriseknappen\/o\/5-55-2081182\" rel=\"nofollow noopener\" target=\"_blank\">kommentar<\/a>\u00a0i avisa skriver han at det n\u00e5 er\u00a0\u00abbare \u00e5 trykke p\u00e5 kriseknappen\u00bb.<\/p>\n<p>&#8211; Hvis dette hadde v\u00e6rt et lokalvalg, kunne ikke H\u00f8yre ta det for gitt at de fikk beholde ordf\u00f8reren. I hvert fall ikke i Asker, der partiet har falt s\u00e5 kraftig at de er jevnstore med Arbeiderpartiet og Fremskrittspartiet, skriver Johansen.<\/p>\n<p>Bretter opp ermene\u00a0\t<\/p>\n<p>Ordf\u00f8rer i B\u00e6rum, Lisbeth Hammer Krog, er misforn\u00f8yd med valgresultatet, men p\u00e5peker at B\u00e6rum ble H\u00f8yres beste kommune.<\/p>\n<p>&#8211; Jeg blir fristet til \u00e5 si\u00a0\u00ablook to B\u00e6rum\u00bb, sier Krog.<\/p>\n<p>Hun tror H\u00f8yre ikke var spisse nok i valgkampen.<\/p>\n<p>    <a itemprop=\"url\" href=\"https:\/\/borsen.dagbladet.no\/nyheter\/stotter-erna-ma-fa-regien-selv\/83568342\" rel=\"nofollow noopener\" target=\"_blank\"><\/p>\n<p>      <img loading=\"lazy\" decoding=\"async\" src=\"https:\/\/www.europesays.com\/no\/wp-content\/uploads\/2025\/09\/83568850.webp\" width=\"980\" height=\"441\" title=\"St\u00f8tter Erna: - M\u00e5 f\u00e5 regien selv\" alt=\"\" class=\"lazyload\" style=\"--aspect-ratio-image: 2.22; \"\/><\/p>\n<p>        St\u00f8tter Erna: &#8211; M\u00e5 f\u00e5 regien selv<\/p>\n<p>    <\/a><\/p>\n<p>&#8211; Det ble mye Arbeiderpartiet og Frp, og vi havnet nok litt i skyggen. S\u00e5 tror jeg det at de borgerlige ikke klarte \u00e5 enes om statsministerkandidaten var \u00f8deleggende, sier Krog.<\/p>\n<p>Hun forteller at partiet n\u00e5 m\u00e5 evaluere grundig hva som har g\u00e5tt galt, men viser til at det ikke er lenge siden H\u00f8yre hadde nasjonal oppslutning p\u00e5 rundt 30 prosent. Dit vil ordf\u00f8reren tilbake.<\/p>\n<p>&#8211; I B\u00e6rum H\u00f8yre er vi sultne og bretter opp ermene, og er klar for \u00e5 utvikle ny og god politikk, sier Krog.\u00a0<\/p>\n<p>        VALGSEIER: Jonas Gahr St\u00f8re f\u00e5r fire nye \u00e5r i statsministerboligen. Politisk kommentator, Lars Helle, oppsummerer h\u00f8ydepunktene fra valgdagen. Video: Silja Furset<\/p>\n<p>&#8211; Veldig skuffet\t<\/p>\n<p>I Akershus endte H\u00f8yre p\u00e5 19,5 prosent, ned fra 27,4 prosent ved forrige valg. H\u00f8yres fylkesleder i Akershus, Kari Sofie Bj\u00f8rnsen, er veldig skuffet over resultatet.<\/p>\n<p>&#8211; Jeg er veldig skuffet over at vi ikke klarte \u00e5 f\u00e5 til et bedre resultat. Til tross for superinnsats klarte vi ikke \u00e5 st\u00e5 samlet p\u00e5 borgerlig side, eller \u00e5 f\u00e5 ut politikken v\u00e5r godt nok, sier Bj\u00f8rnsen.<\/p>\n<p>    <a itemprop=\"url\" href=\"https:\/\/borsen.dagbladet.no\/nyheter\/beklager-falskt-intervju-med-ola-svenneby\/83566866\" rel=\"nofollow noopener\" target=\"_blank\"><\/p>\n<p>      <img loading=\"lazy\" decoding=\"async\" src=\"https:\/\/www.europesays.com\/no\/wp-content\/uploads\/2025\/09\/1757504652_126_83567515.webp\" width=\"980\" height=\"441\" title=\"Beklager falskt intervju\" alt=\"\" class=\"lazyload\" style=\"--aspect-ratio-image: 2.22; \"\/><\/p>\n<p>        Beklager falskt intervju\u00a0<\/p>\n<p>    <\/a><\/p>\n<p>Hun mener det er flere ting som har medvirket til valgnederlaget, men at det er for tidlig \u00e5 konkludere om hva.<\/p>\n<p>&#8211; Vi m\u00e5 evaluere dette grundig, sier Bj\u00f8rnsen.<\/p>\n<p>Fylkeslederen \u00f8nsker ikke \u00e5 uttale seg om ledervervet, men mener det er mange potensielle kandidater til \u00e5 ta over n\u00e5r partiet en dag er klare for et lederskifte.<\/p>\n<p>    <a itemprop=\"url\" href=\"https:\/\/borsen.dagbladet.no\/nyheter\/sveits-utflyttere-reagerer-pa-fleip\/83567211\" rel=\"nofollow noopener\" target=\"_blank\"><\/p>\n<p>      <img loading=\"lazy\" decoding=\"async\" src=\"https:\/\/www.europesays.com\/no\/wp-content\/uploads\/2025\/09\/83567615.webp\" width=\"980\" height=\"441\" title=\"Sveits-utflyttere reagerer p\u00e5 fleip\" alt=\"\" class=\"lazyload\" style=\"--aspect-ratio-image: 2.22; \"\/><\/p>\n<p>        Sveits-utflyttere reagerer p\u00e5 fleip<\/p>\n<p>    <\/a><\/p>\n<p class=\"italic m-italic\" data-lab-italic=\"italic\">&#8211; Etter en s\u00e5 stor nedgang selv i H\u00f8yre-bastionene Asker og B\u00e6rum &#8211; hvordan skal dere klare \u00e5 hente dere inn igjen?<\/p>\n<p>&#8211; Det skal vi klare. Det er to \u00e5r til neste valg, og dette sl\u00e5r vi oss ikke til ro med.<\/p>\n<p class=\"italic m-italic\" data-lab-italic=\"italic\">&#8211; Er du bekymret?<\/p>\n<p>&#8211; Jeg er veldig opptatt av at vi skal gj\u00f8re det bedre. Det er et spark bak til \u00e5 gj\u00f8re enda mer for \u00e5 synliggj\u00f8re v\u00e5r politikk. <\/p>\n","protected":false},"excerpt":{"rendered":"H\u00f8yre: H\u00f8yres valgfiasko truer partiets grep om bastionene Asker og B\u00e6rum. VALGNEDERLAG: Etter en oppslutning p\u00e5 14,6 prosent&hellip;\n","protected":false},"author":2,"featured_media":31594,"comment_status":"","ping_status":"","sticky":false,"template":"","format":"standard","meta":{"footnotes":""},"categories":[10],"tags":[2834,996,997,20,21,327,24,25,15,762,22,23,13,30,28,29,14,16,776,26,27],"class_list":{"0":"post-31593","1":"post","2":"type-post","3":"status-publish","4":"format-standard","5":"has-post-thumbnail","7":"category-norge","8":"tag-akershus","9":"tag-asker","10":"tag-baerum","11":"tag-breaking-news","12":"tag-breakingnews","13":"tag-erna-solberg","14":"tag-featured-news","15":"tag-featurednews","16":"tag-headlines","17":"tag-hoyre","18":"tag-latest-news","19":"tag-latestnews","20":"tag-news","21":"tag-no","22":"tag-norge","23":"tag-norway","24":"tag-nyheter","25":"tag-overskrifter","26":"tag-stortingsvalg-2025","27":"tag-top-stories","28":"tag-topstories"},"share_on_mastodon":{"url":"","error":""},"_links":{"self":[{"href":"https:\/\/www.europesays.com\/no\/wp-json\/wp\/v2\/posts\/31593","targetHints":{"allow":["GET"]}}],"collection":[{"href":"https:\/\/www.europesays.com\/no\/wp-json\/wp\/v2\/posts"}],"about":[{"href":"https:\/\/www.europesays.com\/no\/wp-json\/wp\/v2\/types\/post"}],"author":[{"embeddable":true,"href":"https:\/\/www.europesays.com\/no\/wp-json\/wp\/v2\/users\/2"}],"replies":[{"embeddable":true,"href":"https:\/\/www.europesays.com\/no\/wp-json\/wp\/v2\/comments?post=31593"}],"version-history":[{"count":0,"href":"https:\/\/www.europesays.com\/no\/wp-json\/wp\/v2\/posts\/31593\/revisions"}],"wp:featuredmedia":[{"embeddable":true,"href":"https:\/\/www.europesays.com\/no\/wp-json\/wp\/v2\/media\/31594"}],"wp:attachment":[{"href":"https:\/\/www.europesays.com\/no\/wp-json\/wp\/v2\/media?parent=31593"}],"wp:term":[{"taxonomy":"category","embeddable":true,"href":"https:\/\/www.europesays.com\/no\/wp-json\/wp\/v2\/categories?post=31593"},{"taxonomy":"post_tag","embeddable":true,"href":"https:\/\/www.europesays.com\/no\/wp-json\/wp\/v2\/tags?post=31593"}],"curies":[{"name":"wp","href":"https:\/\/api.w.org\/{rel}","templated":true}]}}