{"id":315931,"date":"2026-08-07T22:56:03","date_gmt":"2026-08-07T22:56:03","guid":{"rendered":"https:\/\/www.europesays.com\/no\/315931\/"},"modified":"2026-08-07T22:56:03","modified_gmt":"2026-08-07T22:56:03","slug":"europa-torker","status":"publish","type":"post","link":"https:\/\/www.europesays.com\/no\/315931\/","title":{"rendered":"Europa t\u00f8rker"},"content":{"rendered":"\n<p class=\"_paragraph_145nj_4 _paragraph_6fko5_10 layout-component text-serif-m layout-normal text-serif-m layout-padded\"><strong class=\"_strong_145nj_25\">Europas elver krymper i varmen. Lavere vannstand rammer kraftproduksjon, transport og selskapenes inntjening<\/strong>.<\/p>\n<p class=\"_paragraph_145nj_4 _paragraph_6fko5_10 layout-component text-serif-m layout-normal text-serif-m layout-padded\">Europas st\u00f8rste elver opplever konsekvensene av t\u00f8rke og heteb\u00f8lger. Vannstanden i elvene er rekordlav, og det f\u00f8rer til mindre kapasitet for varetransport, redusert str\u00f8mproduksjon og d\u00e5rligere inntjening for en rekke akt\u00f8rer.<\/p>\n<p> Tyskland:<img alt=\"\" class=\"_image_jw3bv_65 layout-component layout-left\" data-fullscreen- data-track-element-type=\"Article image fullscreen\" data-track-name=\"ImageFullscreen\" decoding=\"async\" loading=\"lazy\" height=\"3113\" itemprop=\"image\"  src=\"https:\/\/www.europesays.com\/no\/wp-content\/uploads\/2026\/08\/e7254e2f-0c54-31c9-a3ab-ad58d85b1746.jpeg\"  style=\"object-position:0% 0%\" width=\"4670\"\/><img alt=\"\" class=\"_image_jw3bv_65 layout-component layout-right\" data-fullscreen- data-track-element-type=\"Article image fullscreen\" data-track-name=\"ImageFullscreen\" decoding=\"async\" loading=\"lazy\" height=\"5504\" itemprop=\"image\"  src=\"https:\/\/www.europesays.com\/no\/wp-content\/uploads\/2026\/08\/96089d3a-c65c-3d61-9ca3-d576496c390b.jpeg\"  style=\"object-position:0% 0%\" width=\"8256\"\/><img alt=\"Foto: Thilo Schmuelgen \/ Reuters \/ NTB\" class=\"_image_jw3bv_65 layout-component layout-left\" data-fullscreen- data-track-element-type=\"Article image fullscreen\" data-track-name=\"ImageFullscreen\" decoding=\"async\" loading=\"lazy\" height=\"3655\" itemprop=\"image\"  src=\"https:\/\/www.europesays.com\/no\/wp-content\/uploads\/2026\/08\/e7eebf43-01ad-3ef2-a215-46892dcafa3a.jpeg\"  style=\"object-position:0% 0%\" width=\"5500\"\/>Foto: Thilo Schmuelgen \/ Reuters \/ NTB<\/p>\n<p class=\"_paragraph_145nj_4 _paragraph_6fko5_10 layout-component text-serif-m layout-normal text-serif-m layout-padded\">Europa opplever den raskeste oppvarmingen av alle kontinenter. Rekordh\u00f8ye heteb\u00f8lger har gitt omfattende t\u00f8rke \u2013 og dermed behovet for \u00e5 tenke nytt om blant annet elvenes betydning. Situasjonen setter s\u00f8kelyset p\u00e5 de \u00f8konomiske konsekvensene av ekstrem varme og uforutsigbar nedb\u00f8r.<\/p>\n<p class=\"_paragraph_145nj_4 _paragraph_6fko5_10 layout-component text-serif-m layout-normal text-serif-m layout-padded\"><strong class=\"_strong_145nj_25\">Trykk p\u00e5 pilen og se f\u00f8r- og n\u00e5-bilde av elven Donau:<\/strong><\/p>\n<p class=\"_paragraph_145nj_4 _paragraph_6fko5_10 layout-component text-serif-m layout-normal text-serif-m layout-padded\">Fra den travle havnen i Rotterdam til vannkraftanlegg i Serbia har vannveiene blitt en mindre p\u00e5litelig m\u00e5te \u00e5 frakte varer som korn og olje p\u00e5.<\/p>\n<p> Serbia:<img alt=\"\" class=\"_image_jw3bv_65 layout-component layout-left\" data-fullscreen- data-track-element-type=\"Article image fullscreen\" data-track-name=\"ImageFullscreen\" decoding=\"async\" loading=\"lazy\" height=\"3016\" itemprop=\"image\"  src=\"https:\/\/www.europesays.com\/no\/wp-content\/uploads\/2026\/08\/c31d60cf-f491-38b3-bc7a-fbe355cd7234.jpeg\"  style=\"object-position:0% 0%\" width=\"4024\"\/><img alt=\"\" class=\"_image_jw3bv_65 layout-component layout-right\" data-fullscreen- data-track-element-type=\"Article image fullscreen\" data-track-name=\"ImageFullscreen\" decoding=\"async\" loading=\"lazy\" height=\"3948\" itemprop=\"image\"  src=\"https:\/\/www.europesays.com\/no\/wp-content\/uploads\/2026\/08\/d41d24eb-eae6-31a0-b086-6e8de7398429.jpeg\"  style=\"object-position:0% 0%\" width=\"5272\"\/><img alt=\"Foto: Zorana Jevtic \/ Reuters \/ NTB\" class=\"_image_jw3bv_65 layout-component layout-left\" data-fullscreen- data-track-element-type=\"Article image fullscreen\" data-track-name=\"ImageFullscreen\" decoding=\"async\" loading=\"lazy\" height=\"2635\" itemprop=\"image\"  src=\"https:\/\/www.europesays.com\/no\/wp-content\/uploads\/2026\/08\/2a1268f8-bce6-3e75-81ae-c305b12784c7.jpeg\"  style=\"object-position:0% 0%\" width=\"3836\"\/>Foto: Zorana Jevtic \/ Reuters \/ NTB<\/p>\n<p class=\"_paragraph_145nj_4 _paragraph_6fko5_10 layout-component text-serif-m layout-normal text-serif-m layout-padded\">Produksjonen av s\u00e5rt tiltrengt str\u00f8m til millioner av mennesker som fors\u00f8ker \u00e5 kj\u00f8le ned hjemmene sine, g\u00e5r ogs\u00e5 ned.<\/p>\n<p class=\"_paragraph_145nj_4 _paragraph_6fko5_10 layout-component text-serif-m layout-normal text-serif-m layout-padded\">Vraket av et tysk krigsskip fra andre verdenskrig har dukket opp i Donau ved Prahovo i Serbia, etter at t\u00f8rke har senket vannstanden.<\/p>\n<p><img alt=\"\" class=\"_image_jw3bv_65 layout-component layout-fullscreen\" data-fullscreen- data-track-element-type=\"Article image fullscreen\" data-track-name=\"ImageFullscreen\" decoding=\"async\" loading=\"lazy\" height=\"2166\" itemprop=\"image\"  src=\"https:\/\/www.europesays.com\/no\/wp-content\/uploads\/2026\/08\/3bc5be7a-f361-36d2-8a05-c60df143b28e.jpeg\"  style=\"object-position:47.70628078817734% 62.3730378578024%\" width=\"3248\"\/><\/p>\n<p class=\"_paragraph_145nj_4 _paragraph_6fko5_10 layout-component text-serif-m layout-normal text-serif-m layout-padded\">\u2013 Det rammer ikke bare \u00e9n region slik vi har sett tidligere, men hele det europeiske landskapet, sa Alessandro Armenia, kraftanalytiker i r\u00e5varedataselskapet Kpler.<\/p>\n<p> Polen:<img alt=\"\" class=\"_image_jw3bv_65 layout-component layout-left\" data-fullscreen- data-track-element-type=\"Article image fullscreen\" data-track-name=\"ImageFullscreen\" decoding=\"async\" loading=\"lazy\" height=\"2688\" itemprop=\"image\"  src=\"https:\/\/www.europesays.com\/no\/wp-content\/uploads\/2026\/08\/3c675a17-46cb-32d1-8687-95e52e0fb1b4.jpeg\"  style=\"object-position:0% 0%\" width=\"4032\"\/><img alt=\"\" class=\"_image_jw3bv_65 layout-component layout-right\" data-fullscreen- data-track-element-type=\"Article image fullscreen\" data-track-name=\"ImageFullscreen\" decoding=\"async\" loading=\"lazy\" height=\"3349\" itemprop=\"image\"  src=\"https:\/\/www.europesays.com\/no\/wp-content\/uploads\/2026\/08\/8191964e-1668-311e-a8a9-0183a14f70e0.jpeg\"  style=\"object-position:0% 0%\" width=\"5024\"\/><img alt=\"Foto: Kuba Stezycki \/ Reuters \/ NTB\" class=\"_image_jw3bv_65 layout-component layout-left\" data-fullscreen- data-track-element-type=\"Article image fullscreen\" data-track-name=\"ImageFullscreen\" decoding=\"async\" loading=\"lazy\" height=\"2603\" itemprop=\"image\"  src=\"https:\/\/www.europesays.com\/no\/wp-content\/uploads\/2026\/08\/1e98dbff-d5e0-3a86-9c11-f046d0375bce.jpeg\"  style=\"object-position:0% 0%\" width=\"3905\"\/>Foto: Kuba Stezycki \/ Reuters \/ NTB<\/p>\n<p class=\"_paragraph_145nj_4 _paragraph_6fko5_10 layout-component text-serif-m layout-normal text-serif-m layout-padded\">Kjernekraftproduksjonen i Ungarn og vannkraftproduksjonen i Serbia har falt p\u00e5 grunn av rekordlave vannstander langs Donau, som renner gjennom storbyer som Wien, Budapest og Beograd p\u00e5 veien fra Tyskland til Svartehavet.<\/p>\n<p> Storbritannia:<img alt=\"\" class=\"_image_jw3bv_65 layout-component layout-left\" data-fullscreen- data-track-element-type=\"Article image fullscreen\" data-track-name=\"ImageFullscreen\" decoding=\"async\" loading=\"lazy\" height=\"2168\" itemprop=\"image\"  src=\"https:\/\/www.europesays.com\/no\/wp-content\/uploads\/2026\/08\/2a1e3ad5-360a-3b09-b8c4-081e7fef71c7.jpeg\"  style=\"object-position:0% 0%\" width=\"3248\"\/><img alt=\"Foto: Eleanor Storey \/ Pa Photos \/ NTB\" class=\"_image_jw3bv_65 layout-component layout-right\" data-fullscreen- data-track-element-type=\"Article image fullscreen\" data-track-name=\"ImageFullscreen\" decoding=\"async\" loading=\"lazy\" height=\"1424\" itemprop=\"image\"  src=\"https:\/\/www.europesays.com\/no\/wp-content\/uploads\/2026\/08\/9b933ec5-e51c-3f4a-91c3-8bd6bd1e76a9.jpeg\"  style=\"object-position:0% 0%\" width=\"2144\"\/>Foto: Eleanor Storey \/ Pa Photos \/ NTB<\/p>\n<p class=\"_paragraph_145nj_4 _paragraph_6fko5_10 layout-component text-serif-m layout-normal text-serif-m layout-padded\">Kjernekraftverket Paks, som produserer nesten halvparten av Ungarns str\u00f8m, stengte mandag \u2013 og m\u00e5 muligens holde stengt i flere uker \u2013 fordi vannstanden i elven som forsyner anlegget med kj\u00f8levann, ventes \u00e5 forbli for lav til at det kan drives p\u00e5 en trygg m\u00e5te.<\/p>\n<p> Romania:<img alt=\"\" class=\"_image_jw3bv_65 layout-component layout-left\" data-fullscreen- data-track-element-type=\"Article image fullscreen\" data-track-name=\"ImageFullscreen\" decoding=\"async\" loading=\"lazy\" height=\"4667\" itemprop=\"image\"  src=\"https:\/\/www.europesays.com\/no\/wp-content\/uploads\/2026\/08\/28748efe-a8ca-3ea0-8073-13c22d7f2f34.jpeg\"  style=\"object-position:0% 0%\" width=\"7000\"\/><img alt=\"\" class=\"_image_jw3bv_65 layout-component layout-right\" data-fullscreen- data-track-element-type=\"Article image fullscreen\" data-track-name=\"ImageFullscreen\" decoding=\"async\" loading=\"lazy\" height=\"1984\" itemprop=\"image\"  src=\"https:\/\/www.europesays.com\/no\/wp-content\/uploads\/2026\/08\/40ba9c93-0c16-3c0b-8a94-e860371a734e.jpeg\"  style=\"object-position:0% 0%\" width=\"2976\"\/><img alt=\"Foto: DANIEL MIHAILESCU \/ AFP \/ NTB\" class=\"_image_jw3bv_65 layout-component layout-left\" data-fullscreen- data-track-element-type=\"Article image fullscreen\" data-track-name=\"ImageFullscreen\" decoding=\"async\" loading=\"lazy\" height=\"2212\" itemprop=\"image\"  src=\"https:\/\/www.europesays.com\/no\/wp-content\/uploads\/2026\/08\/f5517426-2c4d-3cb4-9451-defa777a5923.jpeg\"  style=\"object-position:0% 0%\" width=\"3681\"\/>Foto: DANIEL MIHAILESCU \/ AFP \/ NTB<\/p>\n<p class=\"_paragraph_145nj_4 _paragraph_6fko5_10 layout-component text-serif-m layout-normal text-serif-m layout-padded\">Ved Serbias st\u00f8rste vannkraftverk, Djerdap 1, har produksjonen falt til 20 prosent av kapasiteten, opplyste anleggets produksjonsdirekt\u00f8r Davor Maljokovic til Reuters.<\/p>\n<p class=\"_paragraph_145nj_4 _paragraph_6fko5_10 layout-component text-serif-m layout-normal text-serif-m layout-padded\">Den en gang brede skipsleia ved siden av kraftverket har krympet kraftig og blottlagt sandbanker.<\/p>\n<p class=\"_paragraph_145nj_4 _paragraph_6fko5_10 layout-component text-serif-m layout-normal text-serif-m layout-padded\">Vannmangelen har ogs\u00e5 forstyrret kj\u00f8lesystemene ved Serbias kullkraftverk i Kostolac og har tvunget fram kutt i produksjonen, opplyste det statlige energiselskapet EPS.<\/p>\n<p> \u00d8sterrike:<img alt=\"\" class=\"_image_jw3bv_65 layout-component layout-left\" data-fullscreen- data-track-element-type=\"Article image fullscreen\" data-track-name=\"ImageFullscreen\" decoding=\"async\" loading=\"lazy\" height=\"3671\" itemprop=\"image\"  src=\"https:\/\/www.europesays.com\/no\/wp-content\/uploads\/2026\/08\/c988935d-a68a-30ce-8dd3-bb3d2491ded0.jpeg\"  style=\"object-position:0% 0%\" width=\"5288\"\/><img alt=\"\" class=\"_image_jw3bv_65 layout-component layout-right\" data-fullscreen- data-track-element-type=\"Article image fullscreen\" data-track-name=\"ImageFullscreen\" decoding=\"async\" loading=\"lazy\" height=\"4601\" itemprop=\"image\"  src=\"https:\/\/www.europesays.com\/no\/wp-content\/uploads\/2026\/08\/80981a25-affe-3e84-8fc0-e5a772cbcbcf.jpeg\"  style=\"object-position:0% 0%\" width=\"7066\"\/><img alt=\"Foto: ROLAND SCHLAGER \/ AFP \/ NTB\" class=\"_image_jw3bv_65 layout-component layout-left\" data-fullscreen- data-track-element-type=\"Article image fullscreen\" data-track-name=\"ImageFullscreen\" decoding=\"async\" loading=\"lazy\" height=\"5223\" itemprop=\"image\"  src=\"https:\/\/www.europesays.com\/no\/wp-content\/uploads\/2026\/08\/ed9bd214-9b73-362c-80b7-2ba194067f62.jpeg\"  style=\"object-position:0% 0%\" width=\"7791\"\/>Foto: ROLAND SCHLAGER \/ AFP \/ NTB<\/p>\n<p class=\"_paragraph_145nj_4 _paragraph_6fko5_10 layout-component text-serif-m layout-normal text-serif-m layout-padded\">B\u00e5de Serbia og Ungarn sier de vil kompensere for tapene ved \u00e5 importere str\u00f8m \u2013 et kostbart tiltak n\u00e5r ettersp\u00f8rselen i spotmarkedet er h\u00f8y.<\/p>\n<p class=\"_paragraph_145nj_4 _paragraph_6fko5_10 layout-component text-serif-m layout-normal text-serif-m layout-padded\">Romanias statlige kjernekraftprodusent Nuclearelectrica m\u00e5tte ogs\u00e5 stenge en av sine to reaktorer i forrige uke av samme grunn, og den andre ventes snart \u00e5 f\u00f8lge etter.<\/p>\n<p class=\"_paragraph_145nj_4 _paragraph_6fko5_10 layout-component text-serif-m layout-normal text-serif-m layout-padded\">Landet risikerer da \u00e5 miste en femdel av str\u00f8mforsyningen.<\/p>\n<p class=\"_paragraph_145nj_4 _paragraph_6fko5_10 layout-component text-serif-m layout-normal text-serif-m layout-padded\">Frankrike har ogs\u00e5 m\u00e5ttet redusere kjernekraftproduksjonen p\u00e5 grunn av lave vannstander eller stigende elvetemperaturer.<\/p>\n<p class=\"_paragraph_145nj_4 _paragraph_6fko5_10 layout-component text-serif-m layout-normal text-serif-m layout-padded\">Energisektoren er ikke den eneste taperen.<\/p>\n<p class=\"_paragraph_145nj_4 _paragraph_6fko5_10 layout-component text-serif-m layout-normal text-serif-m layout-padded\">Cezar Gheorghe ved det rumenske r\u00e5dgivningsselskapet AGRIColumn forteller at b\u00f8nder langs Donau nylig hadde problemer med \u00e5 frakte avlingene sine, fordi lave vannstander hindret lektere fra \u00e5 bruke flere elvehavner.<\/p>\n<p> Italia:<img alt=\"\" class=\"_image_jw3bv_65 layout-component layout-left\" data-fullscreen- data-track-element-type=\"Article image fullscreen\" data-track-name=\"ImageFullscreen\" decoding=\"async\" loading=\"lazy\" height=\"2048\" itemprop=\"image\"  src=\"https:\/\/www.europesays.com\/no\/wp-content\/uploads\/2026\/08\/3ee3c0e2-6fc8-3781-bc23-2cd3b67410b3.jpeg\"  style=\"object-position:0% 0%\" width=\"3072\"\/><img alt=\"\" class=\"_image_jw3bv_65 layout-component layout-right\" data-fullscreen- data-track-element-type=\"Article image fullscreen\" data-track-name=\"ImageFullscreen\" decoding=\"async\" loading=\"lazy\" height=\"2048\" itemprop=\"image\"  src=\"https:\/\/www.europesays.com\/no\/wp-content\/uploads\/2026\/08\/76061069-5a9b-3fb0-9a35-9c13442b5e84.jpeg\"  style=\"object-position:0% 0%\" width=\"3072\"\/><img alt=\"Foto: RICCARDO ANTIMIANI \/ EPA \/ NTB\" class=\"_image_jw3bv_65 layout-component layout-left\" data-fullscreen- data-track-element-type=\"Article image fullscreen\" data-track-name=\"ImageFullscreen\" decoding=\"async\" loading=\"lazy\" height=\"2048\" itemprop=\"image\"  src=\"https:\/\/www.europesays.com\/no\/wp-content\/uploads\/2026\/08\/0c9f60e6-2b02-3353-b481-14011570cbc6.jpeg\"  style=\"object-position:0% 0%\" width=\"3072\"\/>Foto: RICCARDO ANTIMIANI \/ EPA \/ NTB<\/p>\n<p class=\"_paragraph_145nj_4 _paragraph_6fko5_10 layout-component text-serif-m layout-normal text-serif-m layout-padded\">\u2013 Bare havnene n\u00e6rmest Svartehavet er fortsatt i drift. Lekterne kommer ikke gjennom de andre, sa Gheorghe.<\/p>\n<p class=\"_paragraph_145nj_4 _paragraph_6fko5_10 layout-component text-serif-m layout-normal text-serif-m layout-padded\">Konsekvensene for b\u00f8ndene kan bli at de f\u00e5r lavere priser for kornet sitt. Alternativet er \u00e5 laste kornet over p\u00e5 lastebiler, men her kan det ogs\u00e5 bli mangel p\u00e5 lastebiler.<\/p>\n<p class=\"_paragraph_145nj_4 _paragraph_6fko5_10 layout-component text-serif-m layout-normal text-serif-m layout-padded\">Samtidig har varevolumet som fraktes p\u00e5 Rhinen til og fra Europas st\u00f8rste havn, Rotterdam, falt svakt hver uke siden begynnelsen av juli. Volumet ligger n\u00e5 rundt 10 prosent under normalt, if\u00f8lge en talsmann for Rotterdam havn.<\/p>\n<p class=\"_paragraph_145nj_4 _paragraph_6fko5_10 layout-component text-serif-m layout-normal text-serif-m layout-padded\">Kjemikalie- og oljetankere samt t\u00f8rrlasttankere er s\u00e6rlig hardt rammet, fordi de normalt er mer dypg\u00e5ende enn containerlektere.<\/p>\n<p class=\"_paragraph_145nj_4 _paragraph_6fko5_10 layout-component text-serif-m layout-normal text-serif-m layout-padded\"><strong class=\"_strong_145nj_25\">T\u00f8rke svekker inntjeningen<\/strong><\/p>\n<p class=\"_paragraph_145nj_4 _paragraph_6fko5_10 layout-component text-serif-m layout-normal text-serif-m layout-padded\">Det \u00f8sterrikske energiselskapet Verbund hentet rundt 85 prosent av str\u00f8mmen sin fra vannkraft i fjor. N\u00e5 opplyser selskapet at t\u00f8rken har kostet dem rundt 370 millioner euro i tapt inntjening i f\u00f8rste halv\u00e5r, sammenlignet med et normal\u00e5r.<\/p>\n<p class=\"_paragraph_145nj_4 _paragraph_6fko5_10 layout-component text-serif-m layout-normal text-serif-m layout-padded\">Det franske statseide energiselskapet EDF venter at \u00e5rsresultatet for 2026 vil falle med 10 prosent. \u00c5rsaken er lave str\u00f8mpriser og redusert produksjon under heteb\u00f8lgene.<\/p>\n<p class=\"_paragraph_145nj_4 _paragraph_6fko5_10 layout-component text-serif-m layout-normal text-serif-m layout-padded\">I Italia truer vannmangelen langs Po-elven b\u00e5de risavlingene og drikkevannet i nord. Sjefen for det regionale energiselskapet A2A, Renato Mazzoncini, venter at vannkraftproduksjonen i \u00e5r vil lande p\u00e5 3,9 TWh \u2013 under det historiske gjennomsnittet p\u00e5 4,1.<\/p>\n<p class=\"_paragraph_145nj_4 _paragraph_6fko5_10 layout-component text-serif-m layout-normal text-serif-m layout-padded\">\u2013 Noen av reservoarene v\u00e5re er under press, forteller han. \u2013 Kanskje vi m\u00e5 begynne \u00e5 danse regndansen, legger han til<\/p>\n","protected":false},"excerpt":{"rendered":"Europas elver krymper i varmen. Lavere vannstand rammer kraftproduksjon, transport og selskapenes inntjening. Europas st\u00f8rste elver opplever konsekvensene&hellip;\n","protected":false},"author":2,"featured_media":315932,"comment_status":"","ping_status":"","sticky":false,"template":"","format":"standard","meta":{"footnotes":"","_share_on_mastodon":"0"},"categories":[12],"tags":[290,20,21,24,25,15,1310,22,23,3153,13,30,28,29,14,16,8386,26,27,3543,42,43,44,45],"class_list":["post-315931","post","type-post","status-publish","format-standard","has-post-thumbnail","category-verden","tag-bildefortellingen","tag-breaking-news","tag-breakingnews","tag-featured-news","tag-featurednews","tag-headlines","tag-hetebolge","tag-latest-news","tag-latestnews","tag-nedbor","tag-news","tag-no","tag-norge","tag-norway","tag-nyheter","tag-overskrifter","tag-stromforsyning","tag-top-stories","tag-topstories","tag-vannkraft","tag-verden","tag-world","tag-world-news","tag-worldnews"],"share_on_mastodon":{"url":"https:\/\/pubeurope.com\/@no\/117056700170601165","error":""},"_links":{"self":[{"href":"https:\/\/www.europesays.com\/no\/wp-json\/wp\/v2\/posts\/315931","targetHints":{"allow":["GET"]}}],"collection":[{"href":"https:\/\/www.europesays.com\/no\/wp-json\/wp\/v2\/posts"}],"about":[{"href":"https:\/\/www.europesays.com\/no\/wp-json\/wp\/v2\/types\/post"}],"author":[{"embeddable":true,"href":"https:\/\/www.europesays.com\/no\/wp-json\/wp\/v2\/users\/2"}],"replies":[{"embeddable":true,"href":"https:\/\/www.europesays.com\/no\/wp-json\/wp\/v2\/comments?post=315931"}],"version-history":[{"count":0,"href":"https:\/\/www.europesays.com\/no\/wp-json\/wp\/v2\/posts\/315931\/revisions"}],"wp:featuredmedia":[{"embeddable":true,"href":"https:\/\/www.europesays.com\/no\/wp-json\/wp\/v2\/media\/315932"}],"wp:attachment":[{"href":"https:\/\/www.europesays.com\/no\/wp-json\/wp\/v2\/media?parent=315931"}],"wp:term":[{"taxonomy":"category","embeddable":true,"href":"https:\/\/www.europesays.com\/no\/wp-json\/wp\/v2\/categories?post=315931"},{"taxonomy":"post_tag","embeddable":true,"href":"https:\/\/www.europesays.com\/no\/wp-json\/wp\/v2\/tags?post=315931"}],"curies":[{"name":"wp","href":"https:\/\/api.w.org\/{rel}","templated":true}]}}