{"id":315975,"date":"2026-08-08T02:05:15","date_gmt":"2026-08-08T02:05:15","guid":{"rendered":"https:\/\/www.europesays.com\/no\/315975\/"},"modified":"2026-08-08T02:05:15","modified_gmt":"2026-08-08T02:05:15","slug":"ukrainske-myndigheter-tre-personer-drept-i-kyiv","status":"publish","type":"post","link":"https:\/\/www.europesays.com\/no\/315975\/","title":{"rendered":"Ukrainske myndigheter: Tre personer drept i Kyiv"},"content":{"rendered":"\n<p class=\"_lead_145nj_2 _lead_6fko5_53 layout-component text-serif-m layout-normal text-serif-l layout-component layout-wide layout-padded _wide_17hqh_1 layout-padded\">Det rapporteres om flere kraftige eksplosjoner natt til l\u00f8rdag.<\/p>\n<ul aria-hidden=\"true\" class=\"_images_ntbth_112\">\n<li><a class=\"_link_ntbth_117\" href=\"https:\/\/www.vg.no\/forfatter\/ingrid-bjoerndal-farestvedt\" style=\"z-index:1\" title=\"Ingrid Bj\u00f8rndal Farestvedt\" rel=\"nofollow noopener\" target=\"_blank\"><img alt=\"Bilde av Ingrid Bj\u00f8rndal Farestvedt\" class=\"_image_ntbth_93\" fetchpriority=\"low\" loading=\"lazy\" decoding=\"async\" itemprop=\"image\"  src=\"https:\/\/www.europesays.com\/no\/wp-content\/uploads\/2026\/08\/0ca626e9-b4bd-4417-836d-161b53cb789f.jpeg\"  width=\"480\"\/><\/a><\/li>\n<\/ul>\n<p> Oppdatert l\u00f8rdag 8. august kl. 03:04    <\/p>\n<ul class=\"_list_145nj_3 _list_64s2r_85 _unordered_145nj_106 text-sans-m\">\n<li class=\"_item_145nj_30\">Tre personer er drept i Kyiv natt til l\u00f8rdag, if\u00f8lge ukrainske myndigheter.<\/li>\n<li class=\"_item_145nj_30\">Angrepet skjedde i Brovary, nord\u00f8st for Kyiv.<\/li>\n<li class=\"_item_145nj_30\">Samtidig uler luftvernalarmen i hovedstaden. Reuters melder om flere kraftige eksplosjoner i byen natt til l\u00f8rdag.<\/li>\n<\/ul>\n<p>Vis mer <\/p>\n<p class=\"_paragraph_145nj_4 _paragraph_6fko5_10 layout-component text-serif-m layout-normal text-serif-m layout-padded\">\u2013 Dessverre er tre personer drept, blant dem et barn. Tre andre er skadet, blant dem ogs\u00e5 et barn, skriver Tymur Tkatsjenko i en melding p\u00e5 Telegram natt til l\u00f8rdag.<\/p>\n<p class=\"_paragraph_145nj_4 _paragraph_6fko5_10 layout-component text-serif-m layout-normal text-serif-m layout-padded\">Han er leder for milit\u00e6r\u00adadministrasjonen i Kyiv-regionen. <\/p>\n<p class=\"_paragraph_145nj_4 _paragraph_6fko5_10 layout-component text-serif-m layout-normal text-serif-m layout-padded\"><strong class=\"_strong_145nj_25\">Det russiske angrepet skal ha skjedd i Brovary, et omr\u00e5de nord\u00f8st for hovedstaden.<\/strong><\/p>\n<p class=\"_paragraph_145nj_4 _paragraph_6fko5_10 layout-component text-serif-m layout-normal text-serif-m layout-padded\">\u2013 Mine dypeste kondolanser g\u00e5r til de etterlatte, skriver Tkatsjenko videre.<\/p>\n<p class=\"_paragraph_145nj_4 _paragraph_6fko5_10 layout-component text-serif-m layout-normal text-serif-m layout-padded\">Samtidig uler luftvernalarmen i Kyiv. Reuters melder om flere kraftige eksplosjoner i byen natt til l\u00f8rdag.<\/p>\n<p class=\"_paragraph_145nj_4 _paragraph_6fko5_10 layout-component text-serif-m layout-normal text-serif-m layout-padded\">\u2013 Vennligst bli i tilfluktsrommene til luftvernsalarmen er avbl\u00e5st, st\u00e5r det i en Telegram-melding fra myndighetene natt til l\u00f8rdag.<\/p>\n<p class=\"_paragraph_145nj_4 _paragraph_6fko5_10 layout-component text-serif-m layout-normal text-serif-m layout-padded\">If\u00f8lge ordf\u00f8rer Vitalij Klitsjko har det oppst\u00e5tt branner i flere bygninger som f\u00f8lge av angrepene.<\/p>\n<p class=\"_paragraph_145nj_4 _paragraph_6fko5_10 layout-component text-serif-m layout-normal text-serif-m layout-padded\">Den siste tiden har det v\u00e6rt flere omfattende angrep mot Kyiv, der ukrainske soldater har slitt med \u00e5 skyte ned alt.<\/p>\n<p class=\"_paragraph_145nj_4 _paragraph_6fko5_10 layout-component text-serif-m layout-normal text-serif-m layout-padded\">Spesielt ballistiske missiler gj\u00f8r n\u00e5 stor skade i hovedstaden. En konkret \u00e5rsak er at Ukraina har g\u00e5tt tom for avanserte avskj\u00e6ringsmissiler.<\/p>\n<p class=\"_paragraph_145nj_4 _paragraph_6fko5_10 layout-component text-serif-m layout-normal text-serif-m layout-padded\">Juli ble den d\u00f8deligste m\u00e5neden for sivile i Ukraina siden v\u00e5ren 2022, da fullskalakrigen br\u00f8t ut, melder FN.<\/p>\n<p>Les ogs\u00e5<\/p>\n","protected":false},"excerpt":{"rendered":"Det rapporteres om flere kraftige eksplosjoner natt til l\u00f8rdag. Oppdatert l\u00f8rdag 8. august kl. 03:04 Tre personer er&hellip;\n","protected":false},"author":2,"featured_media":315976,"comment_status":"","ping_status":"","sticky":false,"template":"","format":"standard","meta":{"footnotes":"","_share_on_mastodon":"0"},"categories":[12],"tags":[31,20,21,24,25,15,179,3137,22,23,13,30,28,29,14,16,26,27,42,43,44,45],"class_list":["post-315975","post","type-post","status-publish","format-standard","has-post-thumbnail","category-verden","tag-breaking","tag-breaking-news","tag-breakingnews","tag-featured-news","tag-featurednews","tag-headlines","tag-krigen-i-ukraina","tag-kyiv","tag-latest-news","tag-latestnews","tag-news","tag-no","tag-norge","tag-norway","tag-nyheter","tag-overskrifter","tag-top-stories","tag-topstories","tag-verden","tag-world","tag-world-news","tag-worldnews"],"share_on_mastodon":{"url":"https:\/\/pubeurope.com\/@no\/117057443107384581","error":""},"_links":{"self":[{"href":"https:\/\/www.europesays.com\/no\/wp-json\/wp\/v2\/posts\/315975","targetHints":{"allow":["GET"]}}],"collection":[{"href":"https:\/\/www.europesays.com\/no\/wp-json\/wp\/v2\/posts"}],"about":[{"href":"https:\/\/www.europesays.com\/no\/wp-json\/wp\/v2\/types\/post"}],"author":[{"embeddable":true,"href":"https:\/\/www.europesays.com\/no\/wp-json\/wp\/v2\/users\/2"}],"replies":[{"embeddable":true,"href":"https:\/\/www.europesays.com\/no\/wp-json\/wp\/v2\/comments?post=315975"}],"version-history":[{"count":0,"href":"https:\/\/www.europesays.com\/no\/wp-json\/wp\/v2\/posts\/315975\/revisions"}],"wp:featuredmedia":[{"embeddable":true,"href":"https:\/\/www.europesays.com\/no\/wp-json\/wp\/v2\/media\/315976"}],"wp:attachment":[{"href":"https:\/\/www.europesays.com\/no\/wp-json\/wp\/v2\/media?parent=315975"}],"wp:term":[{"taxonomy":"category","embeddable":true,"href":"https:\/\/www.europesays.com\/no\/wp-json\/wp\/v2\/categories?post=315975"},{"taxonomy":"post_tag","embeddable":true,"href":"https:\/\/www.europesays.com\/no\/wp-json\/wp\/v2\/tags?post=315975"}],"curies":[{"name":"wp","href":"https:\/\/api.w.org\/{rel}","templated":true}]}}