{"id":31609,"date":"2025-09-10T12:04:08","date_gmt":"2025-09-10T12:04:08","guid":{"rendered":"https:\/\/www.europesays.com\/no\/31609\/"},"modified":"2025-09-10T12:04:08","modified_gmt":"2025-09-10T12:04:08","slug":"nyheter-grenland-mye-nedbor-i-vente-folger-utviklingen-kontinuerlig","status":"publish","type":"post","link":"https:\/\/www.europesays.com\/no\/31609\/","title":{"rendered":"Nyheter, Grenland | Mye nedb\u00f8r i vente \u2013 f\u00f8lger utviklingen kontinuerlig"},"content":{"rendered":"\n<p><b>\u2013 Vi har ikke sendt ut farevarsel enn\u00e5, men vi vurderer det. Vi er litt usikker p\u00e5 om det blir store konsekvenser, sier vakthavende meteorolog Espen Biseth Granan ved Meteorologisk institutt (MET) til TA, onsdag.<\/b><\/p>\n<p>Tidligere i uka gikk MET ut p\u00e5 Twitter\/X og meldte at vi hadde en v\u00e5t uke i vente i s\u00f8r.<\/p>\n<p>\u2013 For hele uka kan det samlet komme opp mot 200 mm nedb\u00f8r i s\u00f8r, meldte de da.<\/p>\n<p>Mest nedb\u00f8r er det ventet i Telemark og lenger nord p\u00e5 \u00d8stlandet.<\/p>\n<p>\u2013 Allerede fra sent i kveld eller i l\u00f8pet av natta vil det komme nedb\u00f8r fra Agder og nord\u00f8stover gjennom Telemark.<\/p>\n<p>\u2013 Det drar seg til i l\u00f8pet av natta, for Telemarks del, sier meteorologen.<\/p>\n<p>   <img decoding=\"async\" width=\"4032\" height=\"3024\" fetchpriority=\"low\"  loading=\"lazy\"  src=\"https:\/\/www.europesays.com\/no\/wp-content\/uploads\/2025\/09\/1073cffe-503d-4756-909d-5ab3ad06e83c.jpeg\" alt=\"\" class=\"brick-c-cFOWSL\" style=\"--brick-image-ratio: 4032 \/ 3024;\"\/><\/p>\n<p>    \u2013 I den folkerike delen i Grenland blir det nedb\u00f8r der ogs\u00e5, men det blir ikke s\u00e5 intense mengder der, fortsetter\u00a0Biseth Granan.<br \/>\n    Foto: Rolf Hansen\/arkiv\n  <\/p>\n<p>  Gj\u00f8r forberedelser<\/p>\n<p>Nedb\u00f8ren som kommer i l\u00f8pet av natta vil passere relativt raskt. Allerede i morgen tidlig vil den bevege seg videre nord\u00f8stover, if\u00f8lge meteorologen.<\/p>\n<p>\u2013 Prognosene viser at det er grenseomr\u00e5dene mot Agder som er det omr\u00e5dene som f\u00e5r mest nedb\u00f8r.<\/p>\n<p><b>\u2013 I den folkerike delen i Grenland blir det nedb\u00f8r der ogs\u00e5, men det blir ikke s\u00e5 intense mengder der, fortsetter Biseth Granan.<\/b><\/p>\n<p>Ettersom den mest intense nedb\u00f8rsperioden skjer i l\u00f8pet av natten, r\u00e5des det til \u00e5 gj\u00f8re tiltak.<\/p>\n<p>\u2013 Det kan v\u00e6re greit \u00e5 gj\u00f8re tiltak, uansett. Overvannsproblematikk er noe man b\u00f8r tenke p\u00e5, slik at regnet har et sted \u00e5 gj\u00f8re av seg og ikke blir liggende.<\/p>\n<p><b>\u2013 S\u00f8rg for at sluk og lignende ikke er tett eller stengt, forteller han.<\/b><\/p>\n<p><b>Meteorologisk institutt vurderer fortl\u00f8pende om det skal sendes ut et farevarsel i l\u00f8pet av ettermiddagen og kvelden.<\/b><\/p>\n<p>\u2013 Selv om nedb\u00f8rsverdiene er der, er det lett for at det blir for mye farevarsler. Det gjelder \u00e5 finne en balanse, s\u00e5 n\u00e5 avventer vi og ser an v\u00e6ret i Agder, forteller han.<\/p>\n<p>I l\u00f8pet av en 12 timersperiode fra klokken 18 i kveld til klokken 0600 i morgen tidlig, m\u00e5 man regne med mellom 30\u201350 millimeter med nedb\u00f8r.<\/p>\n<p><b>\u2013 Man kan regne rundt 30\u201335 i Grenland og langs kysten, sier meteorologen. <\/b><\/p>\n<p>V\u00e5t helg<\/p>\n<p>Det har v\u00e6rt en varm h\u00f8st i Telemark hittil, men n\u00e5 ser det ut til at vi m\u00e5 forberede oss p\u00e5 lavere temperaturer og mer nedb\u00f8r.<\/p>\n<p>\u2013 Generelt sett en fuktig periode s\u00e5nn v\u00e6rmessig, sier meteorologen til TA.<\/p>\n<p><b>\u2013 Framover m\u00e5 man regne med nedb\u00f8r, fram mot helgen og gjennom helgen. Det er ikke sikkert det blir de st\u00f8rste verdiene, men det kommer noe regn hver dag, sier han.<\/b><\/p>\n<p><b> Biseth Granan tilf\u00f8yer likevel at det kan bli perioder med opphold.<\/b><\/p>\n<p>\u2013 Det kan kanskje ogs\u00e5 bli gl\u00f8tt av sol, avslutter vakthavende meteorolog Biseth Granan.<\/p>\n","protected":false},"excerpt":{"rendered":"\u2013 Vi har ikke sendt ut farevarsel enn\u00e5, men vi vurderer det. Vi er litt usikker p\u00e5 om&hellip;\n","protected":false},"author":2,"featured_media":31610,"comment_status":"","ping_status":"","sticky":false,"template":"","format":"standard","meta":{"footnotes":""},"categories":[10],"tags":[36,20,21,24,25,2108,15,22,23,1202,3153,13,30,28,29,14,16,1810,1510,992,26,27,387],"class_list":{"0":"post-31609","1":"post","2":"type-post","3":"status-publish","4":"format-standard","5":"has-post-thumbnail","7":"category-norge","8":"tag-art","9":"tag-breaking-news","10":"tag-breakingnews","11":"tag-featured-news","12":"tag-featurednews","13":"tag-grenland","14":"tag-headlines","15":"tag-latest-news","16":"tag-latestnews","17":"tag-meteorologisk-institutt","18":"tag-nedbor","19":"tag-news","20":"tag-no","21":"tag-norge","22":"tag-norway","23":"tag-nyheter","24":"tag-overskrifter","25":"tag-regn","26":"tag-story","27":"tag-telemark","28":"tag-top-stories","29":"tag-topstories","30":"tag-vaeret"},"share_on_mastodon":{"url":"","error":""},"_links":{"self":[{"href":"https:\/\/www.europesays.com\/no\/wp-json\/wp\/v2\/posts\/31609","targetHints":{"allow":["GET"]}}],"collection":[{"href":"https:\/\/www.europesays.com\/no\/wp-json\/wp\/v2\/posts"}],"about":[{"href":"https:\/\/www.europesays.com\/no\/wp-json\/wp\/v2\/types\/post"}],"author":[{"embeddable":true,"href":"https:\/\/www.europesays.com\/no\/wp-json\/wp\/v2\/users\/2"}],"replies":[{"embeddable":true,"href":"https:\/\/www.europesays.com\/no\/wp-json\/wp\/v2\/comments?post=31609"}],"version-history":[{"count":0,"href":"https:\/\/www.europesays.com\/no\/wp-json\/wp\/v2\/posts\/31609\/revisions"}],"wp:featuredmedia":[{"embeddable":true,"href":"https:\/\/www.europesays.com\/no\/wp-json\/wp\/v2\/media\/31610"}],"wp:attachment":[{"href":"https:\/\/www.europesays.com\/no\/wp-json\/wp\/v2\/media?parent=31609"}],"wp:term":[{"taxonomy":"category","embeddable":true,"href":"https:\/\/www.europesays.com\/no\/wp-json\/wp\/v2\/categories?post=31609"},{"taxonomy":"post_tag","embeddable":true,"href":"https:\/\/www.europesays.com\/no\/wp-json\/wp\/v2\/tags?post=31609"}],"curies":[{"name":"wp","href":"https:\/\/api.w.org\/{rel}","templated":true}]}}