{"id":31613,"date":"2025-09-10T12:06:08","date_gmt":"2025-09-10T12:06:08","guid":{"rendered":"https:\/\/www.europesays.com\/no\/31613\/"},"modified":"2025-09-10T12:06:08","modified_gmt":"2025-09-10T12:06:08","slug":"sport-fotball-fra-fkh-til-vard","status":"publish","type":"post","link":"https:\/\/www.europesays.com\/no\/31613\/","title":{"rendered":"Sport, Fotball | Fra FKH til Vard"},"content":{"rendered":"\n<p><b>FOTBALL: <\/b>20-\u00e5rige Martin Alvsaker l\u00e5nes ut fra FKH til Vard ut sesongen. Det melder Vard p\u00e5 sine Facebook-sider.<\/p>\n<p><b>\u2013 Martin komme inn som en spennende forsterkning til laget v\u00e5rt. Vi gleder oss til \u00e5 se hva han kan bidra med i sesongens siste og viktige kamper, skriver Vard.<\/b><\/p>\n<p>Alvsaker er fra Stord og har tidligere spilt for Trott og Stord. Han har v\u00e6rt i FKH siden 2021-sesongen.<\/p>\n<p>I januar 2024 forlenget han sin proffkontrakt med FKH ut 2027 og ble samtidig tatt opp som en del av A-stallen.<\/p>\n<p>  <a href=\"https:\/\/www.h-avis.no\/5-62-1644375\" class=\"related-teaser has-image default-story-teaser article--c-eRUmMG article--c-eRUmMG-jKCPdD-design-default\" rel=\"nofollow noopener\" target=\"_blank\"><\/p>\n<p>    <img decoding=\"async\" loading=\"lazy\"  src=\"https:\/\/www.europesays.com\/no\/wp-content\/uploads\/2025\/09\/IMG_2510.jpg\" alt=\"\" class=\"brick-c-cFOWSL\" style=\"\"\/><\/p>\n<p>\n            Les ogs\u00e5<\/p>\n<p>              Skrev ny kontrakt \u2013 tas opp i A-stallen\n        <\/p>\n<p>  <\/a><\/p>\n<p>Alvsaker fikk sin eliteseriedebut i serie\u00e5pningen mot Troms\u00f8 i mars, da han kom inn som innbytter. Totalt har det blitt fire innhopp denne sesongen og talt 51 minutter p\u00e5 banen.<\/p>\n<p>20-\u00e5ringen har med andre ord slitt med \u00e5 f\u00e5 det store gjennombruddet i FKH og h\u00e5per n\u00e5 p\u00e5 mer spilletid i Vard. Der skal han fors\u00f8ke \u00e5 bidra til \u00e5 snu trenden for et Vard-lag som ikke har vunnet siden 31. mai og som st\u00e5r i fare for \u00e5 rykke ned fra 2. divisjon.<\/p>\n<p>Fra Vard til FKH<\/p>\n<p>Det er ogs\u00e5 verdt \u00e5 registrere at Lorik Sadra Osdautaj onsdag har, if\u00f8lge <a href=\"https:\/\/www.fotball.no\/fotballdata\/klubb\/hjem\/?fiksId=711&amp;underside=siste_overganger\" rel=\"Follow nofollow noopener\" target=\"_blank\">Norges Fotballforbund sine nettsider<\/a>, meldt overgang motsatt vei, alts\u00e5 fra Vard til FKH. 16-\u00e5ringen startet Vards cupkamp mot Bjart i august og kom ogs\u00e5 inn som innbytter i seriekampen mot Lysekloster 30. august.<\/p>\n<p>Osdautaj, som er lillebror av Dion Osdautaj, er trolig tiltenkt en plass i FKHs rekruttstall. I tillegg har ogs\u00e5 Elias Reine-Haraldseide g\u00e5tt fra Vard til FKH onsdag.<\/p>\n<p>Fersk episode av Frelst:<\/p>\n<p>Les mer om: artikkelemnene<\/p>\n","protected":false},"excerpt":{"rendered":"FOTBALL: 20-\u00e5rige Martin Alvsaker l\u00e5nes ut fra FKH til Vard ut sesongen. Det melder Vard p\u00e5 sine Facebook-sider.&hellip;\n","protected":false},"author":2,"featured_media":31614,"comment_status":"","ping_status":"","sticky":false,"template":"","format":"standard","meta":{"footnotes":""},"categories":[59],"tags":[36,617,92,2636,30,28,29,83,82,1510,2821],"class_list":{"0":"post-31613","1":"post","2":"type-post","3":"status-publish","4":"format-standard","5":"has-post-thumbnail","7":"category-sport","8":"tag-art","9":"tag-fkh","10":"tag-fotball","11":"tag-lokalfotball","12":"tag-no","13":"tag-norge","14":"tag-norway","15":"tag-sport","16":"tag-sports","17":"tag-story","18":"tag-vard"},"share_on_mastodon":{"url":"","error":""},"_links":{"self":[{"href":"https:\/\/www.europesays.com\/no\/wp-json\/wp\/v2\/posts\/31613","targetHints":{"allow":["GET"]}}],"collection":[{"href":"https:\/\/www.europesays.com\/no\/wp-json\/wp\/v2\/posts"}],"about":[{"href":"https:\/\/www.europesays.com\/no\/wp-json\/wp\/v2\/types\/post"}],"author":[{"embeddable":true,"href":"https:\/\/www.europesays.com\/no\/wp-json\/wp\/v2\/users\/2"}],"replies":[{"embeddable":true,"href":"https:\/\/www.europesays.com\/no\/wp-json\/wp\/v2\/comments?post=31613"}],"version-history":[{"count":0,"href":"https:\/\/www.europesays.com\/no\/wp-json\/wp\/v2\/posts\/31613\/revisions"}],"wp:featuredmedia":[{"embeddable":true,"href":"https:\/\/www.europesays.com\/no\/wp-json\/wp\/v2\/media\/31614"}],"wp:attachment":[{"href":"https:\/\/www.europesays.com\/no\/wp-json\/wp\/v2\/media?parent=31613"}],"wp:term":[{"taxonomy":"category","embeddable":true,"href":"https:\/\/www.europesays.com\/no\/wp-json\/wp\/v2\/categories?post=31613"},{"taxonomy":"post_tag","embeddable":true,"href":"https:\/\/www.europesays.com\/no\/wp-json\/wp\/v2\/tags?post=31613"}],"curies":[{"name":"wp","href":"https:\/\/api.w.org\/{rel}","templated":true}]}}