{"id":31617,"date":"2025-09-10T12:13:45","date_gmt":"2025-09-10T12:13:45","guid":{"rendered":"https:\/\/www.europesays.com\/no\/31617\/"},"modified":"2025-09-10T12:13:45","modified_gmt":"2025-09-10T12:13:45","slug":"norske-eksperter-er-uenige-om-det-var-et-uhell-eller-en-provokasjon-da-russiske-droner-krenket-polsk-luftrom","status":"publish","type":"post","link":"https:\/\/www.europesays.com\/no\/31617\/","title":{"rendered":"Norske eksperter er uenige om det var et uhell eller en provokasjon da russiske droner krenket polsk luftrom"},"content":{"rendered":"\n<p class=\"_paragraph_ew2ao_4 _paragraph_xtcu6_10 layout-component text-serif-m layout-normal text-serif-m layout-padded\">\u2013 Mest sannsynlig ikke med vilje, sier f\u00f8rsteamanuensis ved Luftkrigsskolen Lars Peder Haga til VG.<\/p>\n<p class=\"_paragraph_ew2ao_4 _paragraph_xtcu6_10 layout-component text-serif-m layout-normal text-serif-m layout-padded\"><a href=\"https:\/\/www.vg.no\/tag\/polen?utm_source=vg-article&amp;utm_medium=auto-tagger&amp;utm_campaign=bmEQk3\" class=\"_link_ew2ao_39\" rel=\"nofollow noopener\" target=\"_blank\">Polens<\/a> statsminister Donald Tusk opplyser at det var 19 krenkelser av polsk luftrom natt til onsdag og at fire droner sannsynligvis ble skutt ned.<\/p>\n<p class=\"_paragraph_ew2ao_4 _paragraph_xtcu6_10 layout-component text-serif-m layout-normal text-serif-m layout-padded\">Tusk sier at de fleste dronene fl\u00f8y inn fra Belarus. En skadet drone ble funnet i landsbyen Czosnowka i Lublin-regionen. <\/p>\n<p class=\"_paragraph_ew2ao_4 _paragraph_xtcu6_10 layout-component text-serif-m layout-normal text-serif-m layout-padded\">Dariusz Stefaniuk, som sitter i det polske parlamentet, har delt bilder av huset og det som skal v\u00e6re en av dronene som ble funnet p\u00e5 et jorde like ved. Han er selv fra landsbyen.<\/p>\n<ul class=\"_gallery_1qa3s_23\" tabindex=\"0\">\n<li class=\"_item_1qa3s_37\" data-index=\"0\"><img decoding=\"async\" class=\"_image_foru8_23 _articleGallery_foru8_39\" data-fullscreen- width=\"1966\" height=\"1390\" itemprop=\"image\" loading=\"lazy\"  src=\"https:\/\/www.europesays.com\/no\/wp-content\/uploads\/2025\/09\/1ae6647a-c5b1-482d-9521-80084343e591\"  style=\"object-position:50% 50%;aspect-ratio:var(--gallery-aspect-ratio, 16 \/ 9)\"\/>Det som skal v\u00e6re en av Gerbera eller Shahed-dronene landet p\u00e5 et jorde i landsbyen Czosnowka i Lublin-regionen. Akkurat denne dronen skal ikke ha blitt skutt ned. Bildet ble delt av det polske parlamentsmedlemmet Dariusz Stefaniuk. som er fra Czosnowka. Foto: Dariusz Stefaniuk\/Facebook<\/li>\n<li class=\"_item_1qa3s_37\" data-index=\"1\"><img decoding=\"async\" class=\"_image_foru8_23 _articleGallery_foru8_39\" data-fullscreen- width=\"970\" height=\"830\" itemprop=\"image\" loading=\"lazy\"  src=\"https:\/\/www.europesays.com\/no\/wp-content\/uploads\/2025\/09\/b42abdec-2bfb-4714-a590-f0321fa4a107\"  style=\"object-position:50% 50%;aspect-ratio:var(--gallery-aspect-ratio, 16 \/ 9)\"\/>Et boligbygg i Lublin-regionen vest ble truffet av en russisk drone, if\u00f8lge polsk politi. Foto: Dariusz Stefaniuk\/Facebook<\/li>\n<li class=\"_item_1qa3s_37\" data-index=\"2\"><img decoding=\"async\" class=\"_image_foru8_23 _articleGallery_foru8_39\" data-fullscreen- width=\"1338\" height=\"1066\" itemprop=\"image\" loading=\"lazy\"  src=\"https:\/\/www.europesays.com\/no\/wp-content\/uploads\/2025\/09\/0f660c4e-9d59-44bc-8393-d74938baeb59\"  style=\"object-position:50% 50%;aspect-ratio:var(--gallery-aspect-ratio, 16 \/ 9)\"\/>Her skal en av dronene ha blitt funnet p\u00e5 et jorde. Foto: Dariusz Stefaniuk\/Facebook<\/li>\n<\/ul>\n<p>Det som skal v\u00e6re en av Gerbera eller Shahed-dronene landet p\u00e5 et jorde i landsbyen Czosnowka i Lublin-regionen. Akkurat denne dronen skal ikke ha blitt skutt ned. Bildet ble delt av det polske parlamentsmedlemmet Dariusz Stefaniuk. som er fra Czosnowka. Foto: Dariusz Stefaniuk\/Facebook<\/p>\n<p class=\"_paragraph_ew2ao_4 _paragraph_xtcu6_10 layout-component text-serif-m layout-normal text-serif-m layout-padded\">Grensekrenkelsen skjedde etter at det ukrainske luftforsvaret sent tirsdag kveld meldte om fiendtlige droner over vestlige deler av Ukraina, p\u00e5 vei mot byen Lutsk.<\/p>\n<p class=\"_paragraph_ew2ao_4 _paragraph_xtcu6_10 layout-component text-serif-m layout-normal text-serif-m layout-padded\">Polske og allierte jagerfly ble satt inn for \u00e5 sikre polsk luftrom. Befolkningen i tre regioner i Polen ble <a href=\"https:\/\/www.vg.no\/nyheter\/i\/pP3reW\/ukraina-russiske-droner-krenket-polsk-luftrom\" data-track-element-type=\"Link\" data-track-id=\"link:pP3reW\" class=\"_link_ew2ao_39\" rel=\"nofollow noopener\" target=\"_blank\">bedt om \u00e5 holde seg innend\u00f8rs<\/a>. <\/p>\n<p><img alt=\"Den polske generalstabssjefen Wieslaw Kukula ankommer regjeringsm\u00f8tet i Warszawa onsdag morgen.  Foto: Kacper Pempel \/ Reuters \/ NTB\" class=\"_image_qp4xg_65 layout-component layout-normal\" data-fullscreen- data-track-element-type=\"Article image fullscreen\" data-track-name=\"ImageFullscreen\" decoding=\"async\" loading=\"lazy\" height=\"3667\" itemprop=\"image\"  src=\"https:\/\/www.europesays.com\/no\/wp-content\/uploads\/2025\/09\/a18015a3-ba61-472e-a2cd-51dab505edd4\"  style=\"object-position:0% 0%\" width=\"5500\"\/>Den polske generalstabssjefen Wieslaw Kukula ankommer regjeringsm\u00f8tet i Warszawa onsdag morgen.  Foto: Kacper Pempel \/ Reuters \/ NTB<\/p>\n<p class=\"_paragraph_ew2ao_4 _paragraph_xtcu6_10 layout-component text-serif-m layout-normal text-serif-m layout-padded\">\u2013 Jeg kan ikke utelukke at det er en provokasjon, men holder det for mindre sannsynlig. Det er ikke i russisk interesse \u00e5 trekke Nato mer inn i krigen, sier Haga.<\/p>\n<p class=\"_paragraph_ew2ao_4 _paragraph_xtcu6_10 layout-component text-serif-m layout-normal text-serif-m layout-padded\">Polens statsminister Donald Tusk kalte regjeringen inn til et hastem\u00f8te onsdag morgen og sier at han er i kontinuerlig kontakt med NATOs generalsekret\u00e6r Mark Rutte.<\/p>\n<p class=\"_paragraph_ew2ao_4 _paragraph_xtcu6_10 layout-component text-serif-m layout-normal text-serif-m layout-padded\">\u2013 Indikasjoner tyder p\u00e5 at de russiske dronene i det polske luftrommet var der med vilje, og ikke var et uhell, sier EUs utenrikssjef Kaja Kallas if\u00f8lge Reuters onsdag morgen.<\/p>\n<p class=\"_paragraph_ew2ao_4 _paragraph_xtcu6_10 layout-component text-serif-m layout-normal text-serif-m layout-padded\">Ukrainas president Volodymyr Zelenskyj sier if\u00f8lge NTB at Ukraina s\u00e5 langt vet om at \u00e5tte droner krenket Polens luftrom natt til onsdag.<\/p>\n<p class=\"_paragraph_ew2ao_4 _paragraph_xtcu6_10 layout-component text-serif-m layout-normal text-serif-m layout-padded\">\u2013 \u00d8kende bevis tyder p\u00e5 at denne bevegelsen, denne retningen p\u00e5 angrepet, ikke var et uhell, sier Zelenskyj p\u00e5\u00a0<a href=\"https:\/\/x.com\/ZelenskyyUa\/status\/1965677630801211444\" class=\"_link_ew2ao_39\" rel=\"nofollow\">X\u00a0<\/a>onsdag morgen.<\/p>\n<p><img alt=\"Den internasjonale flyplassen i Polens hovedstad Warszawa ble stengt etter grensekrenkelsene.  Foto: WOJTEK RADWANSKI \/ AFP \/ NTB\" class=\"_image_qp4xg_65 layout-component layout-normal\" data-fullscreen- data-track-element-type=\"Article image fullscreen\" data-track-name=\"ImageFullscreen\" decoding=\"async\" loading=\"lazy\" height=\"5055\" itemprop=\"image\"  src=\"https:\/\/www.europesays.com\/no\/wp-content\/uploads\/2025\/09\/292ecaf7-7030-4f17-8c47-5c813a50fa4c\"  style=\"object-position:0% 0%\" width=\"7579\"\/>Den internasjonale flyplassen i Polens hovedstad Warszawa ble stengt etter grensekrenkelsene.  Foto: WOJTEK RADWANSKI \/ AFP \/ NTB<\/p>\n<p class=\"_paragraph_ew2ao_4 _paragraph_xtcu6_10 layout-component text-serif-m layout-normal text-serif-m layout-padded\">Lars Peder Haga, som forsker p\u00e5 russisk milit\u00e6rmakt, p\u00e5peker at grensekrenkelsen skjer samtidig med et veldig stort angrep med droner og kryssermissiler mot det vestlige Ukraina.<\/p>\n<p class=\"_paragraph_ew2ao_4 _paragraph_xtcu6_10 layout-component text-serif-m layout-normal text-serif-m layout-padded\">\u2013 Ved slik angrep har det tidligere skjedd at tilfeldige droner og missiler kommer over grensen. Det p\u00e5fallende denne gang er at s\u00e5 mange droner kom inn over Polen, mellom ti og tyve.<\/p>\n<p class=\"_paragraph_ew2ao_4 _paragraph_xtcu6_10 layout-component text-serif-m layout-normal text-serif-m layout-padded\">\u2013 Hva tror du kan v\u00e6re forklaringen?<\/p>\n<p class=\"_paragraph_ew2ao_4 _paragraph_xtcu6_10 layout-component text-serif-m layout-normal text-serif-m layout-padded\">\u2013 Enten kan det ha skjedd en feil n\u00e5r russerne har programmert rutene. Eller s\u00e5 er dronene forstyrret av elektronisk krigf\u00f8ring, slik at de ikke lenger vet hvor de befinner seg.<\/p>\n<p><img decoding=\"async\" alt=\"Bilde av Lars Peder Haga\" class=\"_image_ygndg_42\" height=\"51\" itemprop=\"image\" loading=\"lazy\"  src=\"https:\/\/www.europesays.com\/no\/wp-content\/uploads\/2025\/09\/32de0f41-85d5-4c6d-88cb-9ed6a5f273bb\"  width=\"40\"\/><strong class=\"_name_ygndg_51 title-serif-xs\">Lars Peder Haga<\/strong><\/p>\n<p class=\"_paragraph_ew2ao_4 text-sans-m _description_ygndg_56\">F\u00f8rsteamanuensis ved Luftkrigsskolen<\/p>\n<p class=\"_paragraph_ew2ao_4 _paragraph_xtcu6_10 layout-component text-serif-m layout-normal text-serif-m layout-padded\">Haga viser til at dronekrigen i Ukraina er voldsomt trappet opp det siste \u00e5ret.<\/p>\n<p class=\"_paragraph_ew2ao_4 _paragraph_xtcu6_10 layout-component text-serif-m layout-normal text-serif-m layout-padded\">\u2013 Flere m\u00e5 l\u00e6res opp til \u00e5 programmere dem, sjansene \u00f8ker for at de gj\u00f8r feil. N\u00e5r mange hundre droner settes inn i et angrep, \u00f8ker sjansen statistisk for at flere vil havne p\u00e5 feil sted.<\/p>\n<p class=\"_paragraph_ew2ao_4 _paragraph_xtcu6_10 layout-component text-serif-m layout-normal text-serif-m layout-padded\">Haga understreker at han er usikker og avventer mer informasjon fra polske myndigheter.<\/p>\n<p class=\"_paragraph_ew2ao_4 _paragraph_xtcu6_10 layout-component text-serif-m layout-normal text-serif-m layout-padded\">Hovedl\u00e6rer ved Krigsskolen Palle Ydsteb\u00f8 tviler sterkt p\u00e5 at nattens krenkelse av polsk luft- og landterritorium var et uhell.<\/p>\n<p class=\"_paragraph_ew2ao_4 _paragraph_xtcu6_10 layout-component text-serif-m layout-normal text-serif-m layout-padded\">\u2013 Jeg tror ikke det var et russisk angrep, men mer sannsynlig en provokasjon.<\/p>\n<p class=\"_paragraph_ew2ao_4 _paragraph_xtcu6_10 layout-component text-serif-m layout-normal text-serif-m layout-padded\">\u2013 Hvorfor skulle Russland \u00f8nske \u00e5 provosere?<\/p>\n<p class=\"_paragraph_ew2ao_4 _paragraph_xtcu6_10 layout-component text-serif-m layout-normal text-serif-m layout-padded\">\u2013 For \u00e5 oppn\u00e5 det de har jobbet med ganske lenge: \u00e5 svekke alliert samhold. De kan ha tolket Trumps unnfallenhet slik at dette kan de risikere. Blir ikke reaksjonene tydelige fra Nato og europeisk side, kan russerne tolke det som svakhet.<\/p>\n<p><img decoding=\"async\" alt=\"Bilde av Palle Ydsteb\u00f8\" class=\"_image_ygndg_42\" height=\"60\" itemprop=\"image\" loading=\"lazy\"  src=\"https:\/\/www.europesays.com\/no\/wp-content\/uploads\/2025\/09\/eac850d1-6831-498b-b370-6619d3a610a9\"  width=\"40\"\/><strong class=\"_name_ygndg_51 title-serif-xs\">Palle Ydsteb\u00f8<\/strong><\/p>\n<p class=\"_paragraph_ew2ao_4 text-sans-m _description_ygndg_56\">Hovedl\u00e6rer ved Krigsskolen<\/p>\n<p class=\"_paragraph_ew2ao_4 _paragraph_xtcu6_10 layout-component text-serif-m layout-normal text-serif-m layout-padded\">Ydsteb\u00f8 sier at de f\u00f8rste meldingene tyder p\u00e5 at dronene som krenket polsk luftrom, var uten sprengstoff &#8211; s\u00e5kalte narredroner som skal lure ukrainsk luftvern.<\/p>\n<p class=\"_paragraph_ew2ao_4 _paragraph_xtcu6_10 layout-component text-serif-m layout-normal text-serif-m layout-padded\">\u2013 Hvis det blir dokumentert at samtlige var uten v\u00e5pen, forsterker det teorien om at dette kan v\u00e6re en provokasjon. <\/p>\n<p class=\"_paragraph_ew2ao_4 _paragraph_xtcu6_10 layout-component text-serif-m layout-normal text-serif-m layout-padded\">Nils H\u00e5heim-Saers er overingeni\u00f8r ved dronegruppen i forskningsinstituttet NORCE.<\/p>\n<p class=\"_paragraph_ew2ao_4 _paragraph_xtcu6_10 layout-component text-serif-m layout-normal text-serif-m layout-padded\">\u2013 Ti tekniske feil er lite sannsynlig. Disse dronene fl\u00f8y nok den ruten russerne hadde planlagt, sier H\u00e5heim-Saers til VG.<\/p>\n<p class=\"_paragraph_ew2ao_4 _paragraph_xtcu6_10 layout-component text-serif-m layout-normal text-serif-m layout-padded\">Han forklarer at angrepsdroner blir programmert til \u00e5 treffe et angitt m\u00e5l og bruker rombaserte posisjonssensorer ombord som GPS og GlonassGlonassDet russiske satellittnavigasjonssystemet, tilsvarende GPS, som brukes til \u00e5 bestemme posisjoner. til \u00e5 bekrefte at de er p\u00e5 rett vei.<\/p>\n<p class=\"_paragraph_ew2ao_4 _paragraph_xtcu6_10 layout-component text-serif-m layout-normal text-serif-m layout-padded\">\u2013 Det er fullt mulig \u00e5 programmere feil. Men dette er fjernstyrte fly. De som sender dem av g\u00e5rde, vil se at de ikke flyr dit de skal og korrigere kursen underveis.<\/p>\n<p class=\"_paragraph_ew2ao_4 _paragraph_xtcu6_10 layout-component text-serif-m layout-normal text-serif-m layout-padded\">\u2013 Men de kan vel miste kontakten med dronene?<\/p>\n<p class=\"_paragraph_ew2ao_4 _paragraph_xtcu6_10 layout-component text-serif-m layout-normal text-serif-m layout-padded\">\u2013 Det kan skje hvis jammingjammingEn teknikk som brukes for \u00e5 blokkere eller forstyrre radiosignaler, slik at kommunikasjon blir vanskelig eller umulig. eller spoofingspoofingEn metode for \u00e5 lure et system til \u00e5 tro at det mottar signaler fra en annen kilde enn den egentlige. forvirret dronenes posisjonssystem. Men dronene som Russland bruker, er veldig motstandsdyktige mot elektronisk krigf\u00f8ring.<\/p>\n<p><img alt=\"Ukrainsk luftvern angriper russiske droner over Kyiv natt til onsdag.  Foto: SERGEI SUPINSKY \/ AFP\" class=\"_image_qp4xg_65 layout-component layout-normal\" data-fullscreen- data-track-element-type=\"Article image fullscreen\" data-track-name=\"ImageFullscreen\" decoding=\"async\" loading=\"lazy\" height=\"2352\" itemprop=\"image\"  src=\"https:\/\/www.europesays.com\/no\/wp-content\/uploads\/2025\/09\/e0cbefed-61f3-416a-ac7b-e82821fcdeb7\"  style=\"object-position:0% 0%\" width=\"2802\"\/>Ukrainsk luftvern angriper russiske droner over Kyiv natt til onsdag.  Foto: SERGEI SUPINSKY \/ AFP<\/p>\n<p class=\"_paragraph_ew2ao_4 _paragraph_xtcu6_10 layout-component text-serif-m layout-normal text-serif-m layout-padded\">H\u00e5heim-Saers mener at enkeltdroner p\u00e5 avveie kan forklares med teknisk feil.<\/p>\n<p class=\"_paragraph_ew2ao_4 _paragraph_xtcu6_10 layout-component text-serif-m layout-normal text-serif-m layout-padded\">\u2013 Men at droner skulle ramle over grensen ved en glipp i s\u00e5 stort antall, fremst\u00e5r som vanskelig \u00e5 forklare. Dette fremst\u00e5r mer som en n\u00f8ye planlagt russisk droneflygning i polsk luftrom, sier droneeksperten.<\/p>\n<p class=\"_paragraph_ew2ao_4 _paragraph_xtcu6_10 layout-component text-serif-m layout-normal text-serif-m layout-padded\">Den polske forsvarskommandoen opplyser at radar fulgte mer enn ti objekter og at de som \u00abkunne utgj\u00f8re en trussel\u00bb, ble n\u00f8ytralisert.<\/p>\n","protected":false},"excerpt":{"rendered":"\u2013 Mest sannsynlig ikke med vilje, sier f\u00f8rsteamanuensis ved Luftkrigsskolen Lars Peder Haga til VG. Polens statsminister Donald&hellip;\n","protected":false},"author":2,"featured_media":31618,"comment_status":"","ping_status":"","sticky":false,"template":"","format":"standard","meta":{"footnotes":""},"categories":[5],"tags":[20,21,1014,24,25,15,19,179,5053,22,23,17,18,13,30,5054,28,29,14,16,3603,26,27],"class_list":{"0":"post-31617","1":"post","2":"type-post","3":"status-publish","4":"format-standard","5":"has-post-thumbnail","7":"category-overskrifter","8":"tag-breaking-news","9":"tag-breakingnews","10":"tag-droner","11":"tag-featured-news","12":"tag-featurednews","13":"tag-headlines","14":"tag-hovedoppslag","15":"tag-krigen-i-ukraina","16":"tag-lars-peder-haga","17":"tag-latest-news","18":"tag-latestnews","19":"tag-main-news","20":"tag-mainnews","21":"tag-news","22":"tag-no","23":"tag-norce","24":"tag-norge","25":"tag-norway","26":"tag-nyheter","27":"tag-overskrifter","28":"tag-polen","29":"tag-top-stories","30":"tag-topstories"},"share_on_mastodon":{"url":"","error":""},"_links":{"self":[{"href":"https:\/\/www.europesays.com\/no\/wp-json\/wp\/v2\/posts\/31617","targetHints":{"allow":["GET"]}}],"collection":[{"href":"https:\/\/www.europesays.com\/no\/wp-json\/wp\/v2\/posts"}],"about":[{"href":"https:\/\/www.europesays.com\/no\/wp-json\/wp\/v2\/types\/post"}],"author":[{"embeddable":true,"href":"https:\/\/www.europesays.com\/no\/wp-json\/wp\/v2\/users\/2"}],"replies":[{"embeddable":true,"href":"https:\/\/www.europesays.com\/no\/wp-json\/wp\/v2\/comments?post=31617"}],"version-history":[{"count":0,"href":"https:\/\/www.europesays.com\/no\/wp-json\/wp\/v2\/posts\/31617\/revisions"}],"wp:featuredmedia":[{"embeddable":true,"href":"https:\/\/www.europesays.com\/no\/wp-json\/wp\/v2\/media\/31618"}],"wp:attachment":[{"href":"https:\/\/www.europesays.com\/no\/wp-json\/wp\/v2\/media?parent=31617"}],"wp:term":[{"taxonomy":"category","embeddable":true,"href":"https:\/\/www.europesays.com\/no\/wp-json\/wp\/v2\/categories?post=31617"},{"taxonomy":"post_tag","embeddable":true,"href":"https:\/\/www.europesays.com\/no\/wp-json\/wp\/v2\/tags?post=31617"}],"curies":[{"name":"wp","href":"https:\/\/api.w.org\/{rel}","templated":true}]}}