{"id":3162,"date":"2025-08-09T10:48:07","date_gmt":"2025-08-09T10:48:07","guid":{"rendered":"https:\/\/www.europesays.com\/no\/3162\/"},"modified":"2025-08-09T10:48:07","modified_gmt":"2025-08-09T10:48:07","slug":"alvorlig-frontkollisjon-mellom-bil-og-bobil-i-valer","status":"publish","type":"post","link":"https:\/\/www.europesays.com\/no\/3162\/","title":{"rendered":"Alvorlig frontkollisjon mellom bil og bobil i V\u00e5ler"},"content":{"rendered":"\n<p class=\"_lead_1bvmi_2 _lead_xtcu6_50 layout-component text-serif-m layout-normal text-serif-l layout-component layout-wide layout-padded _wide_17hqh_1 layout-padded\">\u00c9n person fremst\u00e5r alvorlig skadet og flys til sykehus med luftambulanse.<\/p>\n<ul aria-hidden=\"true\" class=\"_images_1y6fe_106\">\n<li><a class=\"_link_1y6fe_111\" href=\"https:\/\/www.vg.no\/forfatter\/elise-kvien\" style=\"z-index:1\" title=\"Elise Kvien\" rel=\"nofollow noopener\" target=\"_blank\"><img alt=\"Bilde av Elise Kvien\" class=\"_image_1y6fe_88\" fetchpriority=\"low\" loading=\"lazy\" decoding=\"async\" itemprop=\"image\"  src=\"https:\/\/akamai.vgc.no\/v2\/images\/e9d71b6f-2a15-4dd1-85be-ea8fb873046c?format=auto&amp;w=40&amp;s=a287caf7aacabd6ee03c3ad9c9767852aa4f32d1\"  width=\"480\"\/><\/a><\/li>\n<\/ul>\n<p> Oppdatert l\u00f8rdag 9. august kl. 11:42     <\/p>\n<p class=\"_paragraph_1bvmi_4 _paragraph_xtcu6_10 layout-component text-serif-m layout-normal text-serif-m layout-padded\">N\u00f8detatene rykket l\u00f8rdag ut etter melding om en frontkollisjon mellom bobil og personbil p\u00e5 riksvei 2 i V\u00e5ler.<\/p>\n<p class=\"_paragraph_1bvmi_4 _paragraph_xtcu6_10 layout-component text-serif-m layout-normal text-serif-m layout-padded\">Det var tre personer involvert i ulykken, melder politiet. <\/p>\n<p class=\"_paragraph_1bvmi_4 _paragraph_xtcu6_10 layout-component text-serif-m layout-normal text-serif-m layout-padded\">\u2013 F\u00f8rer av personbilen fraktes til sykehus med luftambulanse, og fremst\u00e5r som alvorlig men ikke kritisk skadet.<\/p>\n<p class=\"_paragraph_1bvmi_4 _paragraph_xtcu6_10 layout-component text-serif-m layout-normal text-serif-m layout-padded\">B\u00e5de f\u00f8rer og passasjer i bobilen fraktes med ambulanse til Hamar sykehus, men fremst\u00e5r ikke alvorlig skadet.<\/p>\n<p class=\"_paragraph_1bvmi_4 _paragraph_xtcu6_10 layout-component text-serif-m layout-normal text-serif-m layout-padded\">Fartsgrensen p\u00e5 stedet er 90 kilometer i timen. <\/p>\n<p class=\"_paragraph_1bvmi_4 _paragraph_xtcu6_10 layout-component text-serif-m layout-normal text-serif-m layout-padded\">Det er manuell dirigering p\u00e5 stedet. Nordg\u00e5ende felt er stengt, men s\u00f8rg\u00e5ende er \u00e5pent. <\/p>\n<p class=\"_paragraph_1bvmi_4 _paragraph_xtcu6_10 layout-component text-serif-m layout-normal text-serif-m layout-padded\">Politiet fikk melding om hendelsen klokken 10.41. <\/p>\n","protected":false},"excerpt":{"rendered":"\u00c9n person fremst\u00e5r alvorlig skadet og flys til sykehus med luftambulanse. Oppdatert l\u00f8rdag 9. august kl. 11:42 N\u00f8detatene&hellip;\n","protected":false},"author":2,"featured_media":3163,"comment_status":"","ping_status":"","sticky":false,"template":"","format":"standard","meta":{"footnotes":""},"categories":[10],"tags":[31,20,21,24,25,15,813,22,23,13,30,28,29,14,16,26,27,51],"class_list":{"0":"post-3162","1":"post","2":"type-post","3":"status-publish","4":"format-standard","5":"has-post-thumbnail","7":"category-norge","8":"tag-breaking","9":"tag-breaking-news","10":"tag-breakingnews","11":"tag-featured-news","12":"tag-featurednews","13":"tag-headlines","14":"tag-innlandet","15":"tag-latest-news","16":"tag-latestnews","17":"tag-news","18":"tag-no","19":"tag-norge","20":"tag-norway","21":"tag-nyheter","22":"tag-overskrifter","23":"tag-top-stories","24":"tag-topstories","25":"tag-ulykke"},"share_on_mastodon":{"url":"","error":""},"_links":{"self":[{"href":"https:\/\/www.europesays.com\/no\/wp-json\/wp\/v2\/posts\/3162","targetHints":{"allow":["GET"]}}],"collection":[{"href":"https:\/\/www.europesays.com\/no\/wp-json\/wp\/v2\/posts"}],"about":[{"href":"https:\/\/www.europesays.com\/no\/wp-json\/wp\/v2\/types\/post"}],"author":[{"embeddable":true,"href":"https:\/\/www.europesays.com\/no\/wp-json\/wp\/v2\/users\/2"}],"replies":[{"embeddable":true,"href":"https:\/\/www.europesays.com\/no\/wp-json\/wp\/v2\/comments?post=3162"}],"version-history":[{"count":0,"href":"https:\/\/www.europesays.com\/no\/wp-json\/wp\/v2\/posts\/3162\/revisions"}],"wp:featuredmedia":[{"embeddable":true,"href":"https:\/\/www.europesays.com\/no\/wp-json\/wp\/v2\/media\/3163"}],"wp:attachment":[{"href":"https:\/\/www.europesays.com\/no\/wp-json\/wp\/v2\/media?parent=3162"}],"wp:term":[{"taxonomy":"category","embeddable":true,"href":"https:\/\/www.europesays.com\/no\/wp-json\/wp\/v2\/categories?post=3162"},{"taxonomy":"post_tag","embeddable":true,"href":"https:\/\/www.europesays.com\/no\/wp-json\/wp\/v2\/tags?post=3162"}],"curies":[{"name":"wp","href":"https:\/\/api.w.org\/{rel}","templated":true}]}}