{"id":31627,"date":"2025-09-10T12:20:48","date_gmt":"2025-09-10T12:20:48","guid":{"rendered":"https:\/\/www.europesays.com\/no\/31627\/"},"modified":"2025-09-10T12:20:48","modified_gmt":"2025-09-10T12:20:48","slug":"hoyre-ledelsen-mottes-etter-krisevalget","status":"publish","type":"post","link":"https:\/\/www.europesays.com\/no\/31627\/","title":{"rendered":"H\u00f8yre-ledelsen m\u00f8ttes etter krisevalget"},"content":{"rendered":"\n<p class=\"_lead_ew2ao_2 _lead_xtcu6_50 layout-component text-serif-m layout-normal text-serif-l layout-component layout-wide layout-padded _wide_17hqh_1 layout-padded\">Ledelsen i H\u00f8yre har tirsdag v\u00e6rt samlet til m\u00f8te etter krisevalget. <\/p>\n<p><img alt=\"Ola Svenneby (i midten) kom ut hovedinngangen, som eneste i H\u00f8yres ledelse, da de var samlet til m\u00f8te tirsdag ettermiddag. Foto: Helge Mikalsen \/ VG\" class=\"_image_qp4xg_65 layout-component layout-wide\" data-fullscreen- data-track-element-type=\"Article image fullscreen\" data-track-name=\"ImageFullscreen\" fetchpriority=\"high\" decoding=\"sync\" loading=\"eager\" height=\"5504\" itemprop=\"image\"  src=\"https:\/\/www.europesays.com\/no\/wp-content\/uploads\/2025\/09\/08523225-a048-4deb-a41c-ef9491eb28ea\"  style=\"object-position:0% 0%\" width=\"8256\"\/>Ola Svenneby (i midten) kom ut hovedinngangen, som eneste i H\u00f8yres ledelse, da de var samlet til m\u00f8te tirsdag ettermiddag. Foto: Helge Mikalsen \/ VG Oppdatert tirsdag 9. september kl. 18:08     <\/p>\n<p class=\"_paragraph_ew2ao_4 _paragraph_xtcu6_10 layout-component text-serif-m layout-normal text-serif-m layout-padded\">H\u00f8yre fikk rekordsvake 14,6 prosent oppslutning ved stortingsvalget mandag. <a href=\"https:\/\/www.nrk.no\/norge\/hoyre-nestor-ber-solberg-ga-av-na_-peker-pa-frolich_-1.17563629\" class=\"_link_ew2ao_39\" rel=\"nofollow noopener\" target=\"_blank\">Det har <\/a>fra<a href=\"https:\/\/www.vg.no\/nyheter\/i\/dRydp1\/boe-ordfoerer-sture-pedersen-og-tidligere-oslo-ordfoerer-fabian-stang-erna-solberg-maa-gaa-av-som-hoeyre-leder\" data-track-element-type=\"Link\" data-track-id=\"link:dRydp1\" class=\"_link_ew2ao_39\" rel=\"nofollow noopener\" target=\"_blank\"> en rekke hold <\/a>kommet krav om at Solberg, etter over tyve \u00e5r som partileder, <a href=\"https:\/\/www.vg.no\/nyheter\/i\/4BMLVV\/erlend-svardal-boee-hoeyre-trenger-ny-politikk-og-ny-partileder\" data-track-element-type=\"Link\" data-track-id=\"link:4BMLVV\" class=\"_link_ew2ao_39\" rel=\"nofollow noopener\" target=\"_blank\">skal g\u00e5 av<\/a>.<\/p>\n<p class=\"_paragraph_ew2ao_4 _paragraph_xtcu6_10 layout-component text-serif-m layout-normal text-serif-m layout-padded\">Det var arbeidsutvalget i H\u00f8yre som m\u00f8ttes i H\u00f8yres Hus i Oslo sentrum klokken 1600.<\/p>\n<p class=\"_paragraph_ew2ao_4 _paragraph_xtcu6_10 layout-component text-serif-m layout-normal text-serif-m layout-padded\">De fleste deltagerne kom inn andre veier enn hovedinngangen, der pressen sto.<\/p>\n<p class=\"_paragraph_ew2ao_4 _paragraph_xtcu6_10 layout-component text-serif-m layout-normal text-serif-m layout-padded\">Bare Peter Fr\u00f8lich kom inn hovedd\u00f8ren.<\/p>\n<p class=\"_paragraph_ew2ao_4 _paragraph_xtcu6_10 layout-component text-serif-m layout-normal text-serif-m layout-padded\">P\u00e5 vei ut dro de ogs\u00e5 en annen vei enn hovedd\u00f8ren:<\/p>\n<p class=\"_paragraph_ew2ao_4 _paragraph_xtcu6_10 layout-component text-serif-m layout-normal text-serif-m layout-padded\">Erna Solberg \u00f8nsket \u00f8yensynlig ikke \u00e5 m\u00f8te pressens sp\u00f8rsm\u00e5l.<\/p>\n<p class=\"_paragraph_ew2ao_4 _paragraph_xtcu6_10 layout-component text-serif-m layout-normal text-serif-m layout-padded\">Bare Unge H\u00f8yre-leder Ola Svenneby kom ut hovedinngangen etter m\u00f8tet.<\/p>\n<p class=\"_paragraph_ew2ao_4 _paragraph_xtcu6_10 layout-component text-serif-m layout-normal text-serif-m layout-padded\">\u2013 Jeg vil egentlig ikke prate med dere n\u00e5, jeg skal hjem og forberede meg til debatten i kveld, sa han med henvisning til NRK-programmet. <\/p>\n<p class=\"_paragraph_ew2ao_4 _paragraph_xtcu6_10 layout-component text-serif-m layout-normal text-serif-m layout-padded\">Der blir den borgerlige kollapsen tema.<\/p>\n<p><img alt=\"Peter Fr\u00f8lich ankom H\u00f8yres Hus litt f\u00f8r klokken 1600.  Foto: Helge Mikalsen \/ VG\" class=\"_image_qp4xg_65 layout-component layout-normal\" data-fullscreen- data-track-element-type=\"Article image fullscreen\" data-track-name=\"ImageFullscreen\" decoding=\"async\" loading=\"lazy\" height=\"5504\" itemprop=\"image\"  src=\"https:\/\/www.europesays.com\/no\/wp-content\/uploads\/2025\/09\/19b88a5e-971d-4317-9d91-5e6bcc7840b5\"  style=\"object-position:0% 0%\" width=\"8256\"\/>Peter Fr\u00f8lich ankom H\u00f8yres Hus litt f\u00f8r klokken 1600.  Foto: Helge Mikalsen \/ VG<\/p>\n<p class=\"_paragraph_ew2ao_4 _paragraph_xtcu6_10 layout-component text-serif-m layout-normal text-serif-m layout-padded\">Pressesjef Cato Husab\u00f8 Fossen \u00f8nsket heller ikke \u00e5 gi noen utdypende kommentar, men henviste til at sentralstyrem\u00f8tet i partiet skal m\u00f8tes fredag.<\/p>\n<p class=\"_paragraph_ew2ao_4 _paragraph_xtcu6_10 layout-component text-serif-m layout-normal text-serif-m layout-padded\">Han skrev i en SMS til VG tirsdag at det vil g\u00e5 noe tid f\u00f8r partiet har svart p\u00e5 sp\u00f8rsm\u00e5l som pressen stiller om Solbergs fremtid som partileder.<\/p>\n<p class=\"_paragraph_ew2ao_4 _paragraph_xtcu6_10 layout-component text-serif-m layout-normal text-serif-m layout-padded\">Kilder sier til VG at arbeidsutvalget forberedte sentralstyrem\u00f8tet, hvor krisevalget skal p\u00e5 bordet.<\/p>\n<p class=\"_paragraph_ew2ao_4 _paragraph_xtcu6_10 layout-component text-serif-m layout-normal text-serif-m layout-padded\">Sentralstyremedlemmene skal f\u00e5 si sin mening om hva som gikk galt og eventuelle konsekvenser.<\/p>\n<p class=\"_paragraph_ew2ao_4 _paragraph_xtcu6_10 layout-component text-serif-m layout-normal text-serif-m layout-padded\">Arbeidsutvalget er ledelsen i H\u00f8yre, anf\u00f8rt at partileder Erna Solberg, 1. nestleder Henrik Asheim og 2. nestleder Tina Bru.<\/p>\n<p class=\"_paragraph_ew2ao_4 _paragraph_xtcu6_10 layout-component text-serif-m layout-normal text-serif-m layout-padded\">Der sitter ogs\u00e5 stortingsrepresentantene Peter Fr\u00f8lich og Ine Eriksen S\u00f8reide, samt leder i Unge H\u00f8yre, Ola Svenneby og leder i H\u00f8yres kvinneforum, Sandra Bruflot.<\/p>\n<p class=\"_paragraph_ew2ao_4 _paragraph_xtcu6_10 layout-component text-serif-m layout-normal text-serif-m layout-padded\">Fredag m\u00f8tes<a href=\"https:\/\/hoyre.no\/partiet\/personer\/politikere\/sentralstyret\/\" class=\"_link_ew2ao_39\" rel=\"nofollow noopener\" target=\"_blank\"> sentralstyret i H\u00f8yre <\/a>til evalueringsm\u00f8tet etter valget, p\u00e5 Gardermoen fra klokken 1000 til 1600. <\/p>\n","protected":false},"excerpt":{"rendered":"Ledelsen i H\u00f8yre har tirsdag v\u00e6rt samlet til m\u00f8te etter krisevalget. Ola Svenneby (i midten) kom ut hovedinngangen,&hellip;\n","protected":false},"author":2,"featured_media":31628,"comment_status":"","ping_status":"","sticky":false,"template":"","format":"standard","meta":{"footnotes":""},"categories":[5],"tags":[20,21,24,25,15,19,1213,22,23,17,18,13,30,28,281,29,14,16,199,26,27,205],"class_list":{"0":"post-31627","1":"post","2":"type-post","3":"status-publish","4":"format-standard","5":"has-post-thumbnail","7":"category-overskrifter","8":"tag-breaking-news","9":"tag-breakingnews","10":"tag-featured-news","11":"tag-featurednews","12":"tag-headlines","13":"tag-hovedoppslag","14":"tag-hoyre-h","15":"tag-latest-news","16":"tag-latestnews","17":"tag-main-news","18":"tag-mainnews","19":"tag-news","20":"tag-no","21":"tag-norge","22":"tag-norsk-politikk","23":"tag-norway","24":"tag-nyheter","25":"tag-overskrifter","26":"tag-stortingsvalg","27":"tag-top-stories","28":"tag-topstories","29":"tag-vgsamfunn"},"share_on_mastodon":{"url":"","error":""},"_links":{"self":[{"href":"https:\/\/www.europesays.com\/no\/wp-json\/wp\/v2\/posts\/31627","targetHints":{"allow":["GET"]}}],"collection":[{"href":"https:\/\/www.europesays.com\/no\/wp-json\/wp\/v2\/posts"}],"about":[{"href":"https:\/\/www.europesays.com\/no\/wp-json\/wp\/v2\/types\/post"}],"author":[{"embeddable":true,"href":"https:\/\/www.europesays.com\/no\/wp-json\/wp\/v2\/users\/2"}],"replies":[{"embeddable":true,"href":"https:\/\/www.europesays.com\/no\/wp-json\/wp\/v2\/comments?post=31627"}],"version-history":[{"count":0,"href":"https:\/\/www.europesays.com\/no\/wp-json\/wp\/v2\/posts\/31627\/revisions"}],"wp:featuredmedia":[{"embeddable":true,"href":"https:\/\/www.europesays.com\/no\/wp-json\/wp\/v2\/media\/31628"}],"wp:attachment":[{"href":"https:\/\/www.europesays.com\/no\/wp-json\/wp\/v2\/media?parent=31627"}],"wp:term":[{"taxonomy":"category","embeddable":true,"href":"https:\/\/www.europesays.com\/no\/wp-json\/wp\/v2\/categories?post=31627"},{"taxonomy":"post_tag","embeddable":true,"href":"https:\/\/www.europesays.com\/no\/wp-json\/wp\/v2\/tags?post=31627"}],"curies":[{"name":"wp","href":"https:\/\/api.w.org\/{rel}","templated":true}]}}