{"id":31631,"date":"2025-09-10T12:25:08","date_gmt":"2025-09-10T12:25:08","guid":{"rendered":"https:\/\/www.europesays.com\/no\/31631\/"},"modified":"2025-09-10T12:25:08","modified_gmt":"2025-09-10T12:25:08","slug":"dodstallet-fra-demonstrasjonene-i-nepal-stiger","status":"publish","type":"post","link":"https:\/\/www.europesays.com\/no\/31631\/","title":{"rendered":"D\u00f8dstallet fra demonstrasjonene i Nepal stiger"},"content":{"rendered":"\n<p class=\"_lead_ew2ao_2 _lead_xtcu6_50 layout-component text-serif-m layout-normal text-serif-l layout-component layout-wide layout-padded _wide_17hqh_1 layout-padded\">Nepals helsedepartement sier at 25 personer s\u00e5 langt har mistet livet i forbindelse med antikorrupsjons-demonstrasjonene i landet denne uken.<\/p>\n<p><img alt=\"Presidentboligen i Katmandu sto i brann etter demonstrasjoner tirsdag.  Foto: Prabin Ranabhat \/ AP \/ NTB\" class=\"_image_qp4xg_65 layout-component layout-wide\" data-fullscreen- data-track-element-type=\"Article image fullscreen\" data-track-name=\"ImageFullscreen\" fetchpriority=\"high\" decoding=\"sync\" loading=\"eager\" height=\"4465\" itemprop=\"image\"  src=\"https:\/\/www.europesays.com\/no\/wp-content\/uploads\/2025\/09\/f5c094d6-3ec6-4494-9bd2-a19a8f7b0f9f\"  style=\"object-position:0% 0%\" width=\"6698\"\/>Presidentboligen i Katmandu sto i brann etter demonstrasjoner tirsdag.  Foto: Prabin Ranabhat \/ AP \/ NTB<\/p>\n<ul aria-hidden=\"true\" class=\"_images_1y6fe_106\">\n<li><a class=\"_link_1y6fe_111\" href=\"https:\/\/www.vg.no\/forfatter\/ntb\" style=\"z-index:1\" title=\"NTB\" rel=\"nofollow noopener\" target=\"_blank\"><img alt=\"Bilde av NTB\" class=\"_image_1y6fe_88\" fetchpriority=\"low\" loading=\"lazy\" decoding=\"async\" itemprop=\"image\"  src=\"https:\/\/www.europesays.com\/no\/wp-content\/uploads\/2025\/09\/1757507108_660_c33980b0-5d07-4027-84a1-813f90a7c8d6\"  width=\"480\"\/><\/a><\/li>\n<\/ul>\n<p> Oppdatert onsdag 10. september kl. 13:49     <\/p>\n<p class=\"_paragraph_ew2ao_4 _paragraph_xtcu6_10 layout-component text-serif-m layout-normal text-serif-m layout-padded\">Minst 633 mennesker har kommet til skade, heter det videre fra departementet onsdag. <\/p>\n<p class=\"_paragraph_ew2ao_4 _paragraph_xtcu6_10 layout-component text-serif-m layout-normal text-serif-m layout-padded\">Tidligere har det blitt meldt om 19 d\u00f8de.<\/p>\n<p class=\"_paragraph_ew2ao_4 _paragraph_xtcu6_10 layout-component text-serif-m layout-normal text-serif-m layout-padded\">Tirsdag gikk <a href=\"https:\/\/www.vg.no\/tag\/nepal?utm_source=vg-article&amp;utm_medium=auto-tagger&amp;utm_campaign=MnO920\" class=\"_link_ew2ao_39\" rel=\"nofollow noopener\" target=\"_blank\">Nepals<\/a> statsminister K.P. Sharma Oli av som f\u00f8lge av den voldsomme uroen. Onsdag patruljerer soldater foran nasjonalforsamlingen og i folketomme gater i landets hovedstad Katmandu i fors\u00f8k p\u00e5 \u00e5 gjenopprette ro og orden. <\/p>\n<p class=\"_paragraph_ew2ao_4 _paragraph_xtcu6_10 layout-component text-serif-m layout-normal text-serif-m layout-padded\">Uroen br\u00f8t ut etter at regjeringen blokkerte tilgangen til over 20 sosiale medier fordi de ikke fulgte et p\u00e5bud om \u00e5 registrere seg og gi regjeringen innsyn. <\/p>\n<p class=\"_paragraph_ew2ao_4 _paragraph_xtcu6_10 layout-component text-serif-m layout-normal text-serif-m layout-padded\">Dette forbudet ble opphevet tidlig tirsdag. Arrang\u00f8rene bak demonstrasjonene har sagt at de dreier seg om regjeringens manglende innsats mot korrupsjon. <\/p>\n","protected":false},"excerpt":{"rendered":"Nepals helsedepartement sier at 25 personer s\u00e5 langt har mistet livet i forbindelse med antikorrupsjons-demonstrasjonene i landet denne&hellip;\n","protected":false},"author":2,"featured_media":31632,"comment_status":"","ping_status":"","sticky":false,"template":"","format":"standard","meta":{"footnotes":""},"categories":[12],"tags":[20,21,864,24,25,15,22,23,4881,13,30,28,29,14,16,26,27,42,43,44,45],"class_list":{"0":"post-31631","1":"post","2":"type-post","3":"status-publish","4":"format-standard","5":"has-post-thumbnail","7":"category-verden","8":"tag-breaking-news","9":"tag-breakingnews","10":"tag-demonstrasjoner","11":"tag-featured-news","12":"tag-featurednews","13":"tag-headlines","14":"tag-latest-news","15":"tag-latestnews","16":"tag-nepal","17":"tag-news","18":"tag-no","19":"tag-norge","20":"tag-norway","21":"tag-nyheter","22":"tag-overskrifter","23":"tag-top-stories","24":"tag-topstories","25":"tag-verden","26":"tag-world","27":"tag-world-news","28":"tag-worldnews"},"share_on_mastodon":{"url":"","error":""},"_links":{"self":[{"href":"https:\/\/www.europesays.com\/no\/wp-json\/wp\/v2\/posts\/31631","targetHints":{"allow":["GET"]}}],"collection":[{"href":"https:\/\/www.europesays.com\/no\/wp-json\/wp\/v2\/posts"}],"about":[{"href":"https:\/\/www.europesays.com\/no\/wp-json\/wp\/v2\/types\/post"}],"author":[{"embeddable":true,"href":"https:\/\/www.europesays.com\/no\/wp-json\/wp\/v2\/users\/2"}],"replies":[{"embeddable":true,"href":"https:\/\/www.europesays.com\/no\/wp-json\/wp\/v2\/comments?post=31631"}],"version-history":[{"count":0,"href":"https:\/\/www.europesays.com\/no\/wp-json\/wp\/v2\/posts\/31631\/revisions"}],"wp:featuredmedia":[{"embeddable":true,"href":"https:\/\/www.europesays.com\/no\/wp-json\/wp\/v2\/media\/31632"}],"wp:attachment":[{"href":"https:\/\/www.europesays.com\/no\/wp-json\/wp\/v2\/media?parent=31631"}],"wp:term":[{"taxonomy":"category","embeddable":true,"href":"https:\/\/www.europesays.com\/no\/wp-json\/wp\/v2\/categories?post=31631"},{"taxonomy":"post_tag","embeddable":true,"href":"https:\/\/www.europesays.com\/no\/wp-json\/wp\/v2\/tags?post=31631"}],"curies":[{"name":"wp","href":"https:\/\/api.w.org\/{rel}","templated":true}]}}