{"id":316335,"date":"2026-08-08T12:33:17","date_gmt":"2026-08-08T12:33:17","guid":{"rendered":"https:\/\/www.europesays.com\/no\/316335\/"},"modified":"2026-08-08T12:33:17","modified_gmt":"2026-08-08T12:33:17","slug":"sigrid-solbakk-raabe-avslorer-superforelska-og-lykkelig","status":"publish","type":"post","link":"https:\/\/www.europesays.com\/no\/316335\/","title":{"rendered":"Sigrid Solbakk Raabe avsl\u00f8rer: Superforelska og lykkelig"},"content":{"rendered":"<p class=\"kicker \" style=\"\">Sigrid:\u00a0<\/p>\n<p class=\"subtitle \" style=\"\">Artist Sigrid Solbakk Raabe \u00e5pner opp om eget kj\u00e6rlighetsliv, etter at hun tidligere i \u00e5r fortalte at hun hadde funnet lykken.\u00a0<\/p>\n<p>\n    \u00c5PNER OPP: \u00c5lesund-jenta Sigrid Solbakk Raabe er for tiden i USA for \u00e5 varme opp for Ed Sheeran,. Med seg p\u00e5 turen har hun en helt spesiell person. Foto: Andreas Fadum \/ Se og H\u00f8r\n  <\/p>\n<p>Tidligere i \u00e5r kunne artist Sigrid Solbakk Raabe (29) r\u00f8pe at hun hadde f\u00e5tt seg kj\u00e6reste. Avsl\u00f8ringen kom hun med fra scenen, midt under en konsert i London:\u00a0<\/p>\n<p>&#8211; Kj\u00e6resten min er her i kveld, og jeg vil imponere ham. Kan vi g\u00e5 s\u00e5 h\u00f8yt vi bare kan i kveld, London? S\u00e5 h\u00f8yt som dere noen gang har v\u00e6rt? Okei, la oss h\u00f8re det!, sa hun den gang, f\u00f8r hun og publikum sang \u00abStrangers\u00bb av full hals.<\/p>\n<p>    <a itemprop=\"url\" href=\"https:\/\/www.seher.no\/kjendis\/sigrid-til-se-og-hor-veldig-happy\/84539130\" rel=\"nofollow noopener\" target=\"_blank\"><\/p>\n<p>        <img loading=\"lazy\" decoding=\"async\" src=\"https:\/\/www.europesays.com\/no\/wp-content\/uploads\/2026\/08\/84539172.webp\" width=\"980\" height=\"441\" alt=\"\" class=\"lazyload\" style=\"--aspect-ratio-image: 2.22; \"\/><\/p>\n<p>        Sigrid til Se og H\u00f8r: &#8211; Veldig happy<\/p>\n<p>    <\/a><\/p>\n<p>I april bekreftet hun forholdet overfor <a href=\"https:\/\/www.seher.no\/kjendis\/sigrid-til-se-og-hor-veldig-happy\/84539130\" rel=\"nofollow noopener\" target=\"_blank\">Se og H\u00f8r<\/a>: \u00abJa, jeg har kj\u00e6reste. Han er ti av ti og jeg er veldig happy\u00bb, sa 29-\u00e5ringen den gang.\u00a0<\/p>\n<p>I tiden f\u00f8r kj\u00e6restenyheten ble avsl\u00f8rt, hadde artisten delt en rekke bilder av en mystisk mann p\u00e5 Instagram.\u00a0<\/p>\n<p>        STAS: Artisten Sigrid er nominert i flere kategorier til \u00e5rets Spellemann, men selv er hun bare glad for \u00e5 v\u00e6re med p\u00e5 festen. Reporter: Kine Falch \/ Video: Jonas Hammer<\/p>\n<p>N\u00e5 kan det se ut til at lykken fortsatt blomstrer for Sigrid, som for tiden er i USA og varmer opp for artist Ed Sheeran (35). I et intervju med\u00a0<a href=\"https:\/\/www.tv2.no\/underholdning\/sigrid-viser-fram-sin-nye-kjaereste-superforelska\/19101288\/\" rel=\"nofollow noopener\" target=\"_blank\">TV 2<\/a>\u00a0deler 29-\u00e5ringen en rekke lovord om kj\u00e6resten, og avsl\u00f8rer at han er med henne p\u00e5 deler av USA-turen.\u00a0<\/p>\n<p>    <a itemprop=\"url\" href=\"https:\/\/www.seher.no\/kjendis\/dette-har-de-aldri-gjort-for\/74758298\" rel=\"nofollow noopener\" target=\"_blank\"><\/p>\n<p>        <img loading=\"lazy\" decoding=\"async\" src=\"https:\/\/www.europesays.com\/no\/wp-content\/uploads\/2026\/08\/74758282.webp\" width=\"980\" height=\"441\" alt=\"\" class=\"lazyload\" style=\"--aspect-ratio-image: 2.22; \"\/><\/p>\n<p>        Dette har de aldri gjort f\u00f8r<\/p>\n<p>    <\/a><\/p>\n<p>&#8211; Det er helt supert \u00e5 ha med Kristian p\u00e5 dette. Han er en utrolig god st\u00f8tte og det er veldig koselig \u00e5 kunne dele dette sammen med ham, sier hun.\u00a0<\/p>\n<p>P\u00e5 sp\u00f8rsm\u00e5l fra TV 2 om hvorfor hun n\u00e5 velger \u00e5 v\u00e6re mer \u00e5pen om eget kj\u00e6rlighetsliv, etter \u00e5 tidligere ha holdt kortene tett til brystet, svarer hun:\u00a0<\/p>\n<p>&#8211; Jeg er stolt, jeg er superforelska, og jeg har det skikkelig fint, sier hun. <\/p>\n<p>        <img loading=\"lazy\" decoding=\"async\" src=\"https:\/\/www.europesays.com\/no\/wp-content\/uploads\/2026\/08\/84979824.webp\" width=\"686\" height=\"1029\" alt=\"\" class=\"\" style=\"--aspect-ratio-image: 0.67; \"\/><\/p>\n<p>\n        SPELLEMANN: Sigrid har vunnet Spellemannsprisen en rekke ganger. Her fotografert i 2020. Foto: Julie Marie Naglestad \/ Petroleum Records\n    <\/p>\n<p>Sigrid slo for alvor gjennom internasjonalt med l\u00e5ta \u00abDon\u2019t Kill My Vibe\u00bb i 2017, og har siden markert seg som en av Norges st\u00f8rste popstjerner i utlandet. Hun er ogs\u00e5 kjent for \u00e5 v\u00e6re en sterk liveartist, og har de siste \u00e5ra spilt p\u00e5 store festivaler og turnert verden rundt.<\/p>\n","protected":false},"excerpt":{"rendered":"Sigrid:\u00a0 Artist Sigrid Solbakk Raabe \u00e5pner opp om eget kj\u00e6rlighetsliv, etter at hun tidligere i \u00e5r fortalte at&hellip;\n","protected":false},"author":2,"featured_media":316336,"comment_status":"","ping_status":"","sticky":false,"template":"","format":"standard","meta":{"footnotes":"","_share_on_mastodon":"0"},"categories":[58],"tags":[71,479,2543,30,28,29,6815,2502,72],"class_list":["post-316335","post","type-post","status-publish","format-standard","has-post-thumbnail","category-underholdning","tag-entertainment","tag-kjendis","tag-kjendisdesken","tag-no","tag-norge","tag-norway","tag-sigrid","tag-sigrid-solbakk-raabe","tag-underholdning"],"share_on_mastodon":{"url":"https:\/\/pubeurope.com\/@no\/117059912323146314","error":""},"_links":{"self":[{"href":"https:\/\/www.europesays.com\/no\/wp-json\/wp\/v2\/posts\/316335","targetHints":{"allow":["GET"]}}],"collection":[{"href":"https:\/\/www.europesays.com\/no\/wp-json\/wp\/v2\/posts"}],"about":[{"href":"https:\/\/www.europesays.com\/no\/wp-json\/wp\/v2\/types\/post"}],"author":[{"embeddable":true,"href":"https:\/\/www.europesays.com\/no\/wp-json\/wp\/v2\/users\/2"}],"replies":[{"embeddable":true,"href":"https:\/\/www.europesays.com\/no\/wp-json\/wp\/v2\/comments?post=316335"}],"version-history":[{"count":0,"href":"https:\/\/www.europesays.com\/no\/wp-json\/wp\/v2\/posts\/316335\/revisions"}],"wp:featuredmedia":[{"embeddable":true,"href":"https:\/\/www.europesays.com\/no\/wp-json\/wp\/v2\/media\/316336"}],"wp:attachment":[{"href":"https:\/\/www.europesays.com\/no\/wp-json\/wp\/v2\/media?parent=316335"}],"wp:term":[{"taxonomy":"category","embeddable":true,"href":"https:\/\/www.europesays.com\/no\/wp-json\/wp\/v2\/categories?post=316335"},{"taxonomy":"post_tag","embeddable":true,"href":"https:\/\/www.europesays.com\/no\/wp-json\/wp\/v2\/tags?post=316335"}],"curies":[{"name":"wp","href":"https:\/\/api.w.org\/{rel}","templated":true}]}}