{"id":31654,"date":"2025-09-10T12:51:10","date_gmt":"2025-09-10T12:51:10","guid":{"rendered":"https:\/\/www.europesays.com\/no\/31654\/"},"modified":"2025-09-10T12:51:10","modified_gmt":"2025-09-10T12:51:10","slug":"carl-erik-torp-forsvarer-vi-kan-vinne-vm-utspill","status":"publish","type":"post","link":"https:\/\/www.europesays.com\/no\/31654\/","title":{"rendered":"Carl-Erik Torp forsvarer \u00abVi kan vinne VM!\u00bb-utspill"},"content":{"rendered":"\n<p class=\"_lead_ew2ao_2 _lead_xtcu6_50 layout-component text-serif-m layout-normal text-serif-l layout-component layout-wide layout-padded _wide_17hqh_1 layout-padded\">\u00abVi kan vinne VM!\u00bb, sa Carl-Erik Torp etter Norges 11\u20131-knusing av Moldova. Han har ingen vanskeligheter med \u00e5 forsvare utspillet. <\/p>\n<p><img alt=\"I EKSTASE: Carl-Erik Torp gikk av skaftet etter at Norge vant stort mot Moldova i VM-kvalifiseringen.  Foto: Geir Olsen \/ NTB\" class=\"_image_qp4xg_65 layout-component layout-wide\" data-fullscreen- data-track-element-type=\"Article image fullscreen\" data-track-name=\"ImageFullscreen\" fetchpriority=\"high\" decoding=\"sync\" loading=\"eager\" height=\"5194\" itemprop=\"image\"  src=\"https:\/\/www.europesays.com\/no\/wp-content\/uploads\/2025\/09\/05022743-078f-4ade-aea2-f6603e0951df\"  style=\"object-position:0% 0%\" width=\"7786\"\/>I EKSTASE: Carl-Erik Torp gikk av skaftet etter at Norge vant stort mot Moldova i VM-kvalifiseringen.  Foto: Geir Olsen \/ NTB<\/p>\n<ul aria-hidden=\"true\" class=\"_images_1y6fe_106\">\n<li><a class=\"_link_1y6fe_111\" href=\"https:\/\/www.vg.no\/forfatter\/synne-sofie-christiansen-2\" style=\"z-index:2\" title=\"Synne Sofie Christiansen\" rel=\"nofollow noopener\" target=\"_blank\"><img alt=\"Bilde av Synne Sofie Christiansen\" class=\"_image_1y6fe_88\" fetchpriority=\"low\" loading=\"lazy\" decoding=\"async\" itemprop=\"image\"  src=\"https:\/\/www.europesays.com\/no\/wp-content\/uploads\/2025\/09\/1757508670_220_8d683f6f-f2ba-47ca-8bcc-2db625b33cb1\"  width=\"480\"\/><\/a><\/li>\n<li><a class=\"_link_1y6fe_111\" href=\"https:\/\/www.vg.no\/forfatter\/vegard-aulstad\" style=\"z-index:1\" title=\"Vegard Aulstad\" rel=\"nofollow noopener\" target=\"_blank\"><img alt=\"Bilde av Vegard Aulstad\" class=\"_image_1y6fe_88\" fetchpriority=\"low\" loading=\"lazy\" decoding=\"async\" itemprop=\"image\"  src=\"https:\/\/www.europesays.com\/no\/wp-content\/uploads\/2025\/09\/1757508670_477_185ece5a-5a5e-48f4-9395-7549ed7312d6\"  width=\"480\"\/><\/a><\/li>\n<\/ul>\n<p> Oppdatert onsdag 10. september kl. 14:22    <\/p>\n<ul class=\"_list_ew2ao_3 _list_64s2r_85 _unordered_ew2ao_99 text-sans-m\">\n<li class=\"_item_ew2ao_30\">Carl-Erik Torp mener Norge kan vinne fotball-VM etter storseier mot Moldova.<\/li>\n<li class=\"_item_ew2ao_30\">St\u00e5le Solbakken og Martin \u00d8degaard mener laget m\u00e5 holde f\u00f8ttene p\u00e5 jorda.<\/li>\n<li class=\"_item_ew2ao_30\">Torp forsvarer utspillet ved \u00e5 vise til at overraskelser har skjedd f\u00f8r.<\/li>\n<li class=\"_item_ew2ao_30\">Aftenpostens Lars Tj\u00e6rn\u00e5s mener fokuset m\u00e5 v\u00e6re p\u00e5 \u00e5 kvalifisere seg f\u00f8rst.<\/li>\n<\/ul>\n<p>Vis mer <\/p>\n<p class=\"_paragraph_ew2ao_4 _paragraph_xtcu6_10 layout-component text-serif-m layout-normal text-serif-m layout-padded\">\u2013 Jeg mistet hodet litt, jeg ble ivrig. Det var en historisk kveld p\u00e5 Ullevaal som det har blitt noen kvelder av i det siste. Ble dratt litt med, sier Carl-Erik Torp til VG dagen derp\u00e5. <\/p>\n<p class=\"_paragraph_ew2ao_4 _paragraph_xtcu6_10 layout-component text-serif-m layout-normal text-serif-m layout-padded\">St\u00e5le Solbakken mente at NRKs ekspert tok litt vel av. Og Martin \u00d8degaard mener laget m\u00e5 holde beina godt plantet p\u00e5 jorden:<\/p>\n<p class=\"_paragraph_ew2ao_4 _paragraph_xtcu6_10 layout-component text-serif-m layout-normal text-serif-m layout-padded\">Likevel st\u00e5r Torp ved utspillet. <\/p>\n<p class=\"_paragraph_ew2ao_4 _paragraph_xtcu6_10 layout-component text-serif-m layout-normal text-serif-m layout-padded\">\u2013 N\u00e5r jeg sier \u00abVi kan vinne VM\u00bb, h\u00f8res det jo ut som jeg har f\u00e5tt slag. Men jeg har ikke noe problem med \u00e5 begrunne det at Norge kan vinne VM. For det kan jo alle lagene som kommer seg til VM, og n\u00e5 ser det jo ekstremt lovende ut, sier han. <\/p>\n<p class=\"_paragraph_ew2ao_4 _paragraph_xtcu6_10 layout-component text-serif-m layout-normal text-serif-m layout-padded\">\u2013 S\u00e5 du mener virkelig at Norge kan vinne VM?<\/p>\n<p class=\"_paragraph_ew2ao_4 _paragraph_xtcu6_10 layout-component text-serif-m layout-normal text-serif-m layout-padded\">\u2013 Sjansen er selvf\u00f8lgelig ekstremt liten, og n\u00e5r man ser p\u00e5 fotballhistorien, er det f\u00e5 nasjoner som har vunnet VM, og den listen er ganske eksklusiv, og Norge er jo ikke i n\u00e6rheten av det.<\/p>\n<ul class=\"_list_ew2ao_3 _list_xtcu6_9 _unordered_ew2ao_99 layout-component text-serif-m layout-normal text-serif-m layout-padded\">\n<li class=\"_item_ew2ao_30\"><strong class=\"_strong_ew2ao_25\">Dette kan bli VM-troppen:<\/strong> <a href=\"https:\/\/www.vg.no\/sport\/i\/o35Q5a\/vm-2026-norges-landslagstropp-hvem-er-bankers\" data-track-element-type=\"Link\" data-track-id=\"link:o35Q5a\" class=\"_link_ew2ao_39\" rel=\"nofollow noopener\" target=\"_blank\">50 navn for Solbakken<\/a><\/li>\n<\/ul>\n<p class=\"_paragraph_ew2ao_4 _paragraph_xtcu6_10 layout-component text-serif-m layout-normal text-serif-m layout-padded\">Norsk Tipping gir 50 ganger pengene p\u00e5 norsk VM-seier og rangerer 12 lag foran12 lag foranSpania, Frankrike, England, Argentina, Tyskland Portugal, Brasil, Nederland, Belgia, Italia, Uruguay, Colombia med lavere odds. Det er ti ganger mindre enn favoritten Spania, som gir dr\u00f8yt fem i odds.<\/p>\n<p class=\"_paragraph_ew2ao_4 _paragraph_xtcu6_10 layout-component text-serif-m layout-normal text-serif-m layout-padded\">Bookmaker-nettsiden Poly Market setter Norges vinnersjanse i fotball-VM neste \u00e5r til 2 prosent. Ogs\u00e5 deres favoritt er europamester Spania, beregnet til 18 prosents mulighet for \u00e5 heve trofeet.<\/p>\n<p class=\"_paragraph_ew2ao_4 _paragraph_xtcu6_10 layout-component text-serif-m layout-normal text-serif-m layout-padded\">Carl-Erik Torp p\u00e5peker at Hellas vant fotball-EM i 2004, Marokko spilte bronsefinale i Qatar-VM i 2022, Bulgaria gikk til semifinale i VM i 1994 og Kroatia tok bronse i deres f\u00f8rste VM i 1998. <\/p>\n<p class=\"_paragraph_ew2ao_4 _paragraph_xtcu6_10 layout-component text-serif-m layout-normal text-serif-m layout-padded\">\u2013 Norge har et ekstremt mye bedre fotballag enn det. Det er alltid noen lag som overrasker, mener Torp.<\/p>\n<p class=\"_paragraph_ew2ao_4 _paragraph_xtcu6_10 layout-component text-serif-m layout-normal text-serif-m layout-padded\">\u2013 Norge kan sl\u00e5 alle lag med det mannskapet vi har n\u00e5 og den fotballen de spiller. Det er fra det der uttalelsen kommer. Dette er ikke et lag som kommer til et mesterskap og som er fullstendig hjelpel\u00f8se. N\u00e5r de f\u00f8rst er der, kan de bite ganske godt fra seg. Tror jeg. <\/p>\n<p class=\"_paragraph_ew2ao_4 _paragraph_xtcu6_10 layout-component text-serif-m layout-normal text-serif-m layout-padded\">\u2013 Det er bare ett \u00e5r siden Norge tapte 1\u20135 mot \u00d8sterrike?<\/p>\n<p class=\"_paragraph_ew2ao_4 _paragraph_xtcu6_10 layout-component text-serif-m layout-normal text-serif-m layout-padded\">\u2013 Vi ser en ekstremt stor forskjell p\u00e5 laget n\u00e5. De har en helt annen ro og selvtillit i gruppen, og en helt annet defensiv trygghet. Samtlige spillere er p\u00e5 et helt annet niv\u00e5, om man sammenligner med ett \u00e5r siden. Og bunniv\u00e5et er hevet betraktelig. <\/p>\n<p class=\"_paragraph_ew2ao_4 _paragraph_xtcu6_10 layout-component text-serif-m layout-normal text-serif-m layout-padded\">Torp har troen, med andre ord. <\/p>\n<p class=\"_paragraph_ew2ao_4 _paragraph_xtcu6_10 layout-component text-serif-m layout-normal text-serif-m layout-padded\"><strong class=\"_strong_ew2ao_25\">\u2013 Det er jo det \u00abkan\u00bb-ordet, som er s\u00e5 fint \u00e5 snakke om. For ja, det kan jo skje. Det er tilfeldigheter i livet som er sykere enn det. <\/strong><\/p>\n<p class=\"_paragraph_ew2ao_4 _paragraph_xtcu6_10 layout-component text-serif-m layout-normal text-serif-m layout-padded\">Aftenpostens fotballkommentator Lars Tj\u00e6rn\u00e5s er ikke like optimistisk. <\/p>\n<p class=\"_paragraph_ew2ao_4 _paragraph_xtcu6_10 layout-component text-serif-m layout-normal text-serif-m layout-padded\">\u2013 Jeg tror godeste Calle tok dobbel dose tran f\u00f8r den uttalelsen, skriver han med glimt i \u00f8yet til VG. <\/p>\n<p><img decoding=\"async\" alt=\"Bilde av Lars Tj\u00e6rn\u00e5s\" class=\"_image_ygndg_42\" height=\"27\" itemprop=\"image\" loading=\"lazy\"  src=\"https:\/\/www.europesays.com\/no\/wp-content\/uploads\/2025\/09\/d23c7261-11fe-487e-885b-2fce6562038f\"  width=\"40\"\/><strong class=\"_name_ygndg_51 title-serif-xs\">Lars Tj\u00e6rn\u00e5s<\/strong><\/p>\n<p class=\"_paragraph_ew2ao_4 text-sans-m _description_ygndg_56\">Fotballkommentator <\/p>\n<p class=\"_paragraph_ew2ao_4 _paragraph_xtcu6_10 layout-component text-serif-m layout-normal text-serif-m layout-padded\">\u2013 Vi er fortsatt der at vi skal konsentrere oss om \u00e5 komme til VM f\u00f8r vi skal tenke p\u00e5 \u00e5 vinne det \u2013 eller vinne kamper der. Vi har en offensiv slagkraft som kan score mot alle, og kan skape tr\u00f8bbel mot alle. <\/p>\n<p class=\"_paragraph_ew2ao_4 _paragraph_xtcu6_10 layout-component text-serif-m layout-normal text-serif-m layout-padded\">\u2013 Men vi har ikke en bredde i alle posisjoner eller kvalitet i noen av dem til \u00e5 v\u00e6re en VM-favoritt, uansett hvor begeistret vi er over \u00e5 ha et landslag som skaper stolte \u00f8yeblikk igjen, fortsetter han. <\/p>\n","protected":false},"excerpt":{"rendered":"\u00abVi kan vinne VM!\u00bb, sa Carl-Erik Torp etter Norges 11\u20131-knusing av Moldova. Han har ingen vanskeligheter med \u00e5&hellip;\n","protected":false},"author":2,"featured_media":31655,"comment_status":"","ping_status":"","sticky":false,"template":"","format":"standard","meta":{"footnotes":""},"categories":[59],"tags":[5055,92,3163,30,28,29,83,82],"class_list":{"0":"post-31654","1":"post","2":"type-post","3":"status-publish","4":"format-standard","5":"has-post-thumbnail","7":"category-sport","8":"tag-carl-erik-torp","9":"tag-fotball","10":"tag-herrelandslaget-fotball","11":"tag-no","12":"tag-norge","13":"tag-norway","14":"tag-sport","15":"tag-sports"},"share_on_mastodon":{"url":"","error":""},"_links":{"self":[{"href":"https:\/\/www.europesays.com\/no\/wp-json\/wp\/v2\/posts\/31654","targetHints":{"allow":["GET"]}}],"collection":[{"href":"https:\/\/www.europesays.com\/no\/wp-json\/wp\/v2\/posts"}],"about":[{"href":"https:\/\/www.europesays.com\/no\/wp-json\/wp\/v2\/types\/post"}],"author":[{"embeddable":true,"href":"https:\/\/www.europesays.com\/no\/wp-json\/wp\/v2\/users\/2"}],"replies":[{"embeddable":true,"href":"https:\/\/www.europesays.com\/no\/wp-json\/wp\/v2\/comments?post=31654"}],"version-history":[{"count":0,"href":"https:\/\/www.europesays.com\/no\/wp-json\/wp\/v2\/posts\/31654\/revisions"}],"wp:featuredmedia":[{"embeddable":true,"href":"https:\/\/www.europesays.com\/no\/wp-json\/wp\/v2\/media\/31655"}],"wp:attachment":[{"href":"https:\/\/www.europesays.com\/no\/wp-json\/wp\/v2\/media?parent=31654"}],"wp:term":[{"taxonomy":"category","embeddable":true,"href":"https:\/\/www.europesays.com\/no\/wp-json\/wp\/v2\/categories?post=31654"},{"taxonomy":"post_tag","embeddable":true,"href":"https:\/\/www.europesays.com\/no\/wp-json\/wp\/v2\/tags?post=31654"}],"curies":[{"name":"wp","href":"https:\/\/api.w.org\/{rel}","templated":true}]}}