{"id":316575,"date":"2026-08-08T18:04:45","date_gmt":"2026-08-08T18:04:45","guid":{"rendered":"https:\/\/www.europesays.com\/no\/316575\/"},"modified":"2026-08-08T18:04:45","modified_gmt":"2026-08-08T18:04:45","slug":"ffk-sport-endelig-kom-arets-forste-for-martin-21","status":"publish","type":"post","link":"https:\/\/www.europesays.com\/no\/316575\/","title":{"rendered":"FFK, Sport | Endelig kom \u00e5rets f\u00f8rste for Martin (21)"},"content":{"rendered":"\n<p>For f\u00f8rste gang siden Sarpsborg 08-triumfen p\u00e5 bortebane i starten av november i fjor holdt FFK og B\u00f8rsheim nullen.<\/p>\n<p>\u2013 Det var absolutt p\u00e5 tide n\u00e5, smiler sisteskansen.<\/p>\n<p>Jublet hemningsl\u00f8st<\/p>\n<p>At det \u00e5 holde nullen igjen betydde mye var det ingen tvil om.<\/p>\n<p>Da sluttsignalet gikk jublet den ellers s\u00e5 rolige bergenseren hemningsl\u00f8st mot b\u00e5de publikum og kameralinser.<\/p>\n<p>\u2013 F\u00f8rst og fremst var det en deilig og sv\u00e6rt viktig seier vi fikk. Men det satte en ekstra spiss p\u00e5 det hele at vi ogs\u00e5 holdt nullen, innr\u00f8mmer han.<\/p>\n<p>Etter kampen tok han ogs\u00e5 ansvar som \u00ab\u00bb i feiringen.<\/p>\n<p>\u2013 Supporterne v\u00e5re leverer i kamp etter kamp. De gir oss en fantastisk st\u00f8tte, og det var kult \u00e5 gi noe tilbake til dem, sier han.<\/p>\n<p>   <img decoding=\"async\" width=\"6000\" height=\"4000\" fetchpriority=\"low\"  loading=\"lazy\"  src=\"https:\/\/www.europesays.com\/no\/wp-content\/uploads\/2026\/08\/vqsUR1gRLjI.jpg\" alt=\"Fredrikstad 20260801. &#10;Fredrikstads keeper Martin B\u00f8rsheim etter kampslutt i eliteseriekampen i fotball mellom Fredrikstad og Sandefjord p\u00e5 Fredrikstad stadion.&#10;Foto: Thomas Andersen \/ NTB\" class=\"brick-c-cFOWSL\" style=\"--brick-image-ratio: 6000 \/ 4000;\"\/><\/p>\n<p>      Martin B\u00f8rsheim og FFK-spillerne feiret tre poeng foran S\u00f8rsia.<br \/>\n      Foto: Thomas Andersen\n    <\/p>\n<p>  Svakere tall i \u00e5r <\/p>\n<p>B\u00f8rsheim skryter av forsvaret foran seg, og mener man totalt sett leverte en solid defensiv kamp.<\/p>\n<p>\u2013 Det er ikke mye Sandefjord kommer til av sjanser. Det var deilig \u00e5 f\u00e5 en slik kamp. Vi trengte det, sier B\u00f8rsheim.<\/p>\n<p>U21-landslagskeeperen leverte en solid h\u00f8st for FFK i fjor, der han p\u00e5 de tolv f\u00f8rste eliteseriekampene slapp inn 15 m\u00e5l.<\/p>\n<p>Denne sesongen har det s\u00e5 langt blitt 27 baklengs p\u00e5 15 kamper.<\/p>\n<p><b>\u2013 Dere kom fra en periode med tre strake tap f\u00f8r det endelig ble tre poeng p\u00e5 l\u00f8rdag. Hvor tung var den perioden med tap?<\/b><\/p>\n<p>\u2013 Det er aldri g\u00f8y. Mot Lillestr\u00f8m synes jeg vi kanskje hadde fortjent noe mer. Mot Glimt var den defensive prestasjonen helt grei, men da vi slet offensivt. Mot Rosenborg var prestasjonen rett og slett veldig d\u00e5rlig.<\/p>\n<p>  <a href=\"https:\/\/www.f-b.no\/5-59-3982851\" class=\"related-teaser has-image article--c-MkAkR\" rel=\"nofollow noopener\" target=\"_blank\"><\/p>\n<p>    <img decoding=\"async\" width=\"155\"  loading=\"lazy\"  src=\"https:\/\/www.europesays.com\/no\/wp-content\/uploads\/2026\/08\/Wesseh.PNG\" alt=\"\" class=\"brick-c-cFOWSL\" style=\"\"\/><\/p>\n<p>\n            Les ogs\u00e5<\/p>\n<p>            Gabriel (18) sjarmerte publikum: \u2013 Jeg liker \u00e5 tenke p\u00e5 ballen som kj\u00e6resten min\n        <\/p>\n<p>  <\/a><br \/>\n  F\u00e5r ny konkurrent<\/p>\n<p>B\u00f8rsheim h\u00e5per FFK er like gjerrige mot Start i Kristiansand f\u00f8rstkommende l\u00f8rdag.<\/p>\n<p>\u2013 Det er mye bra \u00e5 bygge videre p\u00e5 n\u00e5. Det har v\u00e6rt en omstilling under Casper (R\u00f8jkj\u00e6r), men jeg synes at pilen peker i riktig retning. Forh\u00e5pentligvis l\u00f8sner det offensivt etter hvert ogs\u00e5, sier B\u00f8rsheim.<\/p>\n<p>Kun timer etter kampslutt l\u00f8rdag kunne FB erfare at B\u00f8rsheim fra nytt\u00e5r f\u00e5r en keeperkonkurrent i Jasper Silva Torkildsen (22).<\/p>\n<p>\u2013 En god keeper. I toppfotballen m\u00e5 man regne med knallhard konkurranse s\u00e5 den utfordringen tar jeg. Det blir bra det, avslutter han.<\/p>\n","protected":false},"excerpt":{"rendered":"For f\u00f8rste gang siden Sarpsborg 08-triumfen p\u00e5 bortebane i starten av november i fjor holdt FFK og B\u00f8rsheim&hellip;\n","protected":false},"author":2,"featured_media":316576,"comment_status":"","ping_status":"","sticky":false,"template":"","format":"standard","meta":{"footnotes":"","_share_on_mastodon":"0"},"categories":[59],"tags":[36,513,92,30,28,29,83,82,1510],"class_list":["post-316575","post","type-post","status-publish","format-standard","has-post-thumbnail","category-sport","tag-art","tag-ffk","tag-fotball","tag-no","tag-norge","tag-norway","tag-sport","tag-sports","tag-story"],"share_on_mastodon":{"url":"https:\/\/pubeurope.com\/@no\/117061214016466560","error":""},"_links":{"self":[{"href":"https:\/\/www.europesays.com\/no\/wp-json\/wp\/v2\/posts\/316575","targetHints":{"allow":["GET"]}}],"collection":[{"href":"https:\/\/www.europesays.com\/no\/wp-json\/wp\/v2\/posts"}],"about":[{"href":"https:\/\/www.europesays.com\/no\/wp-json\/wp\/v2\/types\/post"}],"author":[{"embeddable":true,"href":"https:\/\/www.europesays.com\/no\/wp-json\/wp\/v2\/users\/2"}],"replies":[{"embeddable":true,"href":"https:\/\/www.europesays.com\/no\/wp-json\/wp\/v2\/comments?post=316575"}],"version-history":[{"count":0,"href":"https:\/\/www.europesays.com\/no\/wp-json\/wp\/v2\/posts\/316575\/revisions"}],"wp:featuredmedia":[{"embeddable":true,"href":"https:\/\/www.europesays.com\/no\/wp-json\/wp\/v2\/media\/316576"}],"wp:attachment":[{"href":"https:\/\/www.europesays.com\/no\/wp-json\/wp\/v2\/media?parent=316575"}],"wp:term":[{"taxonomy":"category","embeddable":true,"href":"https:\/\/www.europesays.com\/no\/wp-json\/wp\/v2\/categories?post=316575"},{"taxonomy":"post_tag","embeddable":true,"href":"https:\/\/www.europesays.com\/no\/wp-json\/wp\/v2\/tags?post=316575"}],"curies":[{"name":"wp","href":"https:\/\/api.w.org\/{rel}","templated":true}]}}