{"id":31660,"date":"2025-09-10T12:59:09","date_gmt":"2025-09-10T12:59:09","guid":{"rendered":"https:\/\/www.europesays.com\/no\/31660\/"},"modified":"2025-09-10T12:59:09","modified_gmt":"2025-09-10T12:59:09","slug":"ida-19-astrid-18-ester-19-og-ariane-18-dode-i-brannen-i-hamar","status":"publish","type":"post","link":"https:\/\/www.europesays.com\/no\/31660\/","title":{"rendered":"Ida (19), Astrid (18), Ester (19) og Ariane (18) d\u00f8de i brannen i Hamar"},"content":{"rendered":"\n<ul class=\"_list_ew2ao_3 _list_64s2r_85 _unordered_ew2ao_99 text-sans-m\">\n<li class=\"_item_ew2ao_30\">De d\u00f8de i brannen er Ida B\u00e6k Nordland (19), Astrid St\u00f8e Valla (18), Ester Moe Lj\u00f8dal (19) og Ariane Haga (18)<\/li>\n<li class=\"_item_ew2ao_30\">Politiet har informasjon om at det var brannalarmer i huset, men naboer fikk ingen respons fra kvinnene<\/li>\n<li class=\"_item_ew2ao_30\">Lokalsamfunnet er i sorg, og krisestab er satt i kommunen<\/li>\n<li class=\"_item_ew2ao_30\">\u00c5rsaken til brannen er fortsatt ukjent, og politiet etterforsker saken videre<\/li>\n<\/ul>\n<p>Vis mer <\/p>\n<p class=\"_paragraph_ew2ao_4 _paragraph_xtcu6_10 layout-component text-serif-m layout-normal text-serif-m layout-padded\">Alle ble funnet av n\u00f8detatene inne i huset kort tid etter brannen ble meldt. <\/p>\n<p class=\"_paragraph_ew2ao_4 _paragraph_xtcu6_10 layout-component text-serif-m layout-normal text-serif-m layout-padded\">De fire omkomne er Ida B\u00e6k Nordland (19), Astrid St\u00f8e Valla (18), Ester Moe Lj\u00f8dal (19) og Ariane Haga (18). <\/p>\n<p class=\"_paragraph_ew2ao_4 _paragraph_xtcu6_10 layout-component text-serif-m layout-normal text-serif-m layout-padded\">Alle var hjemmeh\u00f8rende i Hamar og Ringsaker.<\/p>\n<p class=\"_paragraph_ew2ao_4 _paragraph_xtcu6_10 layout-component text-serif-m layout-normal text-serif-m layout-padded\">Politiet deler navnene onsdag, i samr\u00e5d med p\u00e5r\u00f8rende. <\/p>\n<p class=\"_paragraph_ew2ao_4 _paragraph_xtcu6_10 layout-component text-serif-m layout-normal text-serif-m layout-padded\"><strong class=\"_strong_ew2ao_25\">Ten\u00e5ringsjentene var samlet til en sosial sammenkomst. <\/strong><\/p>\n<p class=\"_paragraph_ew2ao_4 _paragraph_xtcu6_10 layout-component text-serif-m layout-normal text-serif-m layout-padded\">Tidligere p\u00e5 kvelden og natten var det ogs\u00e5 noen f\u00e5 andre til stede, opplyser politiet i oppdateringen. <\/p>\n<p><img alt=\"Foto: Hallgeir V\u00e5genes \/ VG\" class=\"_image_qp4xg_65 layout-component layout-normal\" data-fullscreen- data-track-element-type=\"Article image fullscreen\" data-track-name=\"ImageFullscreen\" decoding=\"async\" loading=\"lazy\" height=\"6048\" itemprop=\"image\"  src=\"https:\/\/www.europesays.com\/no\/wp-content\/uploads\/2025\/09\/0b496dc9-8c5c-4c48-b05b-f0c248fd1da6\"  style=\"object-position:0% 0%\" width=\"8064\"\/>Foto: Hallgeir V\u00e5genes \/ VG<\/p>\n<p class=\"_paragraph_ew2ao_4 _paragraph_xtcu6_10 layout-component text-serif-m layout-normal text-serif-m layout-padded\">I oppdateringen skriver politiet ogs\u00e5 at de har opplysninger om at <a href=\"https:\/\/www.vg.no\/nyheter\/i\/73Wj8w\/doedsbrannen-i-hamar-funnet-i-to-ulike-etasjer\" data-track-element-type=\"Link\" data-track-id=\"link:73Wj8w\" class=\"_link_ew2ao_39\" rel=\"nofollow noopener\" target=\"_blank\">det var brannalarmer i huset.<\/a><\/p>\n<p class=\"_paragraph_ew2ao_4 _paragraph_xtcu6_10 layout-component text-serif-m layout-normal text-serif-m layout-padded\"><strong class=\"_strong_ew2ao_25\">\u2013 Vitner har ogs\u00e5 forklart at de skal ha h\u00f8rt brannalarm, men ikke rop inne fra huset, st\u00e5r det i pressemeldingen. <\/strong><\/p>\n<p class=\"_paragraph_ew2ao_4 _paragraph_xtcu6_10 layout-component text-serif-m layout-normal text-serif-m layout-padded\">\u2013 Politiet har flere vitneforklaringer som opplyser at de f\u00f8rste naboene som kom til stedet, ropte h\u00f8yt for \u00e5 fors\u00f8ke \u00e5 varsle de som var i huset. De fikk dessverre ingen respons fra kvinnene.<\/p>\n<p class=\"_paragraph_ew2ao_4 _paragraph_xtcu6_10 layout-component text-serif-m layout-normal text-serif-m layout-padded\">To ble funnet i husets f\u00f8rste etasje og to andre ble funnet i andre etasje, opplyser politiadvokat Marit Kjelsberg.<\/p>\n<p><img alt=\"Flere har lagt ned blomster p\u00e5 brannstedet.   Foto: Hallgeir V\u00e5genes \/ VG\" class=\"_image_qp4xg_65 layout-component layout-normal\" data-fullscreen- data-track-element-type=\"Article image fullscreen\" data-track-name=\"ImageFullscreen\" decoding=\"async\" loading=\"lazy\" height=\"3871\" itemprop=\"image\"  src=\"https:\/\/www.europesays.com\/no\/wp-content\/uploads\/2025\/09\/f54b868d-a1e5-46ab-b240-c454b859a240\"  style=\"object-position:0% 0%\" width=\"5807\"\/>Flere har lagt ned blomster p\u00e5 brannstedet.   Foto: Hallgeir V\u00e5genes \/ VG Verste brannen siden 2021<\/p>\n<p class=\"_paragraph_ew2ao_4 _paragraph_xtcu6_10 layout-component text-serif-m layout-normal text-serif-m layout-padded\">N\u00f8detatene fikk den f\u00f8rste meldingen om brannen i sentrum av Hamar like etter klokken 05 mandag morgen. <\/p>\n<p class=\"_paragraph_ew2ao_4 _paragraph_xtcu6_10 layout-component text-serif-m layout-normal text-serif-m layout-padded\">Da brannmannskapene n\u00e6rmet seg huset s\u00e5 de at flammene lyste opp i m\u00f8rket, har brannsjef Torgeir Lysholm Dybvig tidligere fortalt VG. <\/p>\n<p class=\"_paragraph_ew2ao_4 _paragraph_xtcu6_10 layout-component text-serif-m layout-normal text-serif-m layout-padded\">\u2013 Like etter at jeg kom frem, fikk jeg en oppdatering: To personer var savnet. Litt senere fikk jeg vite at det var fire. <\/p>\n<p class=\"_paragraph_ew2ao_4 _paragraph_xtcu6_10 layout-component text-serif-m layout-normal text-serif-m layout-padded\"><strong class=\"_strong_ew2ao_25\">\u2013 Da tenkte jeg: N\u00e5 st\u00e5r vi overfor en tragedie. <\/strong><\/p>\n<p><img decoding=\"async\" alt=\"Bilde av Torgeir Lysholm Dybvig\" class=\"_image_ygndg_42\" height=\"27\" itemprop=\"image\" loading=\"lazy\"  src=\"https:\/\/www.europesays.com\/no\/wp-content\/uploads\/2025\/09\/59a4ffcd-d7b6-4d20-8c8a-98ff2f1a001d\"  width=\"40\"\/><strong class=\"_name_ygndg_51 title-serif-xs\">Torgeir Lysholm Dybvig<\/strong><\/p>\n<p class=\"_paragraph_ew2ao_4 text-sans-m _description_ygndg_56\">Brannsjef<\/p>\n<p class=\"_paragraph_ew2ao_4 _paragraph_xtcu6_10 layout-component text-serif-m layout-normal text-serif-m layout-padded\"><strong class=\"_strong_ew2ao_25\">Les mer: <\/strong><a href=\"https:\/\/www.vg.no\/nyheter\/i\/kwl84a\/brannsjefen-om-brannen-i-hamar-det-var-en-av-vaare-tyngste-dager\" data-track-element-type=\"Link\" data-track-id=\"link:kwl84a\" class=\"_link_ew2ao_39\" rel=\"nofollow noopener\" target=\"_blank\">\u00abJeg har selv barn i den alderen\u00bb<\/a><\/p>\n<p class=\"_paragraph_ew2ao_4 _paragraph_xtcu6_10 layout-component text-serif-m layout-normal text-serif-m layout-padded\">Brannen er den d\u00f8deligste i Norge siden 2021, if\u00f8lge <a href=\"https:\/\/www.dsb.no\/brannsikkerhet\/brannstatistikk\/omkomne-i-brann\/\" class=\"_link_ew2ao_39\" rel=\"nofollow noopener\" target=\"_blank\">DSB<\/a>. Den gang omkom fem personer i en <a href=\"https:\/\/www.vg.no\/nyheter\/i\/bnLmqg\/familie-etter-hyttebrannen-i-andoey-vi-er-i-dyp-sorg\" data-track-element-type=\"Link\" data-track-id=\"link:bnLmqg\" class=\"_link_ew2ao_39\" rel=\"nofollow noopener\" target=\"_blank\">hyttebrann i And\u00f8y<\/a>. <\/p>\n<p class=\"_paragraph_ew2ao_4 _paragraph_xtcu6_10 layout-component text-serif-m layout-normal text-serif-m layout-padded\">Flere naboer v\u00e5knet opp til dramaet:<\/p>\n<p class=\"_paragraph_ew2ao_4 _paragraph_xtcu6_10 layout-component text-serif-m layout-normal text-serif-m layout-padded\">\u2013 Jeg er rystet. Dette er voldsomt \u00e5 v\u00e5kne til, sa en av dem. <\/p>\n<p>    Lokalsamfunn i sorg <\/p>\n<p class=\"_paragraph_ew2ao_4 _paragraph_xtcu6_10 layout-component text-serif-m layout-normal text-serif-m layout-padded\">Hamar kommune satte krisestab mandag morgen. <\/p>\n<p class=\"_paragraph_ew2ao_4 _paragraph_xtcu6_10 layout-component text-serif-m layout-normal text-serif-m layout-padded\">\u2013 G\u00e5rsdagen var forferdelig tung og det er den i dag og, sa ordf\u00f8rer Vigdis Stensby (By- og bygdelista) til VG tirsdag.<\/p>\n<p class=\"_paragraph_ew2ao_4 _paragraph_xtcu6_10 layout-component text-serif-m layout-normal text-serif-m layout-padded\">Stensby har ogs\u00e5 advart mot ryktespredning: <\/p>\n<p class=\"_paragraph_ew2ao_4 _paragraph_xtcu6_10 layout-component text-serif-m layout-normal text-serif-m layout-padded\">\u2013 Vi ser jo at sosiale medier lever sitt eget liv. Det er ikke til \u00e5 unng\u00e5 at det blir spekulasjoner, men vi vil p\u00e5 det sterkeste oppfordre til \u00e5 ikke gj\u00f8re det, sier ordf\u00f8reren.<\/p>\n<p class=\"_paragraph_ew2ao_4 _paragraph_xtcu6_10 layout-component text-serif-m layout-normal text-serif-m layout-padded\">Ogs\u00e5 sogneprest i Hamar, Per Erik Stave Engdal, har fortalt at brannen preger lokalsamfunnet. <\/p>\n<p class=\"_paragraph_ew2ao_4 _paragraph_xtcu6_10 layout-component text-serif-m layout-normal text-serif-m layout-padded\">\u2013 Slike hendelser er alltid triste, men det blir ekstra vondt n\u00e5r det er unge mennesker med livet fremfor seg, sier han til VG. <\/p>\n<p class=\"_paragraph_ew2ao_4 _paragraph_xtcu6_10 layout-component text-serif-m layout-normal text-serif-m layout-padded\">\u00c5rsaken til brannen og hvor den startet er fortsatt ukjent. Politiet har startet \u00e5stedsunders\u00f8kelser og omfattende sikringsarbeid p\u00e5 branntomten.<\/p>\n<p class=\"_paragraph_ew2ao_4 _paragraph_xtcu6_10 layout-component text-serif-m layout-normal text-serif-m layout-padded\">De har gjennomf\u00f8rt rundsp\u00f8rring og flere personer er avh\u00f8rt. Det vil ogs\u00e5 bli aktuelt \u00e5 gjennomf\u00f8re flere.<\/p>\n<p class=\"_paragraph_ew2ao_4 _paragraph_xtcu6_10 layout-component text-serif-m layout-normal text-serif-m layout-padded\">Politiet \u00f8nsker ikke \u00e5 g\u00e5 ut med hva vitner har forklart, av hensyn til etterforskningen.<\/p>\n","protected":false},"excerpt":{"rendered":"De d\u00f8de i brannen er Ida B\u00e6k Nordland (19), Astrid St\u00f8e Valla (18), Ester Moe Lj\u00f8dal (19) og&hellip;\n","protected":false},"author":2,"featured_media":31661,"comment_status":"","ping_status":"","sticky":false,"template":"","format":"standard","meta":{"footnotes":""},"categories":[10],"tags":[20,21,4794,24,25,1552,15,5056,22,23,13,30,28,29,14,16,1435,26,27],"class_list":{"0":"post-31660","1":"post","2":"type-post","3":"status-publish","4":"format-standard","5":"has-post-thumbnail","7":"category-norge","8":"tag-breaking-news","9":"tag-breakingnews","10":"tag-dodsbrannen-i-hamar","11":"tag-featured-news","12":"tag-featurednews","13":"tag-hamar","14":"tag-headlines","15":"tag-krisestab","16":"tag-latest-news","17":"tag-latestnews","18":"tag-news","19":"tag-no","20":"tag-norge","21":"tag-norway","22":"tag-nyheter","23":"tag-overskrifter","24":"tag-ringsaker","25":"tag-top-stories","26":"tag-topstories"},"share_on_mastodon":{"url":"","error":""},"_links":{"self":[{"href":"https:\/\/www.europesays.com\/no\/wp-json\/wp\/v2\/posts\/31660","targetHints":{"allow":["GET"]}}],"collection":[{"href":"https:\/\/www.europesays.com\/no\/wp-json\/wp\/v2\/posts"}],"about":[{"href":"https:\/\/www.europesays.com\/no\/wp-json\/wp\/v2\/types\/post"}],"author":[{"embeddable":true,"href":"https:\/\/www.europesays.com\/no\/wp-json\/wp\/v2\/users\/2"}],"replies":[{"embeddable":true,"href":"https:\/\/www.europesays.com\/no\/wp-json\/wp\/v2\/comments?post=31660"}],"version-history":[{"count":0,"href":"https:\/\/www.europesays.com\/no\/wp-json\/wp\/v2\/posts\/31660\/revisions"}],"wp:featuredmedia":[{"embeddable":true,"href":"https:\/\/www.europesays.com\/no\/wp-json\/wp\/v2\/media\/31661"}],"wp:attachment":[{"href":"https:\/\/www.europesays.com\/no\/wp-json\/wp\/v2\/media?parent=31660"}],"wp:term":[{"taxonomy":"category","embeddable":true,"href":"https:\/\/www.europesays.com\/no\/wp-json\/wp\/v2\/categories?post=31660"},{"taxonomy":"post_tag","embeddable":true,"href":"https:\/\/www.europesays.com\/no\/wp-json\/wp\/v2\/tags?post=31660"}],"curies":[{"name":"wp","href":"https:\/\/api.w.org\/{rel}","templated":true}]}}