{"id":31668,"date":"2025-09-10T13:06:12","date_gmt":"2025-09-10T13:06:12","guid":{"rendered":"https:\/\/www.europesays.com\/no\/31668\/"},"modified":"2025-09-10T13:06:12","modified_gmt":"2025-09-10T13:06:12","slug":"store-vant-men-det-finnes-ogsa-andre-flertall","status":"publish","type":"post","link":"https:\/\/www.europesays.com\/no\/31668\/","title":{"rendered":"St\u00f8re vant \u2013 men det finnes ogs\u00e5 andre flertall"},"content":{"rendered":"<p class=\"text-md pt-2 pb-8 mb-3 text-base border-b border-brandNeutral-900 dark:border-brandNeutral-100\">Denne kommentaren gir uttrykk for skribentens meninger.<\/p>\n<p>Tallene er antall mandater p\u00e5 Stortinget for henholdsvis Frp, H\u00f8yre, Sp og KrF. 85 eller mer betyr flertall p\u00e5 Stortinget. Det har denne gjengen.<\/p>\n<p>Allerede f\u00f8r det nye Stortinget er samlet, er det liten tvil om at Sp akter \u00e5 bruke den muligheten. Allerede p\u00e5 valgnatta sa Sp-leder Vedum at han kommer til \u00e5 bruke vippeposisjonen i Stortinget og at Sp \u00abkommer ikke til \u00e5 v\u00e6re en rundingsb\u00f8ye\u00bb.<\/p>\n<p>Vedum minnet om at Sp f\u00f8r sommeren dannet flertall med Frp og H\u00f8yre for \u00e5 \u00e5pne for sette i gang 26. konsesjonsrunde, til tross for at regjeringen og st\u00f8ttepartiene hadde sagt nei.<\/p>\n<p>Klimaprofilene borte<\/p>\n<p>N\u00e5 har ikke denne troikaen flertall lenger. De er avhengige av \u00e5 f\u00e5 med seg enten Ap eller KrF.<\/p>\n<p>Det er usikkert\u00a0hva KrF egentlig mener i disse sakene.\u00a0Partiprogrammet deres ligger langt unna Frps, men Dag Inge Ulstein har knapt sagt ett ord om energi, klima eller milj\u00f8 denne valgkampen.<\/p>\n<p>Tradisjonelt er\u00a0KrF opptatt av \u00e5 ta vare p\u00e5 skaperverket; det vi andre kaller naturen.\u00a0Kjell Ingolf Ropstad var i mange \u00e5r en helt sentral klimapolitiker p\u00e5 borgerlig side. De siste par \u00e5rene har han snakket mest om kjernekraft, og n\u00e5 er han\u00a0ute av politikken.<\/p>\n<p>Ogs\u00e5 H\u00f8yres klimaprofiler er borte. Verken\u00a0Tina Bru eller Lene Westgaard-Halle tok gjenvalg i \u00e5r.\u00a0<\/p>\n<p>N\u00e5 st\u00e5r Venstres tre mandater noks\u00e5 alene p\u00e5\u00a0borgerlig side. Venstre har ogs\u00e5 mistet sine sterkeste energipolitikere, Ola Elvestuen og\u00a0Sveinung Rotevatn.\u00a0<\/p>\n<p>Ikke flertall for kabelkutting<\/p>\n<p>Men selv om Venstre er f\u00e5, kan de bli sv\u00e6rt viktige for energipolitikken.\u00a0\u00a0<\/p>\n<p>R\u00f8dt, SV, Sp og Frp har nemlig\u00a0ikke flertall\u00a0for \u00e5 kutte kraftkabler og utfordre E\u00d8S-avtalen for \u00e5 ta over nasjonal styring av kraftflyten.\u00a0<\/p>\n<p>Ap og H\u00f8yre har flertall for sin linje sammen med MDG og Venstre. Tallet er 87 mandater.<\/p>\n<p>En\u00a0pr\u00f8vestein for dette samarbeidet kan bli fornying av de to eldste kraftkablene til Danmark. Det er n\u00e5 trolig et knepent flertall for. Men Ap m\u00e5 ogs\u00e5 forholde seg til Sp og deler av fagbevegelsen, som kommer til \u00e5 ha sterke meninger om saken.<\/p>\n<p>Havvind i fare<\/p>\n<p>En annen viktig energisak kommer allerede p\u00e5\u00a0mandag: Da \u00e5pner\u00a0auksjonen om\u00a0flytende havvind p\u00e5 Utsira Nord.<\/p>\n<p>Tre selskaper har vist interesse, men det er langt fra sikkert at de\u00a0legger inn bud.\u00a0Hvis ingen byr, st\u00e5r valget mellom \u00e5 gi opp, utsette eller \u00f8ke st\u00f8ttebel\u00f8pet.\u00a0<\/p>\n<p>Frp og Krf vil kutte alle subsidier til havvind, og\u00a0R\u00f8dt er imot havvind av prinsipp. H\u00f8yre sier at de\u00a0<a href=\"https:\/\/e24.no\/energi-og-klima\/i\/63Vmer\/havvind-krangel-kan-ikke-gi-blankofullmakt-paa-35-mrd\" rel=\"nofollow noopener\" target=\"_blank\">ikke kan gi<\/a>\u00a0en blankofullmakt p\u00e5 35 milliarder. Ogs\u00e5 Ap sier at st\u00f8ttebel\u00f8pet ligger fast.<\/p>\n<p>Str\u00f8mk\u00f8 og str\u00f8mpris<\/p>\n<p>P\u00e5 litt lengre sikt m\u00e5 regjeringen stikke h\u00e5nda inn vepsebol som vindkraft, datasenter, EU-direktiver og kampen om krafta.<\/p>\n<p>Hvis datasenter-boomen blir s\u00e5 stor som det tyder p\u00e5 n\u00e5, vil det komme krav om \u00e5 sette p\u00e5 bremsen og\/eller prioritere hardere i str\u00f8mk\u00f8en.<\/p>\n<p>Det har regjeringen s\u00e5 langt turnert ved \u00e5 sette ned utvalg som sier at favorisering i str\u00f8mk\u00f8en blir sv\u00e6rt vanskelig og kan ha u\u00f8nskede konsekvenser.<\/p>\n<p>Men her kan det bli fristende for andre partier \u00e5 ri sine politiske kjepphester. For eksempel <a href=\"https:\/\/www.stortinget.no\/no\/Saker-og-publikasjoner\/Publikasjoner\/Representantforslag\/2022-2023\/dok8-202223-195s\/\" rel=\"nofollow noopener\" target=\"_blank\">mener MDG<\/a>\u00a0at kraften m\u00e5 prioriteres politisk i gr\u00f8nn retning.<\/p>\n<p>Som om ikke de n\u00f8dvendige debattene var nok, har\u00a0Ap selv lagt opp til at\u00a0str\u00f8mprisen skal settes politisk hvert eneste \u00e5r. Fastsetting av Norgespris legger opp til underbud og hestehandler over en lav sko.\u00a0<\/p>\n<p>F\u00f8rste runde skjer f\u00f8r jul neste \u00e5r.<\/p>\n<p><a class=\"group clear-both w-full !no-underline my-8 sm:my-12 bg-stone-50 dark:bg-brandStone-700 dark:text-brandNeutral-100 flex items-stretch flex-nowrap\" href=\"https:\/\/www.tu.no\/artikler\/strid-om-sorreisa-sp-varsler-kontrollsak-etter-personellflytting\/560543\" rel=\"nofollow noopener\" target=\"_blank\"><img decoding=\"async\" class=\" object-cover h-full w-full transition-transform duration-700 ease-in-out group-hover:scale-[1.05] will-change-transform\" src=\"https:\/\/www.europesays.com\/no\/wp-content\/uploads\/2025\/09\/Regjeringens%20presentasjon%20av%20KI-forskning%20-%20070923%20-%20DSCF2742.jpg\"  alt=\"Sandra Borch (Sp) varsler kontrollsak.\" loading=\"lazy\"\/><\/p>\n<p>Les ogs\u00e5:<\/p>\n<p class=\"group-hover:underline text-brandNeutral-900 dark:text-brandNeutral-100 mt-2 text-base sm:text-xl leading-5 sm:leading-6 font-bold\">Sp: Varsler kontrollsak etter flytting av Luftforsvaret-personell<\/p>\n<p><\/a><\/p>\n","protected":false},"excerpt":{"rendered":"Denne kommentaren gir uttrykk for skribentens meninger. Tallene er antall mandater p\u00e5 Stortinget for henholdsvis Frp, H\u00f8yre, Sp&hellip;\n","protected":false},"author":2,"featured_media":31669,"comment_status":"","ping_status":"","sticky":false,"template":"","format":"standard","meta":{"footnotes":""},"categories":[10],"tags":[20,21,382,24,25,15,537,266,22,23,13,30,28,29,14,16,26,27],"class_list":{"0":"post-31668","1":"post","2":"type-post","3":"status-publish","4":"format-standard","5":"has-post-thumbnail","7":"category-norge","8":"tag-breaking-news","9":"tag-breakingnews","10":"tag-energi","11":"tag-featured-news","12":"tag-featurednews","13":"tag-headlines","14":"tag-industri","15":"tag-kommentar","16":"tag-latest-news","17":"tag-latestnews","18":"tag-news","19":"tag-no","20":"tag-norge","21":"tag-norway","22":"tag-nyheter","23":"tag-overskrifter","24":"tag-top-stories","25":"tag-topstories"},"share_on_mastodon":{"url":"","error":""},"_links":{"self":[{"href":"https:\/\/www.europesays.com\/no\/wp-json\/wp\/v2\/posts\/31668","targetHints":{"allow":["GET"]}}],"collection":[{"href":"https:\/\/www.europesays.com\/no\/wp-json\/wp\/v2\/posts"}],"about":[{"href":"https:\/\/www.europesays.com\/no\/wp-json\/wp\/v2\/types\/post"}],"author":[{"embeddable":true,"href":"https:\/\/www.europesays.com\/no\/wp-json\/wp\/v2\/users\/2"}],"replies":[{"embeddable":true,"href":"https:\/\/www.europesays.com\/no\/wp-json\/wp\/v2\/comments?post=31668"}],"version-history":[{"count":0,"href":"https:\/\/www.europesays.com\/no\/wp-json\/wp\/v2\/posts\/31668\/revisions"}],"wp:featuredmedia":[{"embeddable":true,"href":"https:\/\/www.europesays.com\/no\/wp-json\/wp\/v2\/media\/31669"}],"wp:attachment":[{"href":"https:\/\/www.europesays.com\/no\/wp-json\/wp\/v2\/media?parent=31668"}],"wp:term":[{"taxonomy":"category","embeddable":true,"href":"https:\/\/www.europesays.com\/no\/wp-json\/wp\/v2\/categories?post=31668"},{"taxonomy":"post_tag","embeddable":true,"href":"https:\/\/www.europesays.com\/no\/wp-json\/wp\/v2\/tags?post=31668"}],"curies":[{"name":"wp","href":"https:\/\/api.w.org\/{rel}","templated":true}]}}