{"id":316753,"date":"2026-08-08T22:03:21","date_gmt":"2026-08-08T22:03:21","guid":{"rendered":"https:\/\/www.europesays.com\/no\/316753\/"},"modified":"2026-08-08T22:03:21","modified_gmt":"2026-08-08T22:03:21","slug":"er-det-greit-a-blande-ulike-chipssorter-i-samme-skal","status":"publish","type":"post","link":"https:\/\/www.europesays.com\/no\/316753\/","title":{"rendered":"Er det greit \u00e5 blande ulike chipssorter i samme sk\u00e5l?"},"content":{"rendered":"<p class=\"kicker bg-cyan color_mobile_bg-cyan text-black hasTextPadding mobile-hasTextPadding hasTextColor\" style=\"\">Blande potetgull:<\/p>\n<p class=\"subtitle \" style=\"\">\u00c5 blande, eller ikke blande: Det er sp\u00f8rsm\u00e5let. DinSide har spurt produsentene, som gir sin endelige dom.<\/p>\n<p>\n    HUSK ALLERGIER: Setter du fram en blandebolle, b\u00f8r gjestene se hva de tar. Krydder kan for eksempel inneholde melk, advarer Kims-sjef Stein R\u00f8nne. Foto: Mikkel Aamodt Olsen \/ DinSide\n  <\/p>\n<p>Det tilsynelatende trivielle sp\u00f8rsm\u00e5let\u00a0<a href=\"https:\/\/dinside.dagbladet.no\/fritid\/ellevill-potetgull-diskusjon-det-er-latskap\/84941032\" target=\"_blank\" rel=\"nofollow noopener\">er det greit \u00e5 blande ulike chipssorter i samme sk\u00e5l?<\/a>\u00a0skapte nylig full debatt: \u00a0<\/p>\n<p>Konklusjonen var noks\u00e5 samstemt, kunne DinSide melde, etter \u00e5 ha snakket med\u00a0etikette-eksperter, en matprofil og selveste \u00abpotetgullmannen\u00bb.\u00a0<\/p>\n<p>Det \u00abforvirrer b\u00e5de \u00f8yne og smaksl\u00f8ker\u00bb, sa \u00e9n, mens en annen mente\u00a0det var \u00ablatskap \u00e5 blande ulike sorter potetgull i samme sk\u00e5l\u00bb.<\/p>\n<p>Men hva mener egentlig de som lager chipsen? DinSide har endelig f\u00e5tt dommen fra Maarud, Kims og S\u00f8rlandschips.<\/p>\n<p>Alt er lov &#8211; nesten\t<\/p>\n<p>P\u00e5 S\u00f8rlandet bl\u00e5ser det liberale vinder &#8211; helt til du sp\u00f8r hva de gj\u00f8r hjemme hos seg selv. Sofie Oraug-Rygh, direkt\u00f8r for samfunns- og myndighetskontakt i S\u00f8rlandschips, gir f\u00f8rst gr\u00f8nt lys:<\/p>\n<p>\u2013 Vi bruker mye tid p\u00e5 \u00e5 finne perfekte smakskombinasjoner til S\u00f8rlandschips-elskere, men vi er ikke vanskeligere enn at s\u00e5 lenge folk koser seg med S\u00f8rlandschips, er alt lov.<\/p>\n<p>        Hvorfor smelter softis s\u00e5 mye fortere enn kuleis? Vi testet dem side om side i sommervarmen. Reporter\/Video: Sander Aadalen \/ Mikkel Olsen<\/p>\n<p data-lab-italic=\"italic\" class=\"italic m-italic\">&#8211; Det er et viktig sp\u00f8rsm\u00e5l du ikke svarte p\u00e5!! Hva gj\u00f8r du selv? La oss si du skal servere til et selskap: blander du?<\/p>\n<p data-lab-font_weight=\"font-weight-bold\" class=\"font-weight-bold m-font-weight-bold\">&#8211; Nei, det vil ingen i S\u00f8rlandschips finne p\u00e5 \u00e5 gj\u00f8re.<\/p>\n<p>Med andre ord st\u00e5r du fritt til \u00e5 blande, men ikke regn med \u00e5 m\u00f8te noen fra S\u00f8rlandschips i bollen.<\/p>\n<p>    <a itemprop=\"url\" href=\"https:\/\/dinside.dagbladet.no\/reise\/sor-europa-koker-da-blir-det-verst\/84949508\" rel=\"nofollow noopener\" target=\"_blank\"><\/p>\n<p>        <img loading=\"lazy\" decoding=\"async\" src=\"https:\/\/www.europesays.com\/no\/wp-content\/uploads\/2026\/08\/84949939.webp\" width=\"980\" height=\"441\" alt=\"\" class=\"lazyload\" style=\"--aspect-ratio-image: 2.22; \"\/><\/p>\n<p>        S\u00f8r-Europa koker: Da blir det verst<\/p>\n<p>    <\/a><\/p>\n<p>&#8211; Ikke noe problem\t<\/p>\n<p>Utviklingssjef Stein R\u00f8nne i Kims, som har v\u00e6rt i \u00abgamet\u00bb siden 1998, tar det hele med stor ro.<\/p>\n<p>&#8211; Jeg klarer ikke \u00e5 se s\u00e5 veldig store problemer med det. Det blir jo som n\u00e5r man blander godteri ogs\u00e5. Vi har i hvert fall aldri tenkt p\u00e5 det som noe problem, sier R\u00f8nne til DinSide.<\/p>\n<p>Han avviser ogs\u00e5 bekymringen om at smakene skal smitte over p\u00e5 hverandre og \u00f8delegge for de rene smaksopplevelsene.<\/p>\n<p>&#8211; Det er jo minimalt hva det er eventuelt vil smitte over. Smaken beholdes p\u00e5 de s\u00e6regne smakene, selv om du blander det i en bolle. Du skal r\u00f8re mye for at alt skal bli r\u00f8dt.<\/p>\n<p>        <img loading=\"lazy\" decoding=\"async\" itemprop=\"image\" src=\"https:\/\/www.europesays.com\/no\/wp-content\/uploads\/2026\/08\/84950832.webp\" width=\"180\" height=\"180\" alt=\"Stein R\u00f8nne \"\/><\/p>\n<p>                    Stein R\u00f8nne<br \/>\n                        Stein R\u00f8nne<\/p>\n<p>                    Stein R\u00f8nne<br \/>\n                        Utviklingssjef Kims<\/p>\n<p>&#8211; Jeg pleier \u00e5 servere dem enkeltvis. Jeg blander ikke chips, nei.<br \/>Foto: privat<\/p>\n<p>Han har likevel et lite tips til de som velger blandeveien:<\/p>\n<p>&#8211; Hvis man skal ha en s\u00e5nn blanding, vil det v\u00e6re lurt \u00e5 ha en blanding som viser for eksempel salt chips opp mot noe som er krydret. Da klarer du \u00e5 skille det ut.<\/p>\n<p>R\u00f8nne, som brenner spesielt for enkel og saltet chips, peker p\u00e5 ett viktig moment man m\u00e5 huske hvis man f\u00f8rst setter fram en blandebolle:<\/p>\n<p>&#8211; Hvis det er noen som er allergisk, og du serverer chips som har for eksempel melk i seg i krydderet, s\u00e5 er det viktig \u00e5 tenke p\u00e5 det. Da b\u00f8r man kanskje ha det i hver sin bolle, s\u00e5 man ser hva man tar.<\/p>\n<p>Og hva med \u00e5 blande p\u00e5 tvers av produsenter &#8211; Kims sammen med Maarud og S\u00f8rlandschips i samme bolle?<\/p>\n<p>&#8211; Nei, vi har aldri hatt noen diskusjon rundt det. Vi er jo interessert i \u00e5 selge v\u00e5re chips. Hvis v\u00e5re chips er p\u00e5 bordet, s\u00e5 er vi forn\u00f8yd, vi, ler R\u00f8nne.<\/p>\n<p>    <a itemprop=\"url\" href=\"https:\/\/dinside.dagbladet.no\/okonomi\/priskupp-det-er-de-alene-om\/84947737\" rel=\"nofollow noopener\" target=\"_blank\"><\/p>\n<p>        <img loading=\"lazy\" decoding=\"async\" src=\"https:\/\/www.europesays.com\/no\/wp-content\/uploads\/2026\/08\/84949327.webp\" width=\"980\" height=\"441\" alt=\"\" class=\"lazyload\" style=\"--aspect-ratio-image: 2.22; \"\/><\/p>\n<p>        Priskupp: &#8211; Det er de alene om<\/p>\n<p>    <\/a><\/p>\n<p>&#8211; M\u00e5\u2019ru s\u00e5 Maarud\t<\/p>\n<p>Markedssjef Maria Heimisdottir Brennodden i Maarud legger seg p\u00e5 samme liberale linje, men innr\u00f8mmer at hun selv ville g\u00e5tt for separate sk\u00e5ler.<\/p>\n<p>Samtidig understreker hun at Maarud ikke \u00f8nsker \u00e5 diktere folks kosestund.<\/p>\n<p>&#8211; Vi i Maarud er ikke opptatt av \u00e5 lage regler for hvordan folk skal kose seg. M\u00e5\u2019ru s\u00e5 Maarud handler om \u00e5 finne sin egen m\u00e5te \u00e5 skape god stemning p\u00e5, og da m\u00e5 det v\u00e6re lov \u00e5 utforske.<\/p>\n<p>        <img loading=\"lazy\" decoding=\"async\" itemprop=\"image\" src=\"https:\/\/www.europesays.com\/no\/wp-content\/uploads\/2026\/08\/84950843.webp\" width=\"180\" height=\"180\" alt=\"Maria Heimisdottir Brennodden \"\/><\/p>\n<p>                    Maria Heimisdottir Brennodden<br \/>\n                        Maria Heimisdottir Brennodden<\/p>\n<p>                    Maria Heimisdottir Brennodden<br \/>\n                        Markedssjef Maarud<\/p>\n<p>&#8211; Skal jeg v\u00e6re helt \u00e6rlig, ville jeg nok servert \u00e9n smak i hver sk\u00e5l hjemme hos meg. Da f\u00e5r hver smak skinne for seg selv, sier hun.<br \/>Foto: B\u00e5rd Gundersen \/ Maarud<\/p>\n<p>Faktisk bygger flere av Maaruds produkter p\u00e5 nettopp blandeprinsippet, p\u00e5peker hun:<\/p>\n<p>&#8211; Holiday Dip er laget for \u00e5 gi potetgullet en ekstra smaksdimensjon, og Tortilla Mix inneholder b\u00e5de tortillachips med ost og maissnacks med sweet chili i samme pose.<\/p>\n<p>&#8211; Vil du nyte hver smak akkurat slik den er utviklet, server dem hver for seg. Har du lyst til \u00e5 eksperimentere, er det bare \u00e5 pr\u00f8ve. Det viktigste er at snacksen skaper god stemning rundt bordet.<\/p>\n<p>    <a itemprop=\"url\" href=\"https:\/\/dinside.dagbladet.no\/fritid\/her-lages-halve-landets-ol\/84842368\" rel=\"nofollow noopener\" target=\"_blank\"><\/p>\n<p>        <img loading=\"lazy\" decoding=\"async\" src=\"https:\/\/www.europesays.com\/no\/wp-content\/uploads\/2026\/08\/84844969.webp\" width=\"980\" height=\"441\" alt=\"\" class=\"lazyload\" style=\"--aspect-ratio-image: 2.22; \"\/><\/p>\n<p>        &#8211; En stigende trend<\/p>\n<p>    <\/a><\/p>\n<p>&#8211; Alt er lov\t<\/p>\n<p>S\u00e5 etter runden med b\u00e5de etikette-eksperter, matprofiler, potetgullmannen selv og n\u00e5 landets tre store chipsprodusenter, hva sitter vi igjen med?<\/p>\n<p>Ekspertene fnyser. Produsentene trekker p\u00e5 skuldrene. Alle tre chipsgigantene sier faktisk det samme: Server som du vil, men v\u00e6r oppmerksom p\u00e5 allergier hvis du velger blandebollen.<\/p>\n","protected":false},"excerpt":{"rendered":"Blande potetgull: \u00c5 blande, eller ikke blande: Det er sp\u00f8rsm\u00e5let. DinSide har spurt produsentene, som gir sin endelige&hellip;\n","protected":false},"author":2,"featured_media":316754,"comment_status":"","ping_status":"","sticky":false,"template":"","format":"standard","meta":{"footnotes":"","_share_on_mastodon":"0"},"categories":[56],"tags":[60,61,728,25302,6280,62,30,28,29,6281,23271],"class_list":["post-316753","post","type-post","status-publish","format-standard","has-post-thumbnail","category-naeringsliv","tag-business","tag-economy","tag-fritid","tag-kims","tag-maarud","tag-naeringsliv","tag-no","tag-norge","tag-norway","tag-potetgull","tag-sorlandschips"],"share_on_mastodon":{"url":"https:\/\/pubeurope.com\/@no\/117062153774674179","error":""},"_links":{"self":[{"href":"https:\/\/www.europesays.com\/no\/wp-json\/wp\/v2\/posts\/316753","targetHints":{"allow":["GET"]}}],"collection":[{"href":"https:\/\/www.europesays.com\/no\/wp-json\/wp\/v2\/posts"}],"about":[{"href":"https:\/\/www.europesays.com\/no\/wp-json\/wp\/v2\/types\/post"}],"author":[{"embeddable":true,"href":"https:\/\/www.europesays.com\/no\/wp-json\/wp\/v2\/users\/2"}],"replies":[{"embeddable":true,"href":"https:\/\/www.europesays.com\/no\/wp-json\/wp\/v2\/comments?post=316753"}],"version-history":[{"count":0,"href":"https:\/\/www.europesays.com\/no\/wp-json\/wp\/v2\/posts\/316753\/revisions"}],"wp:featuredmedia":[{"embeddable":true,"href":"https:\/\/www.europesays.com\/no\/wp-json\/wp\/v2\/media\/316754"}],"wp:attachment":[{"href":"https:\/\/www.europesays.com\/no\/wp-json\/wp\/v2\/media?parent=316753"}],"wp:term":[{"taxonomy":"category","embeddable":true,"href":"https:\/\/www.europesays.com\/no\/wp-json\/wp\/v2\/categories?post=316753"},{"taxonomy":"post_tag","embeddable":true,"href":"https:\/\/www.europesays.com\/no\/wp-json\/wp\/v2\/tags?post=316753"}],"curies":[{"name":"wp","href":"https:\/\/api.w.org\/{rel}","templated":true}]}}