{"id":31682,"date":"2025-09-10T13:23:15","date_gmt":"2025-09-10T13:23:15","guid":{"rendered":"https:\/\/www.europesays.com\/no\/31682\/"},"modified":"2025-09-10T13:23:15","modified_gmt":"2025-09-10T13:23:15","slug":"romeriksdebatten-lsk-gratulerer-og-takk-tommy","status":"publish","type":"post","link":"https:\/\/www.europesays.com\/no\/31682\/","title":{"rendered":"Romeriksdebatten, LSK | Gratulerer og takk, Tommy!"},"content":{"rendered":"\n<p>En av Norges st\u00f8rste gjennom alle tider kunne blitt proff i Bayern M\u00fcnchen, og han var sterkt \u00f8nsket av Ajax i 1973 for \u00e5 erstatte en av verdens beste fotballspillere, Johan Cruyff.<\/p>\n<p>S\u00e5 hvordan kunne Europas storklubber ligge langflate etter en som spilte i 3. divisjon i Norge, i \u00d8stland\/Nordre, som avdelingen het den gang? Fordi Tommy spilte p\u00e5 landslaget. En spiller p\u00e5 tredje niv\u00e5 med flagget p\u00e5 brystet!<\/p>\n<p>Lillestr\u00f8m p\u00e5 kartet<\/p>\n<p>Tommy takket nei til storklubb etter storklubb. Han valgte isteden \u00e5 v\u00e6re lojal, fast bestemt p\u00e5 \u00e5 l\u00f8fte LSK opp som toppklubb. Mesterlaget som tok gull i 1959, var hans store inspirasjon. Gjenreisingen satte Lillestr\u00f8m p\u00e5 kartet og gjorde byen kjent utenfor landets grenser som Tom Lunds hjemsted.<\/p>\n<p>Jeg vokste opp i Lillestr\u00f8m, en god langpasning fra \u00c5r\u00e5sen, og fikk lov til \u00e5 frekventere stadion aleine som 7-\u00e5ring i 1975, det samme \u00e5ret Sportsklubben returnerte til toppen av norsk fotball. Vi pleide \u00e5 g\u00e5 bort til andre omgang. Da kom vi gratis inn, og det var mulig \u00e5 snike seg til et glimt av gressmatta ved \u00e5 klatre opp p\u00e5 baksiden av reklameskiltene der de voksne hadde forlatt plassene sine for \u00e5 st\u00e5 i buljongk\u00f8.<\/p>\n<p>   <img decoding=\"async\" width=\"3150\" height=\"2362\" fetchpriority=\"low\"  loading=\"lazy\"  src=\"https:\/\/www.europesays.com\/no\/wp-content\/uploads\/2025\/09\/lskutstilling3.jpg\" alt=\"Cupfinale Fra venstre: Tom Lund, Einar Krokan og Hans Majestet Kong Olav V Foto: Tore Sannum. Dato:22.10.1978  \" class=\"brick-c-cFOWSL\" style=\"--brick-image-ratio: 3150 \/ 2362;\"\/><\/p>\n<p>    KONGEM\u00d8TE: Tom Lund mottar kongepokalen av kong Olav V p\u00e5 Ullev\u00e5l i 1978. I midten formann Einar Krokan.<br \/>\n    Foto: Tore Sannum\n  <\/p>\n<p>  Steget<\/p>\n<p>Det var herfra jeg fikk mine f\u00f8rste glimt av Tom Lund. Steget. Tommys enorme klyv. Han kunne gj\u00f8re hva han ville med ballen, og jeg husker publikum, som dukker i en Ivo Caprino-film, h\u00e5nflirte av motstanderne n\u00e5r stedets store s\u00f8nn rykket eller la ut p\u00e5 sine enorme dribleraid \u2013 og scoret.<\/p>\n<p>Gullet i 1976 var Tom Lunds st\u00f8rste fotball\u00f8yeblikk. Da hadde han etter mange tunge \u00e5r i lavere divisjoner endelig lyktes med \u00e5 krone klubben i sitt hjerte. I 1977 tok Lillestr\u00f8m \u00abThe Double\u00bb med tidenes mannskap. Nonamat\u00f8rene kj\u00f8rte rundt i gule Honda Civic-er og rystet Europas beste lag, Ajax, i europacupen med 2-0-seier p\u00e5 Ullevaal. Jeg var p\u00e5 Ullev\u00e5l sammen med faren min, men skj\u00f8nte ikke hvor stort det var.<\/p>\n<p>I Tom Lunds storhetsperiode var han og LSK s\u00e5 gode at klubben ble hatet fra landsende til landsende. Tommy ble m\u00f8tt med pipekonsert. Egentlig en anerkjennelse som viste hvor mye motstanderne fryktet hans ferdigheter.<\/p>\n<p>   <img decoding=\"async\" width=\"3200\" height=\"1972\" fetchpriority=\"low\"  loading=\"lazy\"  src=\"https:\/\/www.europesays.com\/no\/wp-content\/uploads\/2025\/09\/30nyhtommy5_nytt_seriegull_77_foto_tore_sannum_1.jpg\" alt=\"\" class=\"brick-c-cFOWSL\" style=\"--brick-image-ratio: 3200 \/ 1972;\"\/><\/p>\n<p>    GULL: Tom Lund og trener Joe Hooley feirer seriegullet p\u00e5 \u00c5r\u00e5sen i 1977.<br \/>\n    Foto: TORE SANNUM\n  <\/p>\n<p>  En av de st\u00f8rste<\/p>\n<p>Da jeg intervjuet n\u00e5 avd\u00f8de Joe Hooley, som var trener i gull\u00e5rene midt p\u00e5 70-tallet, og spurte ham om Tommy, sa han: \u00abTom Lund er en av de beste spillerne jeg har sett, og jeg har sett Cruyff, Beckenbauer og Pel\u00e9\u00bb.<\/p>\n<p>I forbindelse med grunnlovsjubileet i 2014 k\u00e5ret en jury sammensatt av Romerikes Blad de 100 viktigste romerikingene siden 1814. Tom Lund fikk tredjeplassen, men ble skj\u00f8vet opp p\u00e5 andre av leserne i k\u00e5ringen, rett bak Henrik Wergeland. \u00abHva hadde byen v\u00e6rt uten fotballaget?\u00bb spurte juryen retorisk i sin begrunnelse.<\/p>\n<p>Legenden<\/p>\n<p>Tom Lund har levd en tilbaketrukket tilv\u00e6relse etter at han ga seg som spiller og trener. Han har f\u00e5tt velfortjente \u00abSteget\u00bb utenfor \u00c5r\u00e5sen, men trenger egentlig ingen statue for \u00e5 bli husket. Overalt hvor fotballinteresserte samles vil det ogs\u00e5 i ti\u00e5rene som kommer bli snakket om Tom Lund. Gratulerer med dagen, Tommy!<\/p>\n<p>  <a href=\"https:\/\/www.rb.no\/5-43-458332\" class=\"related-teaser has-image default-gallery-teaser article--c-eRUmMG article--c-eRUmMG-jKCPdD-design-default\" rel=\"nofollow noopener\" target=\"_blank\"><\/p>\n<p>    <img decoding=\"async\" loading=\"lazy\"  src=\"https:\/\/www.europesays.com\/no\/wp-content\/uploads\/2025\/09\/Bilde+007.jpg\" alt=\"\" class=\"brick-c-cFOWSL\" style=\"\"\/><\/p>\n<p>\n            Bildeserie<\/p>\n<p>              Tommys f\u00f8rste seriegull 1976\n        <\/p>\n<p>  <\/a><\/p>\n<p>  <a href=\"https:\/\/www.rb.no\/5-43-449974\" class=\"related-teaser has-image default-gallery-teaser article--c-eRUmMG article--c-eRUmMG-jKCPdD-design-default\" rel=\"nofollow noopener\" target=\"_blank\"><\/p>\n<p>    <img decoding=\"async\" loading=\"lazy\"  src=\"https:\/\/www.europesays.com\/no\/wp-content\/uploads\/2025\/09\/Lagbildet+tatt+i+76-drakter.jpg\" alt=\"\" class=\"brick-c-cFOWSL\" style=\"\"\/><\/p>\n<p>\n            Bildeserie<\/p>\n<p>              Seriemestere -77\n        <\/p>\n<p>  <\/a><\/p>\n","protected":false},"excerpt":{"rendered":"En av Norges st\u00f8rste gjennom alle tider kunne blitt proff i Bayern M\u00fcnchen, og han var sterkt \u00f8nsket&hellip;\n","protected":false},"author":2,"featured_media":31683,"comment_status":"","ping_status":"","sticky":false,"template":"","format":"standard","meta":{"footnotes":""},"categories":[59],"tags":[36,729,1541,30,28,29,1533,5060,83,82,5061],"class_list":{"0":"post-31682","1":"post","2":"type-post","3":"status-publish","4":"format-standard","5":"has-post-thumbnail","7":"category-sport","8":"tag-art","9":"tag-lillestrom","10":"tag-lsk","11":"tag-no","12":"tag-norge","13":"tag-norway","14":"tag-opinion","15":"tag-romeriksdebatten","16":"tag-sport","17":"tag-sports","18":"tag-tom-lund"},"share_on_mastodon":{"url":"","error":""},"_links":{"self":[{"href":"https:\/\/www.europesays.com\/no\/wp-json\/wp\/v2\/posts\/31682","targetHints":{"allow":["GET"]}}],"collection":[{"href":"https:\/\/www.europesays.com\/no\/wp-json\/wp\/v2\/posts"}],"about":[{"href":"https:\/\/www.europesays.com\/no\/wp-json\/wp\/v2\/types\/post"}],"author":[{"embeddable":true,"href":"https:\/\/www.europesays.com\/no\/wp-json\/wp\/v2\/users\/2"}],"replies":[{"embeddable":true,"href":"https:\/\/www.europesays.com\/no\/wp-json\/wp\/v2\/comments?post=31682"}],"version-history":[{"count":0,"href":"https:\/\/www.europesays.com\/no\/wp-json\/wp\/v2\/posts\/31682\/revisions"}],"wp:featuredmedia":[{"embeddable":true,"href":"https:\/\/www.europesays.com\/no\/wp-json\/wp\/v2\/media\/31683"}],"wp:attachment":[{"href":"https:\/\/www.europesays.com\/no\/wp-json\/wp\/v2\/media?parent=31682"}],"wp:term":[{"taxonomy":"category","embeddable":true,"href":"https:\/\/www.europesays.com\/no\/wp-json\/wp\/v2\/categories?post=31682"},{"taxonomy":"post_tag","embeddable":true,"href":"https:\/\/www.europesays.com\/no\/wp-json\/wp\/v2\/tags?post=31682"}],"curies":[{"name":"wp","href":"https:\/\/api.w.org\/{rel}","templated":true}]}}