{"id":31690,"date":"2025-09-10T13:35:10","date_gmt":"2025-09-10T13:35:10","guid":{"rendered":"https:\/\/www.europesays.com\/no\/31690\/"},"modified":"2025-09-10T13:35:10","modified_gmt":"2025-09-10T13:35:10","slug":"dagligvare-palegg-siste-boks-med-notte-lages-i-dag","status":"publish","type":"post","link":"https:\/\/www.europesays.com\/no\/31690\/","title":{"rendered":"Dagligvare, P\u00e5legg | Siste boks med N\u00f8tte lages i dag"},"content":{"rendered":"\n<p>Onsdag er det slutt for enda et gammelt p\u00e5legg. Etter 60 \u00e5r lages den siste boksen med hasseln\u00f8ttp\u00e5legget N\u00f8tte.<\/p>\n<p>Etter 60 \u00e5r med sm\u00f8rep\u00e5legget N\u00f8tte har salgstallene falt. P\u00e5 grunn av gamle maskiner og f\u00e5 kj\u00f8pere, blir produksjonen stanset onsdag, skriver <a href=\"https:\/\/www.vg.no\/nyheter\/i\/o3XwqK\/naa-er-det-slutt-for-noette\" rel=\"nofollow noopener\" target=\"_blank\">VG<\/a>.<\/p>\n<p>\u2013 Siste produksjon av N\u00f8tte er faktisk i dag, skriver kommunikasjonssjef i Orkla Foods Norge, Kristoffer Barb\u00f8l Vikebak til VG.<\/p>\n<p>Bare for en uke siden stoppet Orkla ogs\u00e5 produksjonen av Sunda, som har v\u00e6rt produsert siden 1930.<\/p>\n<p>Maskinene som lager b\u00e5de N\u00f8tte og Sunda-p\u00e5legget er gamle og dyre i drift, if\u00f8lge Orkla.<\/p>\n<p>  <a href=\"https:\/\/www.rb.no\/5-43-2562447\" class=\"related-teaser has-image default-story-teaser article--c-eRUmMG article--c-eRUmMG-jKCPdD-design-default\" rel=\"nofollow noopener\" target=\"_blank\"><\/p>\n<p>    <img decoding=\"async\" loading=\"lazy\"  src=\"https:\/\/www.europesays.com\/no\/wp-content\/uploads\/2025\/09\/regn_foto_pivi.jpg\" alt=\"\" class=\"brick-c-cFOWSL\" style=\"\"\/><\/p>\n<p>\n            Les ogs\u00e5<\/p>\n<p>              \u2013 Det blir intenst\n        <\/p>\n<p>  <\/a><\/p>\n<p>  <a href=\"https:\/\/www.rb.no\/5-43-2561814\" class=\"related-teaser has-image default-story-teaser article--c-eRUmMG article--c-eRUmMG-jKCPdD-design-default\" rel=\"nofollow noopener\" target=\"_blank\"><\/p>\n<p>    <img decoding=\"async\" loading=\"lazy\"  src=\"https:\/\/www.europesays.com\/no\/wp-content\/uploads\/2025\/09\/trening.jpeg\" alt=\"\" class=\"brick-c-cFOWSL\" style=\"\"\/><\/p>\n<p>\n            Les ogs\u00e5<\/p>\n<p>              Legger ned etter tre og et halvt \u00e5r: \u2013 Veldig kjedelig\n        <\/p>\n<p>  <\/a><\/p>\n<p>Les mer om: artikkelemnene<\/p>\n","protected":false},"excerpt":{"rendered":"Onsdag er det slutt for enda et gammelt p\u00e5legg. Etter 60 \u00e5r lages den siste boksen med hasseln\u00f8ttp\u00e5legget&hellip;\n","protected":false},"author":2,"featured_media":31691,"comment_status":"","ping_status":"","sticky":false,"template":"","format":"standard","meta":{"footnotes":""},"categories":[10],"tags":[36,20,21,824,24,25,15,22,23,13,30,28,29,14,16,4646,1510,26,27],"class_list":{"0":"post-31690","1":"post","2":"type-post","3":"status-publish","4":"format-standard","5":"has-post-thumbnail","7":"category-norge","8":"tag-art","9":"tag-breaking-news","10":"tag-breakingnews","11":"tag-dagligvare","12":"tag-featured-news","13":"tag-featurednews","14":"tag-headlines","15":"tag-latest-news","16":"tag-latestnews","17":"tag-news","18":"tag-no","19":"tag-norge","20":"tag-norway","21":"tag-nyheter","22":"tag-overskrifter","23":"tag-palegg","24":"tag-story","25":"tag-top-stories","26":"tag-topstories"},"share_on_mastodon":{"url":"","error":""},"_links":{"self":[{"href":"https:\/\/www.europesays.com\/no\/wp-json\/wp\/v2\/posts\/31690","targetHints":{"allow":["GET"]}}],"collection":[{"href":"https:\/\/www.europesays.com\/no\/wp-json\/wp\/v2\/posts"}],"about":[{"href":"https:\/\/www.europesays.com\/no\/wp-json\/wp\/v2\/types\/post"}],"author":[{"embeddable":true,"href":"https:\/\/www.europesays.com\/no\/wp-json\/wp\/v2\/users\/2"}],"replies":[{"embeddable":true,"href":"https:\/\/www.europesays.com\/no\/wp-json\/wp\/v2\/comments?post=31690"}],"version-history":[{"count":0,"href":"https:\/\/www.europesays.com\/no\/wp-json\/wp\/v2\/posts\/31690\/revisions"}],"wp:featuredmedia":[{"embeddable":true,"href":"https:\/\/www.europesays.com\/no\/wp-json\/wp\/v2\/media\/31691"}],"wp:attachment":[{"href":"https:\/\/www.europesays.com\/no\/wp-json\/wp\/v2\/media?parent=31690"}],"wp:term":[{"taxonomy":"category","embeddable":true,"href":"https:\/\/www.europesays.com\/no\/wp-json\/wp\/v2\/categories?post=31690"},{"taxonomy":"post_tag","embeddable":true,"href":"https:\/\/www.europesays.com\/no\/wp-json\/wp\/v2\/tags?post=31690"}],"curies":[{"name":"wp","href":"https:\/\/api.w.org\/{rel}","templated":true}]}}