{"id":31692,"date":"2025-09-10T13:36:46","date_gmt":"2025-09-10T13:36:46","guid":{"rendered":"https:\/\/www.europesays.com\/no\/31692\/"},"modified":"2025-09-10T13:36:46","modified_gmt":"2025-09-10T13:36:46","slug":"tpo-blir-forbudt","status":"publish","type":"post","link":"https:\/\/www.europesays.com\/no\/31692\/","title":{"rendered":"TPO blir forbudt"},"content":{"rendered":"<p class=\"kicker bg-cyan color_mobile_bg-cyan text-black hasTextPadding mobile-hasTextPadding\" style=\"\">TPO<\/p>\n<p>  Full forvirring rundt nytt neglelakk-forbud.<\/p>\n<p>\n    FORBUDT: TPO brukes ofte i gellakk. Bildet er ment som illustrasjon. Foto: Shutterstock\n  <\/p>\n<p>    Kort fortalt<\/p>\n<p lang=\"nb-NO\">EU innf\u00f8rer forbud mot over 20 kjemiske stoffer i kosmetikk fra 1. september 2025.<\/p>\n<p lang=\"nb-NO\">Forbudet inkluderer TPO, brukt i UV- og LED-herdende gel\u00e9lakker, og har skapt sterke reaksjoner.<\/p>\n<p lang=\"nb-NO\">Mattilsynet oppklarer at forbudet i Norge f\u00f8rst gjelder n\u00e5r det er innlemmet i E\u00d8S-avtalen, trolig i oktober.<\/p>\n<p lang=\"nb-NO\">Petra Askegren uttrykker frustrasjon over forvirringen og etterlyser klarere kommunikasjon fra Mattilsynet.<\/p>\n<p class=\"italic ai-disclaimer\" data-lab-italic=\"italic\">Sammendraget er laget av ChatGPT og godkjent av DinSide.<\/p>\n<p>      Vis mer<br \/>\n      Vis mindre<\/p>\n<p> Fra 1. september 2025 innf\u00f8te EU et forbud mot mer enn 20 kjemiske stoffer i kosmetikk og kroppspleie, som er vurdert som kreftframkallende, skadelige for forplantningsevnen eller hormonforstyrrende. <\/p>\n<p> Blant stoffene er trimethylbenzoyl diphenylphosphine oxide (TPO), en ingrediens i UV- og LED-herdende gel\u00e9lakker. <\/p>\n<p>Forbudet med gel\u00e9lakk har skapt sterke reaksjoner, og\u00a0Petra Askegren, markedsansvarlig i NeglAkademiet, er en av dem <a href=\"https:\/\/dinside.dagbladet.no\/fritid\/alt-ma-kastes\/83532489\" rel=\"nofollow noopener\" target=\"_blank\">som har g\u00e5tt hardt ut mot det<\/a>. Hun uttalte nylig til DinSide at det rundt henne st\u00e5r paller fulle av produkter de ikke lenger kan selge eller bruke.\u00a0<\/p>\n<p>Hun estimerer at utsalgsverdien p\u00e5 varene er p\u00e5 over en million kroner.\u00a0<\/p>\n<p class=\"font-weight-bold m-font-weight-bold\" data-lab-font_weight=\"font-weight-bold\">N\u00e5 har saken tatt en ny vending.<\/p>\n<p>        NYTT: Det er ikke mange som har f\u00e5tt med seg dette! Video: Embla Hjort-Larsen<\/p>\n<p>&#8211; Forvirring\t<\/p>\n<p>I en e-post til DinSide fredag 5. september sier Mattilsynet at forbudet ikke gjelder fra 1. september likevel.<\/p>\n<p>&#8211;\u00a0Det har dessverre v\u00e6rt noe forvirring rundt n\u00e5r forbudet vil gjelde i Norge. Forbudet tr\u00e5dte i kraft i EU 1. september, men etter n\u00e6rmere avklaringer viser det seg at forbudet formelt f\u00f8rst gjelder i Norge n\u00e5r endringen er innlemmet i E\u00d8S-avtalen, skriver seksjonssjef Marius Kallerud Beck ved seksjon kjemisk mattrygghet i Mattilsynet i en e-post til DinSide.<\/p>\n<p class=\"font-weight-bold m-font-weight-bold\" data-lab-font_weight=\"font-weight-bold\">&#8211; Forbudet vil alts\u00e5 komme i Norge, men anslagsvis f\u00f8rst i oktober. Det gir virksomhetene noe mer tid til \u00e5 forberede seg, skriver han.<\/p>\n<p>    <a itemprop=\"url\" href=\"https:\/\/dinside.dagbladet.no\/fritid\/ville-aldri-gitt-barna-mine\/83535638\" rel=\"nofollow noopener\" target=\"_blank\"><\/p>\n<p>      <img loading=\"lazy\" decoding=\"async\" src=\"https:\/\/www.europesays.com\/no\/wp-content\/uploads\/2025\/09\/83546957.webp\" width=\"980\" height=\"441\" title=\"- Ville aldri gitt barna mine\" alt=\"\" class=\"lazyload\" style=\"--aspect-ratio-image: 2.22; \"\/><\/p>\n<p>        &#8211; Ville aldri gitt barna mine<\/p>\n<p>    <\/a><\/p>\n<p>Irritasjon\t<\/p>\n<p>N\u00e5r DinSide ringer Askegren igjen med den nye informasjonen, sier hun at hun f\u00f8rst og fremst er takknemlig for at\u00a0salongene\u00a0f\u00e5r bedre frist.<\/p>\n<p>&#8211; Men den burde helst burde v\u00e6rt p\u00e5 ett \u00e5r som de har gitt uttrykk for ved flere anledninger. Det skaper jo ekstra uro og\u00a0irritasjon\u00a0n\u00e5r man er s\u00e5 utydelig som Mattilsynet har v\u00e6rt her, og det blir ekstra frustrerende n\u00e5r det er s\u00e5 mye fram og tilbake, forteller hun.<\/p>\n<p>If\u00f8lge Askengren fikk de f\u00f8rst vite\u00a0at\u00a0forbudet\u00a0ogs\u00e5 omfattet bruk i behandling i en post p\u00e5 sosiale medeier fra Nederland\u00a0i\u00a0slutten av\u00a0juni og at det skulle tre i kraft\u00a01. september i EU. Derfor tok de kontakt med Mattilsynet i juli for mer informasjon.<\/p>\n<p>&#8211;\u00a0I august\u00a0fikk vi beskjed fra Mattilsynet om at det p\u00e5 bakgrunn av EUs forbud, ogs\u00e5 er forbudt i Norge fra 1. september.\u00a0Da gikk vi ut med dette budskapet og mest mulig informasjon om TPO til alle v\u00e5re kunder.\u00a0Like etter at vi sendt\u00a0ut denne informasjon,\u00a0stod det p\u00e5 Mattilsynets nettsider at det var lov \u00e5 bruke TPO til det forbudet var godkjent i norsk lov.\u00a0Et par dager seinere snudde de igjen og la ut at det var forbudt. N\u00e5\u00a0snur\u00a0de\u00a0igjen.<\/p>\n<p class=\"font-weight-bold m-font-weight-bold\" data-lab-font_weight=\"font-weight-bold\">Hun mener de m\u00e5 f\u00e5 en ny uttalelse fra Mattilsynet.<\/p>\n<p>&#8211; De er en viktig instans,\u00a0s\u00e5\u00a0vi m\u00e5 f\u00f8lge opp\u00a0dette omg\u00e5ende. Det er\u00a0viktig at de gir et\u00a0endelig og\u00a0klart budskap\u00a0slik at salonger rundt om i landet vet hva de har \u00e5 forholde seg til. Vi har allerede fjernet alle produkter med TPO fra v\u00e5r nettbutikk og v\u00e5r fysiske fagbutikk &#8211; vi vil ikke selge noe med TPO f\u00f8r et eventuelt forbud av salg helt blir fjernet.<\/p>\n<p class=\"font-weight-bold m-font-weight-bold italic m-italic\" data-lab-font_weight=\"font-weight-bold\" data-lab-italic=\"italic\">DinSide har forelagt kritikken fra Askegren overfor Mattilsynet, som ikke har ytterligere kommentarer til saken.\u00a0<\/p>\n","protected":false},"excerpt":{"rendered":"TPO Full forvirring rundt nytt neglelakk-forbud. FORBUDT: TPO brukes ofte i gellakk. Bildet er ment som illustrasjon. Foto:&hellip;\n","protected":false},"author":2,"featured_media":31693,"comment_status":"","ping_status":"","sticky":false,"template":"","format":"standard","meta":{"footnotes":""},"categories":[5],"tags":[20,21,24,25,728,15,19,22,23,17,18,13,30,28,29,14,16,26,27],"class_list":{"0":"post-31692","1":"post","2":"type-post","3":"status-publish","4":"format-standard","5":"has-post-thumbnail","7":"category-overskrifter","8":"tag-breaking-news","9":"tag-breakingnews","10":"tag-featured-news","11":"tag-featurednews","12":"tag-fritid","13":"tag-headlines","14":"tag-hovedoppslag","15":"tag-latest-news","16":"tag-latestnews","17":"tag-main-news","18":"tag-mainnews","19":"tag-news","20":"tag-no","21":"tag-norge","22":"tag-norway","23":"tag-nyheter","24":"tag-overskrifter","25":"tag-top-stories","26":"tag-topstories"},"share_on_mastodon":{"url":"","error":""},"_links":{"self":[{"href":"https:\/\/www.europesays.com\/no\/wp-json\/wp\/v2\/posts\/31692","targetHints":{"allow":["GET"]}}],"collection":[{"href":"https:\/\/www.europesays.com\/no\/wp-json\/wp\/v2\/posts"}],"about":[{"href":"https:\/\/www.europesays.com\/no\/wp-json\/wp\/v2\/types\/post"}],"author":[{"embeddable":true,"href":"https:\/\/www.europesays.com\/no\/wp-json\/wp\/v2\/users\/2"}],"replies":[{"embeddable":true,"href":"https:\/\/www.europesays.com\/no\/wp-json\/wp\/v2\/comments?post=31692"}],"version-history":[{"count":0,"href":"https:\/\/www.europesays.com\/no\/wp-json\/wp\/v2\/posts\/31692\/revisions"}],"wp:featuredmedia":[{"embeddable":true,"href":"https:\/\/www.europesays.com\/no\/wp-json\/wp\/v2\/media\/31693"}],"wp:attachment":[{"href":"https:\/\/www.europesays.com\/no\/wp-json\/wp\/v2\/media?parent=31692"}],"wp:term":[{"taxonomy":"category","embeddable":true,"href":"https:\/\/www.europesays.com\/no\/wp-json\/wp\/v2\/categories?post=31692"},{"taxonomy":"post_tag","embeddable":true,"href":"https:\/\/www.europesays.com\/no\/wp-json\/wp\/v2\/tags?post=31692"}],"curies":[{"name":"wp","href":"https:\/\/api.w.org\/{rel}","templated":true}]}}