{"id":31694,"date":"2025-09-10T13:38:08","date_gmt":"2025-09-10T13:38:08","guid":{"rendered":"https:\/\/www.europesays.com\/no\/31694\/"},"modified":"2025-09-10T13:38:08","modified_gmt":"2025-09-10T13:38:08","slug":"skilsmisse-anklager-og-avlyst-turne-mans-zelmerlows-skandalear-2025","status":"publish","type":"post","link":"https:\/\/www.europesays.com\/no\/31694\/","title":{"rendered":"Skilsmisse, anklager og avlyst turn\u00e9: M\u00e5ns Zelmerl\u00f6ws skandale\u00e5r 2025"},"content":{"rendered":"<p class=\"kicker \" style=\"\">M\u00e5ns Zelmerl\u00f6w:\u00a0<\/p>\n<p>  Etter et \u00e5r fylt av skilsmissekaos, anklager og en skuffende Melodifestival, planlegger M\u00e5ns Zelmerl\u00f6w \u00e5 fortelle alt.\u00a0<\/p>\n<p>\n    TRIST: M\u00e5ns Zelmerl\u00f6w t\u00f8rker t\u00e5rer etter Melodifestivalen i Stockholm i mars 2025. Foto: Olle Sporrong \/ Expressen \/ TT\n  <\/p>\n<p>Den svenske artisten M\u00e5ns Zelmerl\u00f6w (39) har hatt et t\u00f8ft \u00e5r.\u00a0<\/p>\n<p>    <a itemprop=\"url\" href=\"https:\/\/www.seher.no\/kjendis\/tok-et-siste-farvel\/83568619\" rel=\"nofollow noopener\" target=\"_blank\"><\/p>\n<p>      <img loading=\"lazy\" decoding=\"async\" src=\"https:\/\/www.europesays.com\/no\/wp-content\/uploads\/2025\/09\/83568891.webp\" width=\"980\" height=\"441\" title=\"Tok et siste farvel\" alt=\"\" class=\"lazyload\" style=\"--aspect-ratio-image: 2.22; \"\/><\/p>\n<p>        Tok et siste farvel<\/p>\n<p>    <\/a><\/p>\n<p>Etter at han tapte Melodifestivalen i Stockholm tidligere i \u00e5r, hopet det seg opp med skandaler for sangeren. N\u00e5 skriver <a href=\"https:\/\/www.expressen.se\/noje\/mans-zelmerlow-skriver-bok-om-turbulent-tid-\/\" rel=\"nofollow noopener\" target=\"_blank\">Expressen<\/a> at han skal skrive bok.\u00a0<\/p>\n<p>Et \u00e5r preget av skandale\t<\/p>\n<p> 2025 ble \u00e5ret da M\u00e5ns Zelmerl\u00f6ws liv raknet, b\u00e5de p\u00e5 scenen og hjemme.<\/p>\n<p>Etter Melodifestivalen i mars, der han endte p\u00e5 en skuffende andreplass med \u00abRevolution\u00bb, ble <a href=\"https:\/\/www.seher.no\/kjendis\/na-er-det-slutt\/82838140\" rel=\"nofollow noopener\" target=\"_blank\">skilsmissen fra Ciara Janson<\/a>\u00a0(38) offentlig.\u00a0<\/p>\n<p> Kort tid etter gikk Janson hardt ut p\u00e5 Instagram.\u00a0<\/p>\n<p>        SKUFFET: M\u00e5ns Zelmerl\u00f6w klarte ikke \u00e5 skjule skuffelsen da han tok andreplassen i svenske Melodifestivalen l\u00f8rdag kveld. Reporter: Ellinor Saari \/ Video: Tilda Lind\u00e9n \/ Expressen<\/p>\n<p>Hun anklaget Eurovision-stjernen for <a href=\"https:\/\/www.seher.no\/kjendis\/tatt-pa-fersken-av-kona\/83038004\" rel=\"nofollow noopener\" target=\"_blank\">fysisk og emosjonelt misbruk, narkotikabruk og gjentatte utroskap<\/a>. Innlegget ble raskt slettet, men sjokkb\u00f8lgen slo inn i b\u00e5de Sverige og utlandet. <\/p>\n<p class=\"font-weight-bold m-font-weight-bold\" data-lab-font_weight=\"font-weight-bold\">Zelmerl\u00f6w svarte med \u00e5 <a href=\"https:\/\/www.seher.no\/kjendis\/den-verste-tiden-i-mitt-liv\/83033968?utm_source=chatgpt.com\" rel=\"nofollow noopener\" target=\"_blank\">avvise alt<\/a> og ba om at saken ble holdt privat. Han hevdet barna ble dratt inn i mediestormen, og uttrykte uro for at oppstyret gikk ut over dem.<\/p>\n<p>          <img loading=\"lazy\" decoding=\"async\" src=\"https:\/\/www.europesays.com\/no\/wp-content\/uploads\/2025\/09\/83299277.webp\" width=\"686\" height=\"556\" title=\"KJ\u00c6RLIGHET: M\u00e5ns Zelmerl\u00f6w og Ciara Janson sammen f\u00f8r bruddet ble kjent i 2025. Foto: Instagram\/@ciarajanson\" alt=\"\" class=\"\" style=\"--aspect-ratio-image: 1.23; \"\/><\/p>\n<p>\n          KJ\u00c6RLIGHET: M\u00e5ns Zelmerl\u00f6w og Ciara Janson sammen f\u00f8r bruddet ble kjent i 2025. Foto: Instagram\/@ciarajanson\n      <\/p>\n<p class=\"font-weight-bold m-font-weight-bold\" data-lab-font_weight=\"font-weight-bold\">I april kom neste slag: Janson <a href=\"https:\/\/www.seher.no\/kjendis\/anmeldt-av-ekskona\/83027213\" rel=\"nofollow noopener\" target=\"_blank\">politianmeldte ham for vold i n\u00e6re relasjoner<\/a>. Selv nektet han skyld, men innr\u00f8mmet tidligere kokainbruk.<\/p>\n<p>Deretter kom konsekvensene.\u00a0<\/p>\n<p>        PR\u00d8VER IGJEN: Etter en intens ryktestorm rundt b\u00e5de ekteskap og politianmeldelser, har lykken snudd for en av sveriges favoritter.<\/p>\n<p>Reporter: H\u00e5vard Bj\u00f8rnerem &#8211; Foto: NTB \/\/ Video og foto: TikTok &amp; Instagram: @manszelmerlow \/ @manszerlmerlovofficial \/ @melodifestivalen<\/p>\n<p>I mai <a href=\"https:\/\/www.seher.no\/kjendis\/avlyser-turne\/83082858?utm_source=chatgpt.com\" rel=\"nofollow noopener\" target=\"_blank\">avlyste han hele sommerturneen<\/a> og trakk seg fra stiftelsen han selv har bygget opp, med forklaringen at familien m\u00e5tte komme f\u00f8rst. <\/p>\n<p> Janson flyttet tilbake til Storbritannia med barna og beskrev bruddet som \u00abden mest hjerteskj\u00e6rende perioden i livet hennes\u00bb.\u00a0<\/p>\n<p>    <a itemprop=\"url\" href=\"https:\/\/www.seher.no\/kjendis\/vil-reise-seg-etter-krisen\/83239472\" rel=\"nofollow noopener\" target=\"_blank\"><\/p>\n<p>      <img loading=\"lazy\" decoding=\"async\" src=\"https:\/\/www.europesays.com\/no\/wp-content\/uploads\/2025\/09\/76963283.webp\" width=\"980\" height=\"441\" title=\"- Vil reise seg etter krisen\" alt=\"\" class=\"lazyload\" style=\"--aspect-ratio-image: 2.22; \"\/><\/p>\n<p>        &#8211; Vil reise seg etter krisen<\/p>\n<p>    <\/a><\/p>\n<p>Politiet \u00e5pnet etterforskning, men saken ble senere henlagt. <\/p>\n<p>Kommer med bok\t<\/p>\n<p> If\u00f8lge Expressen skal den svenske artisten ha v\u00e6rt i m\u00f8ter med \u00abet stort forlag\u00bb om en selvbiografisk utgivelse.\u00a0<\/p>\n<p>Temaene er ikke til \u00e5 ta feil av: Melodifestivalen 2025, tiden etter skilsmissen fra Ciara Janson, samt oppholdet p\u00e5 rehab i etterkant.\u00a0<\/p>\n<p>          <img loading=\"lazy\" decoding=\"async\" src=\"https:\/\/www.europesays.com\/no\/wp-content\/uploads\/2025\/09\/83360082.webp\" width=\"980\" height=\"559\" title=\"VANT: M\u00e5ns Zelmerl\u00f6w jubler etter at han vant finalen i Eurovision 2015 med l\u00e5ten \u00abHeroes\u00bb. Foto: Tore Meek \/ NTB\" alt=\"\" class=\"\" style=\"--aspect-ratio-image: 1.75; \"\/><\/p>\n<p>\n          VANT: M\u00e5ns Zelmerl\u00f6w jubler etter at han vant finalen i Eurovision 2015 med l\u00e5ten \u00abHeroes\u00bb. Foto: Tore Meek \/ NTB\n      <\/p>\n<p> Det er forel\u00f8pig uklart n\u00e5r boken kan ventes, men interessen fra forlagshold beskrives som stor. Forlaget selv holder kortene tett til brystet. <\/p>\n<p>De \u00f8nsker ikke \u00e5 kommentere samarbeidet til den svenske avisen.\u00a0<\/p>\n<p>&#8211;\u00a0 Jeg har ingen kommentarer til saken, sier en representant for utgiveren. <\/p>\n","protected":false},"excerpt":{"rendered":"M\u00e5ns Zelmerl\u00f6w:\u00a0 Etter et \u00e5r fylt av skilsmissekaos, anklager og en skuffende Melodifestival, planlegger M\u00e5ns Zelmerl\u00f6w \u00e5 fortelle&hellip;\n","protected":false},"author":2,"featured_media":31695,"comment_status":"","ping_status":"","sticky":false,"template":"","format":"standard","meta":{"footnotes":""},"categories":[58],"tags":[5062,71,479,2543,1249,30,28,29,72],"class_list":{"0":"post-31694","1":"post","2":"type-post","3":"status-publish","4":"format-standard","5":"has-post-thumbnail","7":"category-underholdning","8":"tag-ciara-janson","9":"tag-entertainment","10":"tag-kjendis","11":"tag-kjendisdesken","12":"tag-mans-zelmerlow","13":"tag-no","14":"tag-norge","15":"tag-norway","16":"tag-underholdning"},"share_on_mastodon":{"url":"","error":""},"_links":{"self":[{"href":"https:\/\/www.europesays.com\/no\/wp-json\/wp\/v2\/posts\/31694","targetHints":{"allow":["GET"]}}],"collection":[{"href":"https:\/\/www.europesays.com\/no\/wp-json\/wp\/v2\/posts"}],"about":[{"href":"https:\/\/www.europesays.com\/no\/wp-json\/wp\/v2\/types\/post"}],"author":[{"embeddable":true,"href":"https:\/\/www.europesays.com\/no\/wp-json\/wp\/v2\/users\/2"}],"replies":[{"embeddable":true,"href":"https:\/\/www.europesays.com\/no\/wp-json\/wp\/v2\/comments?post=31694"}],"version-history":[{"count":0,"href":"https:\/\/www.europesays.com\/no\/wp-json\/wp\/v2\/posts\/31694\/revisions"}],"wp:featuredmedia":[{"embeddable":true,"href":"https:\/\/www.europesays.com\/no\/wp-json\/wp\/v2\/media\/31695"}],"wp:attachment":[{"href":"https:\/\/www.europesays.com\/no\/wp-json\/wp\/v2\/media?parent=31694"}],"wp:term":[{"taxonomy":"category","embeddable":true,"href":"https:\/\/www.europesays.com\/no\/wp-json\/wp\/v2\/categories?post=31694"},{"taxonomy":"post_tag","embeddable":true,"href":"https:\/\/www.europesays.com\/no\/wp-json\/wp\/v2\/tags?post=31694"}],"curies":[{"name":"wp","href":"https:\/\/api.w.org\/{rel}","templated":true}]}}