{"id":31717,"date":"2025-09-10T14:05:16","date_gmt":"2025-09-10T14:05:16","guid":{"rendered":"https:\/\/www.europesays.com\/no\/31717\/"},"modified":"2025-09-10T14:05:16","modified_gmt":"2025-09-10T14:05:16","slug":"nyfodt-og-forlatt-funnet-i-en-pappeske","status":"publish","type":"post","link":"https:\/\/www.europesays.com\/no\/31717\/","title":{"rendered":"Nyf\u00f8dt og forlatt: Funnet i en pappeske"},"content":{"rendered":"<p> Skumringen begynner \u00e5 senke seg over byen Hee i Vest-Jylland i Danmark en l\u00f8rdagskveld i august 2009. Solen, som tidligere har st\u00e5tt h\u00f8yt p\u00e5 himmelen, har n\u00e5 trukket seg tilbake.\u00a0<\/p>\n<p> P\u00e5 skolens omr\u00e5de spiller fire gutter fotball. Etter hvert finner de noen epler og begynner \u00e5 kaste dem mot gjerdet ved ballbanen. <\/p>\n<p>Plutselig h\u00f8rer de en merkelig lyd et stykke unna. En av guttene bestemmer seg for \u00e5 unders\u00f8ke, og g\u00e5r mot lyden.\u00a0 Det h\u00f8res ut som den kommer fra et sted ved ballbanen.\u00a0<\/p>\n<p>Der finner de en pappeske. Guttene lyser med mobiltelefonene sine. S\u00e5 ser de det. I esken ligger noen h\u00e5ndkl\u00e6r, og inni er et spedbarn sv\u00f8pt i en genser.<\/p>\n<p>De ringer n\u00f8dnummeret, og den lille, foreldrel\u00f8se gutten fraktes i all hast til sykehuset. Dagen etter er nyheten ute i mediene.<\/p>\n<p>Sjokkerende funn\t<\/p>\n<p>Sammen med ektemannen Kim f\u00f8lger Edel Hove Jensen nyhetene om det sjokkerende funnet av en forlatt baby \u2013 bare noen kilometer fra hjemmet deres.<\/p>\n<p>Mens etterlysningen av barnets foreldre fyller nyhetssendingene, kjenner Edel allerede en dyp omsorg for den lille gutten.<\/p>\n<p>          <img loading=\"lazy\" decoding=\"async\" src=\"https:\/\/www.europesays.com\/no\/wp-content\/uploads\/2025\/09\/83573065.webp\" width=\"980\" height=\"677\" title=\"Frederik var han sulten, nedkj\u00f8lt og solbrent da han ankom sykehuset. Foto: Privat\" alt=\"\" class=\"\" style=\"--aspect-ratio-image: 1.45; \"\/><\/p>\n<p>\n          Frederik var han sulten, nedkj\u00f8lt og solbrent da han ankom sykehuset. Foto: Privat\n      <\/p>\n<p>Paret er allerede fosterforeldre for tre \u00e5r gamle Bastian. Men Edel er ikke i tvil \u2013 hvis kommunen ringer, er de klare.<\/p>\n<p>\u2013 Vi visste at vi ville adoptere ham f\u00f8r vi hadde m\u00f8tt ham, forteller\u00a0 Edel.<\/p>\n<p>Hun og ektemannen hadde i \u00e5revis fors\u00f8kt \u00e5 bli foreldre.<\/p>\n<p>Etter flere runder med fertilitetsbehandling og en mislykket adopsjonsprosess i USA, m\u00e5tte de til slutt \u2013 med tungt hjerte \u2013 akseptere at de sannsynligvis aldri kom til \u00e5 f\u00e5 biologiske barn.<\/p>\n<p>Men midt i sorgen vokste en ny dr\u00f8m frem.<\/p>\n<p>De begynte \u00e5 unders\u00f8ke muligheten for \u00e5 bli fosterforeldre, og gleden var stor da lille Bastian, bare tre m\u00e5neder gammel, ble en del av familien.<\/p>\n<p>Skj\u00f8nn og s\u00e5rbar\t<\/p>\n<p>Noen dager etter nyheten om hittebarnet fikk Edel telefonen hun i sitt stille sinn hadde h\u00e5pet p\u00e5. En konsulent fra kommunen fortalte at de manglet en familie til den lille gutten \u2013 i f\u00f8rste omgang som en akuttplassering.<\/p>\n<p>Da konsulenten spurte om de kunne v\u00e6re aktuelle for adopsjon, svarte Edel ja med en gang.<\/p>\n<p>Dagen etter gikk hun inn p\u00e5 Herning sykehus, og da hun s\u00e5 den lille gutten, ble hun overveldet av f\u00f8lelser.<\/p>\n<p>          <img loading=\"lazy\" decoding=\"async\" src=\"https:\/\/www.europesays.com\/no\/wp-content\/uploads\/2025\/09\/83573388.webp\" width=\"980\" height=\"1294\" title=\"Frederik med ambulansepersonalet som kj\u00f8rte ham til sykehuset i 2009. Foto: Privat\" alt=\"\" class=\"\" style=\"--aspect-ratio-image: 0.76; \"\/><\/p>\n<p>\n          Frederik med ambulansepersonalet som kj\u00f8rte ham til sykehuset i 2009. Foto: Privat\n      <\/p>\n<p>\u2013 Han var s\u00e5 skj\u00f8nn og s\u00e5rbar. Han hadde f\u00e5tt en vanskelig start p\u00e5 livet, og vi ville gj\u00f8re alt for at han skulle f\u00e5 det godt. Han skulle ikke b\u00e5de v\u00e6re hittebarn og foreldrel\u00f8s, forklarer Edel.<\/p>\n<p>I dagene som fulgte, satt Edel hos ham hver eneste dag p\u00e5 sykehuset \u2013 hun matet ham, vasket ham og skiftet bleier.<\/p>\n<p>Frederik hadde f\u00e5tt b\u00e5de mat og stell f\u00f8r han ble lagt i pappesken. Likevel var han sulten, nedkj\u00f8lt og solbrent da han ankom sykehuset.<\/p>\n<p>\u2013 De fortalte at han neppe ville ha overlevd natten hvis han ikke hadde blitt funnet, forklarer Edel, som noen dager senere fikk ta med seg lille Frederik hjem.<\/p>\n<p>Ingen meldte seg\t<\/p>\n<p>Politiets etterlysning av\u00a0 foreldrene p\u00e5gikk lenge etter at babyen ble funnet. Det ble spekulert i om moren kunne ha lidd av f\u00f8dselsdepresjon og kanskje ville melde seg senere.<\/p>\n<p>Men etter hvert som tiden gikk og ingen gjorde krav p\u00e5 gutten, fikk Edel og ektemannen mulighet til \u00e5 adoptere ham.<\/p>\n<p>    <a itemprop=\"url\" href=\"https:\/\/www.seher.no\/kjendis\/han-far-meg-til-a-ville-grate\/83563488\" rel=\"nofollow noopener\" target=\"_blank\"><\/p>\n<p>      <img loading=\"lazy\" decoding=\"async\" src=\"https:\/\/www.europesays.com\/no\/wp-content\/uploads\/2025\/09\/83423650.webp\" width=\"980\" height=\"441\" title=\"\u2013 Han f\u00e5r meg til \u00e5 ville gr\u00e5te\" alt=\"\" class=\"lazyload\" style=\"--aspect-ratio-image: 2.22; \"\/><\/p>\n<p>        \u2013 Han f\u00e5r meg til \u00e5 ville gr\u00e5te<\/p>\n<p>    <\/a><\/p>\n<p>Det ble raskt klart at den lille gutten, som hadde hatt en t\u00f8ff start p\u00e5 livet, var full av livsglede.<\/p>\n<p>Ofte hadde han et stort smil om munnen, og da han begynte p\u00e5 skolen, viste han seg \u00e5 ha lett for de faglige emnene.<\/p>\n<p> P\u00e5 den store eiendommen \u2013 med egen innsj\u00f8, b\u00e5lplasser, shelter og \u00e5pne vidder \u2013 tilbrakte han utallige timer i lek og utforsking. <\/p>\n<p>Edel husker hvordan han og Kim dro p\u00e5 utallige fisketurer, og hvordan hun og s\u00f8nnen hadde en fast tradisjon: turer til K\u00f8benhavn, hvor det alltid var Frederik som bestemte hva de skulle gj\u00f8re.<\/p>\n<p>          <img loading=\"lazy\" decoding=\"async\" src=\"https:\/\/www.europesays.com\/no\/wp-content\/uploads\/2025\/09\/83573063.webp\" width=\"980\" height=\"735\" title=\"Edel kunne kjenne omsorgen for Frederik allerede f\u00f8r hun hadde m\u00f8tt ham. Og den er bare blitt bekreftet. Foto: S\u00f8ren Jul Lamberth\" alt=\"\" class=\"\" style=\"--aspect-ratio-image: 1.33; \"\/><\/p>\n<p>\n          Edel kunne kjenne omsorgen for Frederik allerede f\u00f8r hun hadde m\u00f8tt ham. Og den er bare blitt bekreftet. Foto: S\u00f8ren Jul Lamberth\n      <\/p>\n<p>For Frederik var det aldri en hemmelighet at han hadde blitt forlatt i en pappeske. Allerede f\u00f8r han kunne forst\u00e5 det, begynte Edel \u00e5 fortelle ham om hans vanskelige start p\u00e5 livet.<\/p>\n<p>Historien ble gjentatt mange ganger i l\u00f8pet av oppveksten \u2013 b\u00e5de hjemme og i n\u00e6rmilj\u00f8et, hvor den var godt kjent.<\/p>\n<p>I barndommen tenkte han ikke mye over det \u2013 for i hans \u00f8yne var Edel og Kim hans foreldre. Bastian var hans bror, og da Fie kom inn i familien som fosterbarn, ble hun hans lilles\u00f8ster.<\/p>\n<p>    <a itemprop=\"url\" href=\"https:\/\/www.seher.no\/sterke-historier\/hver-tredje-maned-far-jeg-vite-om-jeg-skal-leve-eller-do\/83532858\" rel=\"nofollow noopener\" target=\"_blank\"><\/p>\n<p>      <img loading=\"lazy\" decoding=\"async\" src=\"https:\/\/www.europesays.com\/no\/wp-content\/uploads\/2025\/09\/83532775.webp\" width=\"980\" height=\"441\" title=\"- Hver tredje m\u00e5ned f\u00e5r jeg vite om jeg skal leve eller d\u00f8\" alt=\"\" class=\"lazyload\" style=\"--aspect-ratio-image: 2.22; \"\/><\/p>\n<p>        &#8211; Hver tredje m\u00e5ned f\u00e5r jeg vite om jeg skal leve eller d\u00f8<\/p>\n<p>    <\/a><\/p>\n<p>N\u00e5r han m\u00f8tte mennesker som ikke kjente til bakgrunnen hans, trodde de det ikke. Ofte m\u00e5tte han finne frem en gammel avisartikkel om saken for \u00e5 overbevise dem. Og n\u00e5r de forstod at det faktisk var sant, ble han gjerne m\u00f8tt med s\u00f8rgmodige blikk.<\/p>\n<p>Bare noen f\u00e5 ganger ble det brukt mot ham \u2013 gjerne i forbindelse med en krangel. Men i mange \u00e5r var det bare en naturlig del av hans historie.<\/p>\n<p>Den genetiske arven\t<\/p>\n<p>Da ten\u00e5rene n\u00e6rmet seg, begynte tankene p\u00e5 de biologiske foreldrene \u00e5 melde seg. Selv om han hadde de beste foreldrene han kunne \u00f8nske seg, merket han at han ikke kunne speile seg i dem.<\/p>\n<p>P\u00e5 et tidspunkt slet han med eksem p\u00e5 f\u00f8ttene, som viste seg \u00e5 v\u00e6re arvelig, og han kunne se at vennene enten lignet foreldrene sine p\u00e5 utseende eller v\u00e6rem\u00e5te.<\/p>\n<p>\u2013 Jeg hadde nok en del sp\u00f8rsm\u00e5l jeg \u00f8nsket svar p\u00e5. Mest av alt: Hvorfor forlot dere meg? Generelt handler det nok om at jeg vil ha noen \u00e5 speile meg i. Noen som ligner meg p\u00e5 en eller annen m\u00e5te, forklarer den n\u00e5 16-\u00e5rige Frederik Hove Jensen.<\/p>\n<p>          <img loading=\"lazy\" decoding=\"async\" src=\"https:\/\/www.europesays.com\/no\/wp-content\/uploads\/2025\/09\/83573381.webp\" width=\"980\" height=\"726\" title=\"Frederik har alltid f\u00f8lt seg som en del av en familie. Edel og Kim er foreldrene hans. Bastian er broren hans, og da Fie ble en del av familien som fosterbarn, ble hun lilles\u00f8steren hans. Foto: Privat\" alt=\"\" class=\"\" style=\"--aspect-ratio-image: 1.35; \"\/><\/p>\n<p>\n          Frederik har alltid f\u00f8lt seg som en del av en familie. Edel og Kim er foreldrene hans. Bastian er broren hans, og da Fie ble en del av familien som fosterbarn, ble hun lilles\u00f8steren hans. Foto: Privat\n      <\/p>\n<p>Da han var rundt 13 \u00e5r, valgte han, med st\u00f8tte fra Kim og Edel, \u00e5 registrere DNA-et sitt i en database.<\/p>\n<p>Det ble treff. Men det viste seg \u00e5 v\u00e6re fjerne slektninger av hans oldeforeldre \u2013 og der stoppet sporet opp.<\/p>\n<p>Saken er foreldet, og derfor har Frederik ikke hatt andre muligheter enn \u00e5 lete etter sine biologiske foreldre p\u00e5 egen h\u00e5nd.<\/p>\n<p>Gjennom hele prosessen har Edel og Kim v\u00e6rt trofaste st\u00f8ttespillere i jakten p\u00e5 svarene p\u00e5 de store sp\u00f8rsm\u00e5lene som har meldt seg gjennom \u00e5rene. For Edel vet at \u2013 uansett hvor h\u00f8yt de elsker ham \u2013 kan de ikke gi ham den biologiske speilingen han lengter etter.<\/p>\n<p>\u2013 Jeg unner ham virkelig \u00e5 f\u00e5 svar. Men vi har ogs\u00e5 forberedt ham p\u00e5 at han kan bli avvist. Derfor var det viktig for oss at han n\u00e5dde en viss alder f\u00f8r vi begynte \u00e5 lete etter dem.<\/p>\n<p>\u00a0 \u2013 Han m\u00e5tte v\u00e6re moden nok til \u00e5 h\u00e5ndtere en mulig skuffelse, dersom de biologiske foreldrene ikke \u00f8nsker kontakt, forklarer hun.<\/p>\n<p>\u00d8nsker svar\t<\/p>\n<p>Frederik har en forestilling om at moren er liten av vekst. Men tankene om de biologiske foreldrene holder ham ikke v\u00e5ken om natten, forklarer han.<\/p>\n<p>For tiden er fokuset hans rettet mot neste kapittel i livet, nemlig utdanning.\u00a0 Frederik \u00f8nsker \u00e5 utdanne seg til mekaniker.<\/p>\n<p>          <img loading=\"lazy\" decoding=\"async\" src=\"https:\/\/www.europesays.com\/no\/wp-content\/uploads\/2025\/09\/83573058.webp\" width=\"686\" height=\"714\" title=\"Fisketurer med far har v\u00e6rt en del av Frederiks oppvekst. Foto: S\u00f8ren Jul Lamberth\" alt=\"\" class=\"\" style=\"--aspect-ratio-image: 0.96; \"\/><\/p>\n<p>\n          Fisketurer med far har v\u00e6rt en del av Frederiks oppvekst. Foto: S\u00f8ren Jul Lamberth\n      <\/p>\n<p>Frederik er verken sint p\u00e5 eller skuffet over sine biologiske foreldre. Han tenker at det m\u00e5 ha v\u00e6rt omstendigheter som tvang dem til \u00e5 ta den vanskelige beslutningen for 16 \u00e5r siden.<\/p>\n<p>Mest av alt \u00f8nsker han \u00e5 fylle noen av hullene i sin egen historie.<\/p>\n<p>\u2013 De skal p\u00e5 ingen m\u00e5te v\u00e6re redde for \u00e5 kontakte meg. Det eneste jeg \u00f8nsker, er \u00e5 f\u00e5 noen svar. Kanskje ligner vi p\u00e5 hverandre? Kanskje kan de fortelle om sykdommer som finnes i familien, sier Frederik.<\/p>\n<p>Bak spisebordet hjemme henger et stykke tre med ordene \u00abmors dag\u00bb brent inn. Det ble laget i en h\u00e5ndverkstime p\u00e5 barneskolen, men henger der fortsatt som et stille minne. Ordene minner ham om hvem hans kj\u00e6rlighet er rettet mot.<\/p>\n<p>\u2013 Kim og Edel er mine foreldre. Det vil de alltid v\u00e6re, fastsl\u00e5r Frederik.<\/p>\n<p>          <img loading=\"lazy\" decoding=\"async\" src=\"https:\/\/www.europesays.com\/no\/wp-content\/uploads\/2025\/09\/83573068.webp\" width=\"980\" height=\"765\" title=\"Edel med sl\u00f8yd-skilet hun fikk i gave fra Frederik. En bedre gave kan ingen foreldre f\u00e5. .Foto: S\u00f8ren Jul Lamberth\" alt=\"\" class=\"\" style=\"--aspect-ratio-image: 1.28; \"\/><\/p>\n<p>\n          Edel med sl\u00f8yd-skilet hun fikk i gave fra Frederik. En bedre gave kan ingen foreldre f\u00e5. .Foto: S\u00f8ren Jul Lamberth\n      <\/p>\n<p>Likevel h\u00e5per han at han en dag vil st\u00e5 ansikt til ansikt med sine biologiske foreldre.<\/p>\n<p>\u2013 Jeg vet ikke om det vil lykkes. Men jeg h\u00e5per det.<\/p>\n","protected":false},"excerpt":{"rendered":"Skumringen begynner \u00e5 senke seg over byen Hee i Vest-Jylland i Danmark en l\u00f8rdagskveld i august 2009. Solen,&hellip;\n","protected":false},"author":2,"featured_media":31718,"comment_status":"","ping_status":"","sticky":false,"template":"","format":"standard","meta":{"footnotes":""},"categories":[12],"tags":[5065,20,21,24,25,5066,15,22,23,13,30,5067,28,29,14,16,218,4291,26,27,42,43,44,45],"class_list":{"0":"post-31717","1":"post","2":"type-post","3":"status-publish","4":"format-standard","5":"has-post-thumbnail","7":"category-verden","8":"tag-adopsjon-og-fosterhjem","9":"tag-breaking-news","10":"tag-breakingnews","11":"tag-featured-news","12":"tag-featurednews","13":"tag-forlatt_baby","14":"tag-headlines","15":"tag-latest-news","16":"tag-latestnews","17":"tag-news","18":"tag-no","19":"tag-nordisk","20":"tag-norge","21":"tag-norway","22":"tag-nyheter","23":"tag-overskrifter","24":"tag-pluss","25":"tag-sterke-historier","26":"tag-top-stories","27":"tag-topstories","28":"tag-verden","29":"tag-world","30":"tag-world-news","31":"tag-worldnews"},"share_on_mastodon":{"url":"","error":""},"_links":{"self":[{"href":"https:\/\/www.europesays.com\/no\/wp-json\/wp\/v2\/posts\/31717","targetHints":{"allow":["GET"]}}],"collection":[{"href":"https:\/\/www.europesays.com\/no\/wp-json\/wp\/v2\/posts"}],"about":[{"href":"https:\/\/www.europesays.com\/no\/wp-json\/wp\/v2\/types\/post"}],"author":[{"embeddable":true,"href":"https:\/\/www.europesays.com\/no\/wp-json\/wp\/v2\/users\/2"}],"replies":[{"embeddable":true,"href":"https:\/\/www.europesays.com\/no\/wp-json\/wp\/v2\/comments?post=31717"}],"version-history":[{"count":0,"href":"https:\/\/www.europesays.com\/no\/wp-json\/wp\/v2\/posts\/31717\/revisions"}],"wp:featuredmedia":[{"embeddable":true,"href":"https:\/\/www.europesays.com\/no\/wp-json\/wp\/v2\/media\/31718"}],"wp:attachment":[{"href":"https:\/\/www.europesays.com\/no\/wp-json\/wp\/v2\/media?parent=31717"}],"wp:term":[{"taxonomy":"category","embeddable":true,"href":"https:\/\/www.europesays.com\/no\/wp-json\/wp\/v2\/categories?post=31717"},{"taxonomy":"post_tag","embeddable":true,"href":"https:\/\/www.europesays.com\/no\/wp-json\/wp\/v2\/tags?post=31717"}],"curies":[{"name":"wp","href":"https:\/\/api.w.org\/{rel}","templated":true}]}}