{"id":31728,"date":"2025-09-10T14:23:21","date_gmt":"2025-09-10T14:23:21","guid":{"rendered":"https:\/\/www.europesays.com\/no\/31728\/"},"modified":"2025-09-10T14:23:21","modified_gmt":"2025-09-10T14:23:21","slug":"medvedev-anklager-finland-for-krigsansvar-som-nazi-tyskland","status":"publish","type":"post","link":"https:\/\/www.europesays.com\/no\/31728\/","title":{"rendered":"Medvedev anklager Finland for krigsansvar som Nazi-Tyskland"},"content":{"rendered":"<p class=\"kicker text-red color_mobile_text-red\" style=\"\">Dmitrij Medvedev:<\/p>\n<p>  Russlands tidligere president langer ut mot Finland og kaller landet en nazistisk medl\u00f8per som b\u00e6rer ansvar for krigsforbrytelser.<\/p>\n<p>\n    Russlands tidligere president og nestleder i det russiske sikkerhetsr\u00e5det, g\u00e5r hardt ut mot Finland i et innlegg publisert i det russiske nyhetsbyr\u00e5et TASS. Foto: Sergei KARPUKHIN \/ SPUTNIK \/ AFP\n  <\/p>\n<p>Finland b\u00e6rer samme ansvar som Nazi-Tyskland for \u00e5 ha startet andre verdenskrig. Det hevder Dmitrij Medvedev, nestleder i det russiske sikkerhetsr\u00e5det, i et innlegg publisert av det statlige russiske nyhetsbyr\u00e5et <a href=\"https:\/\/tass.com\/politics\/2014115\" rel=\"nofollow noopener\" target=\"_blank\">TASS<\/a>.<\/p>\n<p>\u2013 Finland, som en satellitt av Hitler som angrep Sovjetunionen, b\u00e6rer n\u00f8yaktig det samme ansvaret for \u00e5 ha utl\u00f8st krigen, alle grusomhetene og lidelsene til v\u00e5rt folk, som det nazistiske Tyskland.\u00a0<\/p>\n<p>Det skriver Medvedev i teksten, som har f\u00e5tt tittelen \u00abDen nye finske doktrinen: Dumhet, l\u00f8gner, utakknemlighet\u00bb.<\/p>\n<p>    <a itemprop=\"url\" href=\"https:\/\/sol.no\/nyheter\/kanskje-putin-ikke-vil-ha-slutt-pa-krigen\/83012102\" rel=\"nofollow noopener\" target=\"_blank\"><\/p>\n<p>      <img loading=\"lazy\" decoding=\"async\" src=\"https:\/\/www.europesays.com\/no\/wp-content\/uploads\/2025\/09\/83012109.webp\" width=\"980\" height=\"441\" title=\"- Kanskje Putin ikke vil ha slutt p\u00e5 krigen\" alt=\"\" class=\"lazyload\" style=\"--aspect-ratio-image: 2.22; \"\/><\/p>\n<p>        &#8211; Kanskje Putin ikke vil ha slutt p\u00e5 krigen<\/p>\n<p>sol.no<\/p>\n<p>    <\/a><\/p>\n<p>Mener Finland ruster til krig\t<\/p>\n<p>Medvedev retter ogs\u00e5 kraftig kritikk mot Finlands Nato-medlemskap, og mener landet n\u00e5 \u00abdirekte og grovt tramper p\u00e5 det historiske og juridiske grunnlaget det eksisterer p\u00e5\u00bb.<\/p>\n<p>Han mener Finland s\u00f8kte Nato-medlemskap under \u00abforkledning\u00bb av \u00e5 ville forsvare seg selv, men at landet egentlig forbereder seg p\u00e5 krig mot Russland.\u00a0<\/p>\n<p>Medvedev viser ogs\u00e5 til at det finske forsvaret har etablert stabsstrukturer for h\u00e6ravdelinger \u00abi umiddelbar n\u00e6rhet til den russiske grensen\u00bb i Lappland.\u00a0<\/p>\n<p>\u2013 De ser ut til \u00e5 etablere et brohode for et angrep mot oss, skriver den tidligere presidenten.<\/p>\n<p>Videre i det lange innlegget skriver han at Finland \u00abikke b\u00f8r glemme at en konfrontasjon med Russland vil f\u00f8re til den finske statens kollaps for alltid\u00bb.\u00a0<\/p>\n<p>    <a itemprop=\"url\" href=\"https:\/\/sol.no\/nyheter\/19-aring-tok-sitt-eget-liv-sersjant-innrommer-overgrep\/83563829\" rel=\"nofollow noopener\" target=\"_blank\"><\/p>\n<p>      <img loading=\"lazy\" decoding=\"async\" src=\"https:\/\/www.europesays.com\/no\/wp-content\/uploads\/2025\/09\/1757514201_539_83563981.webp\" width=\"980\" height=\"441\" title=\"19-\u00e5ring tok sitt eget liv - sersjant innr\u00f8mmer overgrep\" alt=\"\" class=\"lazyload\" style=\"--aspect-ratio-image: 2.22; \"\/><\/p>\n<p>        19-\u00e5ring tok sitt eget liv &#8211; sersjant innr\u00f8mmer overgrep<\/p>\n<p>sol.no<\/p>\n<p>    <\/a><\/p>\n<p>Mener Finland er like skyldig\t<\/p>\n<p>Medvedev mener at Finland er like skyldig for andre verdenskrig som Tyskland.<\/p>\n<p>Den tidligere presidenten trekker frem en FN-resolusjon fra 1946, der folkemord ble anerkjent som en forbrytelse allerede f\u00f8r FN-konvensjonen om folkemord ble vedtatt i 1948.<\/p>\n<p>Han viser blant annet til overgrepene beg\u00e5tt av tyske kolonitropper i Namibia p\u00e5 tidlig 1900-tallet som eksempel p\u00e5 at slike forbrytelser kan f\u00e5 rettslige f\u00f8lger flere ti\u00e5r senere.<\/p>\n<p>I kronikken p\u00e5peker Medvedev ogs\u00e5 at det finske flyv\u00e5penet brukte hakekorset i sitt emblem helt frem til 2020.<\/p>\n","protected":false},"excerpt":{"rendered":"Dmitrij Medvedev: Russlands tidligere president langer ut mot Finland og kaller landet en nazistisk medl\u00f8per som b\u00e6rer ansvar&hellip;\n","protected":false},"author":2,"featured_media":31729,"comment_status":"","ping_status":"","sticky":false,"template":"","format":"standard","meta":{"footnotes":""},"categories":[12],"tags":[20,21,24,25,1255,15,474,22,23,724,5068,13,30,28,29,14,16,188,26,27,42,43,44,45],"class_list":{"0":"post-31728","1":"post","2":"type-post","3":"status-publish","4":"format-standard","5":"has-post-thumbnail","7":"category-verden","8":"tag-breaking-news","9":"tag-breakingnews","10":"tag-featured-news","11":"tag-featurednews","12":"tag-finland","13":"tag-headlines","14":"tag-krig","15":"tag-latest-news","16":"tag-latestnews","17":"tag-livsstil","18":"tag-medvedev","19":"tag-news","20":"tag-no","21":"tag-norge","22":"tag-norway","23":"tag-nyheter","24":"tag-overskrifter","25":"tag-russland","26":"tag-top-stories","27":"tag-topstories","28":"tag-verden","29":"tag-world","30":"tag-world-news","31":"tag-worldnews"},"share_on_mastodon":{"url":"","error":""},"_links":{"self":[{"href":"https:\/\/www.europesays.com\/no\/wp-json\/wp\/v2\/posts\/31728","targetHints":{"allow":["GET"]}}],"collection":[{"href":"https:\/\/www.europesays.com\/no\/wp-json\/wp\/v2\/posts"}],"about":[{"href":"https:\/\/www.europesays.com\/no\/wp-json\/wp\/v2\/types\/post"}],"author":[{"embeddable":true,"href":"https:\/\/www.europesays.com\/no\/wp-json\/wp\/v2\/users\/2"}],"replies":[{"embeddable":true,"href":"https:\/\/www.europesays.com\/no\/wp-json\/wp\/v2\/comments?post=31728"}],"version-history":[{"count":0,"href":"https:\/\/www.europesays.com\/no\/wp-json\/wp\/v2\/posts\/31728\/revisions"}],"wp:featuredmedia":[{"embeddable":true,"href":"https:\/\/www.europesays.com\/no\/wp-json\/wp\/v2\/media\/31729"}],"wp:attachment":[{"href":"https:\/\/www.europesays.com\/no\/wp-json\/wp\/v2\/media?parent=31728"}],"wp:term":[{"taxonomy":"category","embeddable":true,"href":"https:\/\/www.europesays.com\/no\/wp-json\/wp\/v2\/categories?post=31728"},{"taxonomy":"post_tag","embeddable":true,"href":"https:\/\/www.europesays.com\/no\/wp-json\/wp\/v2\/tags?post=31728"}],"curies":[{"name":"wp","href":"https:\/\/api.w.org\/{rel}","templated":true}]}}