{"id":31732,"date":"2025-09-10T14:25:15","date_gmt":"2025-09-10T14:25:15","guid":{"rendered":"https:\/\/www.europesays.com\/no\/31732\/"},"modified":"2025-09-10T14:25:15","modified_gmt":"2025-09-10T14:25:15","slug":"i-retten-igjen-grusomt","status":"publish","type":"post","link":"https:\/\/www.europesays.com\/no\/31732\/","title":{"rendered":"I retten igjen: &#8211; Grusomt"},"content":{"rendered":"<p>    Kort fortalt<\/p>\n<ul lang=\"nb-NO\">\n<li>Philip Manshaus m\u00f8ter i retten igjen etter at nye sakkyndige mener han var psykotisk da han utf\u00f8rte drapet og terrorhandlingen i 2019.<\/li>\n<li>Han ble opprinnelig d\u00f8mt til 21 \u00e5rs forvaring, men saken er gjen\u00e5pnet p\u00e5 grunn av tvil om tilregnelighet.<\/li>\n<li>P\u00e5talemyndigheten mener fremdeles at han var tilregnelig, mens forsvarer Unni Fries ser fram til ny bevisf\u00f8rsel i retten.<\/li>\n<\/ul>\n<p class=\"italic ai-disclaimer\" data-lab-italic=\"italic\">Sammendraget er laget av ChatGPT og godkjent av Dagbladet.<\/p>\n<p>      Vis mer<br \/>\n      Vis mindre<\/p>\n<p>Onsdag m\u00f8ter Philip Manshaus (28) i retten p\u00e5 nytt etter at to nye sakkyndige har konkludert med at han var psykotisk da han drepte sin stes\u00f8ster Johanne Zhangjia Ihle-Hansen (17) og gikk til angrep p\u00e5 Al-Noor-moskeen i B\u00e6rum i august 2019.<\/p>\n<p>Han ble d\u00f8mt til det som da var lovens strengeste straff &#8211; 21 \u00e5rs forvaring.<\/p>\n<p>Manshaus ankom sal 127 i Oslo tingrett like f\u00f8r klokka 09, med halvlangt kr\u00f8llete h\u00e5r og briller. Det er fem rettsoppnevnte sakkyndige til stede.<\/p>\n<p>Tiltalen mot ham blir lest opp, og han f\u00e5r sp\u00f8rsm\u00e5l om han erkjenner straffskyld:\u00a0<\/p>\n<p>&#8211; Nei, men det er helt andre grunner til at jeg sier det n\u00e5 enn for fem \u00e5r<br \/>\nsiden, sier han.\u00a0<\/p>\n<p>          <img loading=\"lazy\" decoding=\"async\" src=\"https:\/\/www.europesays.com\/no\/wp-content\/uploads\/2025\/09\/1757514309_871_83569867.webp\" width=\"980\" height=\"559\" title=\"GJENOPPTATT: Unni Fries har forsvart Philip Manshaus siden han ble p\u00e5grepet i august 2019, og leverte begj\u00e6ringen som fikk saken gjenopptatt. Dette bildet er fra et fengslingsm\u00f8te f\u00f8r rettssaken i 2020. Foto: J\u00f8rn H. Moen \/ Dagbladet\" alt=\"\" class=\"\" style=\"--aspect-ratio-image: 1.75; \"\/><\/p>\n<p>\n          GJENOPPTATT: Unni Fries har forsvart Philip Manshaus siden han ble p\u00e5grepet i august 2019, og leverte begj\u00e6ringen som fikk saken gjenopptatt. Dette bildet er fra et fengslingsm\u00f8te f\u00f8r rettssaken i 2020. Foto: J\u00f8rn H. Moen \/ Dagbladet\n      <\/p>\n<p>&#8211; Ganske stresset\t<\/p>\n<p>Under rettssaken i 2020 nektet 28-\u00e5ringen straffskyld fordi han hevdet \u00e5 ha handlet i n\u00f8drett &#8211; fordi drapet p\u00e5 s\u00f8steren og angrepet p\u00e5 moskeen \u00abvar n\u00f8dvendig<br \/>\nfor \u00e5 forsvare det europeiske folk mot ikke-hvite, asiater og muslimer\u00bb.<\/p>\n<p>&#8211; Jeg er ganske stresset, sier Manshaus f\u00f8r han starter sin forklaring.<\/p>\n<p>&#8211; Det er j\u00e6vla vondt \u00e5 h\u00f8re p\u00e5 det aktor sa om hele tiltalen. Jeg er lei for at jeg m\u00e5 sitte og h\u00f8re p\u00e5 det. Det jeg h\u00f8rer om er den personen jeg var og det alle rundt meg sa. Det er grusomt det jeg har gjort, og egentlig utilgivelig. Det er jeg som har gjort det. Jeg er en helt annen fyr i dag, og jeg m\u00e5 leve med det, sier han.\u00a0<\/p>\n<p>    <a itemprop=\"url\" href=\"https:\/\/www.dagbladet.no\/nyheter\/3000-i-database-ser-en-endring\/83521069\" rel=\"nofollow noopener\" target=\"_blank\"><\/p>\n<p>      <img loading=\"lazy\" decoding=\"async\" src=\"https:\/\/www.europesays.com\/no\/wp-content\/uploads\/2025\/09\/83524208.webp\" width=\"980\" height=\"441\" title=\"3000 i database: Ser en endring\" alt=\"\" class=\"lazyload\" style=\"--aspect-ratio-image: 2.22; \"\/><\/p>\n<p>        3000 i database: Ser en endring<\/p>\n<p>    <\/a><\/p>\n<p>Manshaus forteller at han i oppveksten har hatt lett for \u00e5 bli p\u00e5virket av andre, og at han tidligere blant annet ble overbevist om at det var et n\u00e6rt forest\u00e5ende romvesen-angrep iscenesatt av myndighetene.\u00a0<\/p>\n<p>&#8211; Det er ikke s\u00e5 tydelig for<br \/>\nmeg hva som er mine meninger, p\u00e5 en m\u00e5te. N\u00e5r jeg f\u00e5r en mening over meg, kan jeg liksom bli helt besatt av det.<\/p>\n<p>          <img loading=\"lazy\" decoding=\"async\" src=\"https:\/\/www.europesays.com\/no\/wp-content\/uploads\/2025\/09\/1757514311_765_83572710.webp\" width=\"980\" height=\"559\" title=\"FULLSTAPPET SAL: Sal 127 er full av pressefolk, p\u00e5r\u00f8rende og andre tilh\u00f8rere. Manshaus' far er til stede. Det samme er moren til Johanne Ihle-Hansen. Foto: Ole Berg-Rusten \/ NTB\" alt=\"\" class=\"\" style=\"--aspect-ratio-image: 1.75; \"\/><\/p>\n<p>\n          FULLSTAPPET SAL: Sal 127 er full av pressefolk, p\u00e5r\u00f8rende og andre tilh\u00f8rere. Manshaus&#8217; far er til stede. Det samme er moren til Johanne Ihle-Hansen. Foto: Ole Berg-Rusten \/ NTB\n      <\/p>\n<p>Ble akuttinnlagt\t<\/p>\n<p>Straffesaken ble gjen\u00e5pnet i mars 2023 som f\u00f8lge av tvil om tilregnelighetssp\u00f8rsm\u00e5let, og det er \u00e5rsaken til at Manshaus igjen m\u00e5 m\u00f8te i Oslo tingrett.<\/p>\n<p> 28-\u00e5ringen ble vinteren 2023 akuttinnlagt p\u00e5 sykehus med psykose f\u00f8r han ble utskrevet igjen etter noen m\u00e5neder. Han soner straffen p\u00e5 Ila fengsel og forvaringsanstalt. <\/p>\n<p>Kjernen i saken er hvorvidt Manshaus var tilregnelig p\u00e5 gjerningstidspunktet &#8211; alts\u00e5 da handlingene ble beg\u00e5tt 10. august 2019.<\/p>\n<p>          <img loading=\"lazy\" decoding=\"async\" src=\"https:\/\/www.europesays.com\/no\/wp-content\/uploads\/2025\/09\/83574367.webp\" width=\"980\" height=\"559\" title=\"SAKKYNDIGE: Fem sakkyndige er til stede i rettssal 127. Foto: Ole Berg-Rusten \/ NTB\" alt=\"\" class=\"\" style=\"--aspect-ratio-image: 1.75; \"\/><\/p>\n<p>\n          SAKKYNDIGE: Fem sakkyndige er til stede i rettssal 127. Foto: Ole Berg-Rusten \/ NTB\n      <\/p>\n<p> Onsdag samtykker han ikke til fotografering, og pressen f\u00e5r dermed ikke ta bilde av ham.\u00a0<\/p>\n<p> &#8211; Jeg anf\u00f8rte sist at det var betydelig tvil om hvorvidt han var tilregnelig. Det var ikke han enig i den gangen. Han mente han var frisk. S\u00e5 st\u00e5r vi ved en annen sak n\u00e5. Han har et annet syn p\u00e5 det n\u00e5. I 2019-2020, da saken ble rettef\u00f8rt, samtykket ikke han til innsyn i helseopplysninger. Det er nye bevis n\u00e5. Politiet har ikke bedt om nytt avh\u00f8r av ham siden saken ble gjen\u00e5pnet, men han vil gi en forklaring her i retten, sier forsvarer Unni Fries i retten. <\/p>\n<p> P\u00e5talemyndigheten st\u00e5r imidlertid fast p\u00e5 at Manshaus var tilregnelig da han begikk drapet og terrorhandlingen, og at forvaring er riktig straff.\u00a0<\/p>\n<p>&#8211; Sakens problemstilling, etter gjenopptagelse, gjelder etter p\u00e5talemyndighetens syn grensen mellom vrangforestillinger som er politisk\/ideologiske og vrangforestillinger som er psykotiske, sier statsadvokat Trude Antonsen til Dagbladet.\u00a0<\/p>\n<p>    <a itemprop=\"url\" href=\"https:\/\/www.dagbladet.no\/meninger\/det-eneste-riktige\/83135675\" rel=\"nofollow noopener\" target=\"_blank\"><\/p>\n<p>      <img loading=\"lazy\" decoding=\"async\" src=\"https:\/\/www.europesays.com\/no\/wp-content\/uploads\/2025\/09\/1757514313_694_81125979.webp\" width=\"980\" height=\"441\" title=\"Det eneste riktige\" alt=\"\" class=\"lazyload\" style=\"--aspect-ratio-image: 2.22; \"\/><\/p>\n<p>        Det eneste riktige<\/p>\n<p>    <\/a><\/p>\n<p>Hadde Hitler-bilde\t<\/p>\n<p>Statsadvokaten utdyper:\u00a0<\/p>\n<p>&#8211; Hadde Manshaus vrangforestillinger i psykiatrisk betydning eller hadde han avvikende politiske oppfatninger som deles av andre? Er synspunktene utviklet inne i ham selv som et\u00a0vrangforestillingssystem eller er de utviklet til politisk ekstremisme gjennom p\u00e5virkning fra ulike nettforum.\u00a0<\/p>\n<p>          <img loading=\"lazy\" decoding=\"async\" src=\"https:\/\/www.europesays.com\/no\/wp-content\/uploads\/2025\/09\/1757514314_223_83572727.webp\" width=\"980\" height=\"559\" title=\"UENIG: Statsadvokat Trude Antonsen mener Manshaus var tilregnelig i strafferettslig forstand. Foto: Ole Berg-Rusten \/ NTB\" alt=\"\" class=\"\" style=\"--aspect-ratio-image: 1.75; \"\/><\/p>\n<p>\n          UENIG: Statsadvokat Trude Antonsen mener Manshaus var tilregnelig i strafferettslig forstand. Foto: Ole Berg-Rusten \/ NTB\n      <\/p>\n<p>Antonsen forklarer at p\u00e5talemyndighetens syn er basert p\u00e5 en totalvurdering av sakens bevisbilde.\u00a0<\/p>\n<p>I retten trekker hun fram at 28-\u00e5ringen i tiden f\u00f8r angrepene tilbrakte mye tid p\u00e5 internettsider som hadde<br \/>\nh\u00f8yreekstremistisk innhold, og at han kom med rasistiske uttalelser om stes\u00f8steren.\u00a0<\/p>\n<p>&#8211; Da han ble p\u00e5grepet ble mobilen beslaglagt, og et skjermbilde<br \/>\np\u00e5 hans telefon var av Adolf Hitler, sier statsadvokaten. <\/p>\n<p>    <a itemprop=\"url\" href=\"https:\/\/www.dagbladet.no\/nyheter\/bare-a-rulle-ut-for-breivik\/81080883\" rel=\"nofollow noopener\" target=\"_blank\"><\/p>\n<p>      <img loading=\"lazy\" decoding=\"async\" src=\"https:\/\/www.europesays.com\/no\/wp-content\/uploads\/2025\/09\/81081385.webp\" width=\"980\" height=\"441\" title=\"- Bare \u00e5 rulle ut for Breivik\" alt=\"\" class=\"lazyload\" style=\"--aspect-ratio-image: 2.22; \"\/><\/p>\n<p>        &#8211; Bare \u00e5 rulle ut for Breivik<\/p>\n<p>    <\/a><\/p>\n<p>&#8211; Ble en s\u00e6ring\t<\/p>\n<p>Manshaus har st\u00f8ttet h\u00f8yreekstrem ideologi, og har flere ganger vist nazihilsen i rettsm\u00f8ter med pressen til stede. Han forteller i retten om hvordan han satt p\u00e5 gutterommet og leste om konspirasjonsteorier og propaganda p\u00e5 forum som 4chan.\u00a0<\/p>\n<p>Manshaus forteller at da han startet p\u00e5 folkeh\u00f8gskole i 2018, var han ikke sosial s\u00e5nn som han hadde v\u00e6rt tidligere.\u00a0<\/p>\n<p>&#8211; Jeg var mye for meg selv. Satt<br \/>\nstort sett p\u00e5 biblioteket p\u00e5 skolen, og var p\u00e5 nett, mens de andre var ute og festet. Isolerte meg selv. Det var<br \/>\nfolk som pr\u00f8vde \u00e5 inkludere meg og f\u00e5 meg med. Men endte opp med \u00e5 bli en<br \/>\ns\u00e6ring. Jeg snakket om raseideologi, og det var ikke s\u00e5 kult for dem.<\/p>\n<p>Han forteller videre hvordan tankene hans endret seg, og hvordan han klarte \u00e5 rettferdiggj\u00f8re tankegangen for seg selv &#8211; og trekker fram at han tenkte at\u00a0j\u00f8dene i bibelen ikke var ekte j\u00f8der, men at de l\u00f8y.<\/p>\n<p>&#8211; Det h\u00f8res helt sykt ut, men det var det jeg tenkte.<\/p>\n<p>        TI M\u00c5NEDER ETTER: Da Manshaus angrep Al-Noor Islamic Centre i B\u00e6rum den 12. august i fjor, pr\u00f8vde han f\u00f8rst \u00e5 ta seg inn hovedd\u00f8ra. Der var det satt inn sikkerhetsl\u00e5s etter terroren i Christchurch, New Zealand. Derfor skj\u00f8t han seg inn gjennom ei sided\u00f8r. Video: Embla Hjort-Larsen. Klipp: Marie Kolnes \/ Dagbladet<\/p>\n<p>&#8211; Var n\u00f8dt til \u00e5 gj\u00f8re det\t<\/p>\n<p>Han laster etter hvert ned manifestet til New Zealand-terroristen Brenton Tarrant.\u00a0<\/p>\n<p>&#8211; Jeg sitter p\u00e5 rommet mitt og er ganske mye alene p\u00e5<br \/>\ndet tidspunktet. Ser p\u00e5 masse propagandavideoer fra 2. verdenskrig. Er emosjonell<br \/>\nog ustabil. Jeg tenker at verden g\u00e5r til helvete. Jeg laster ned det og f\u00f8ler at hele verden faller sammen. F\u00f8ler at jeg m\u00e5 gj\u00f8re noe, at jeg m\u00e5 beg\u00e5 et terrorangrep. Pulsen stiger og jeg f\u00e5r hjertebank. Det er den eneste ideen i hodet mitt. Det er sykt ubehagelig. Du har ikke noe valg lenger. Jeg var n\u00f8dt til \u00e5 gj\u00f8re det.<\/p>\n<p>28-\u00e5ringen omtaler seg selv som febrilsk og desperat under planleggingen av angrepet, og sier at han var fortvilet.\u00a0<\/p>\n<p>&#8211; Bestemmer meg for at den dagen det ikke er noen i huset, da skjer det.\u00a0<\/p>\n<p>Han fortsetter:<\/p>\n<p>&#8211; Jeg f\u00e5r tanker om at jeg skal drepe s\u00f8steren min, sier han og gr\u00e5ter.\u00a0<\/p>\n<p>&#8211; Det er j\u00e6vlig vondt. Hadde ikke hun v\u00e6rt hjemme den dagen, hadde hun levd. Det er s\u00e5 vondt, for det er ikke den personen jeg er. Jeg kan ikke gj\u00f8re noe med det, liksom. Den dagen s\u00e5 skyter jeg henne. Det er ikke i mitt vesen \u00e5 gj\u00f8re folk vondt. Jeg har aldri v\u00e6rt i sl\u00e5sskamp, fra jeg var liten. Jeg tenker i mitt hode at hun skal d\u00f8 raskest mulig og at hvis hun ikke gj\u00f8r det, tenker jeg at h\u00f8yreekstreme revolusjon\u00e6re vil g\u00e5 etter familien min og drepe dem.\u00a0<\/p>\n<p>    <a itemprop=\"url\" href=\"https:\/\/www.dagbladet.no\/nyheter\/bekymret-for-utviklingen\/81698199\" rel=\"nofollow noopener\" target=\"_blank\"><\/p>\n<p>      <img loading=\"lazy\" decoding=\"async\" src=\"https:\/\/www.europesays.com\/no\/wp-content\/uploads\/2025\/09\/81698223.webp\" width=\"147\" height=\"98\" title=\"- Bekymret for utviklingen\" alt=\"\" class=\"lazyload\" style=\"--aspect-ratio-image: 1.50; \"\/><\/p>\n<p>        &#8211; Bekymret for utviklingen<\/p>\n<p>    <\/a><\/p>\n<p>\u00abN\u00e5 er det rasekrig\u00bb<\/p>\n<p>Manshaus skj\u00f8t og drepte stes\u00f8steren litt f\u00f8r klokka 15 l\u00f8rdag 10. august 2019. En time seinere tok han seg inn i moskeen med en jaktrifle og et haglgev\u00e6r.\u00a0<\/p>\n<p>&#8211; Jeg husker bare at hele greia er j\u00e6vla intens. Jeg tror at jeg skal d\u00f8 og at jeg skal komme til et slags etterliv eller noe annet piss. Det er tankene som surrer, sier 28-\u00e5ringen.\u00a0<\/p>\n<p>Han avfyrte flere skudd, f\u00f8r han ble overmannet av Muhammad Rafiq og Muhammad Iqbal Jave. Manshaus omtaler sl\u00e5ssingen inne i moskeen som\u00a0\u00abubehagelig\u00bb.<\/p>\n<p>&#8211; N\u00e5r jeg senere sitter p\u00e5 politikammeret, tenker jeg i hodet<br \/>\nmitt at \u00abokei, shit, n\u00e5 er folk ute i gatene og n\u00e5 er det rasekrig\u00bb.<\/p>\n","protected":false},"excerpt":{"rendered":"Kort fortalt Philip Manshaus m\u00f8ter i retten igjen etter at nye sakkyndige mener han var psykotisk da han&hellip;\n","protected":false},"author":2,"featured_media":31360,"comment_status":"","ping_status":"","sticky":false,"template":"","format":"standard","meta":{"footnotes":""},"categories":[5],"tags":[20,21,24,25,15,19,2539,22,23,17,18,13,30,28,29,14,16,26,27],"class_list":{"0":"post-31732","1":"post","2":"type-post","3":"status-publish","4":"format-standard","5":"has-post-thumbnail","7":"category-overskrifter","8":"tag-breaking-news","9":"tag-breakingnews","10":"tag-featured-news","11":"tag-featurednews","12":"tag-headlines","13":"tag-hovedoppslag","14":"tag-innenriks","15":"tag-latest-news","16":"tag-latestnews","17":"tag-main-news","18":"tag-mainnews","19":"tag-news","20":"tag-no","21":"tag-norge","22":"tag-norway","23":"tag-nyheter","24":"tag-overskrifter","25":"tag-top-stories","26":"tag-topstories"},"share_on_mastodon":{"url":"","error":""},"_links":{"self":[{"href":"https:\/\/www.europesays.com\/no\/wp-json\/wp\/v2\/posts\/31732","targetHints":{"allow":["GET"]}}],"collection":[{"href":"https:\/\/www.europesays.com\/no\/wp-json\/wp\/v2\/posts"}],"about":[{"href":"https:\/\/www.europesays.com\/no\/wp-json\/wp\/v2\/types\/post"}],"author":[{"embeddable":true,"href":"https:\/\/www.europesays.com\/no\/wp-json\/wp\/v2\/users\/2"}],"replies":[{"embeddable":true,"href":"https:\/\/www.europesays.com\/no\/wp-json\/wp\/v2\/comments?post=31732"}],"version-history":[{"count":0,"href":"https:\/\/www.europesays.com\/no\/wp-json\/wp\/v2\/posts\/31732\/revisions"}],"wp:featuredmedia":[{"embeddable":true,"href":"https:\/\/www.europesays.com\/no\/wp-json\/wp\/v2\/media\/31360"}],"wp:attachment":[{"href":"https:\/\/www.europesays.com\/no\/wp-json\/wp\/v2\/media?parent=31732"}],"wp:term":[{"taxonomy":"category","embeddable":true,"href":"https:\/\/www.europesays.com\/no\/wp-json\/wp\/v2\/categories?post=31732"},{"taxonomy":"post_tag","embeddable":true,"href":"https:\/\/www.europesays.com\/no\/wp-json\/wp\/v2\/tags?post=31732"}],"curies":[{"name":"wp","href":"https:\/\/api.w.org\/{rel}","templated":true}]}}