{"id":317380,"date":"2026-08-09T16:13:20","date_gmt":"2026-08-09T16:13:20","guid":{"rendered":"https:\/\/www.europesays.com\/no\/317380\/"},"modified":"2026-08-09T16:13:20","modified_gmt":"2026-08-09T16:13:20","slug":"nyheter-politi-fire-boliger-evakuert-etter-jordras-foltes-litt-uvirkelig","status":"publish","type":"post","link":"https:\/\/www.europesays.com\/no\/317380\/","title":{"rendered":"Nyheter, Politi | Fire boliger evakuert etter jordras: \u2013 F\u00f8ltes litt uvirkelig"},"content":{"rendered":"\n<p>Jordraset i Totlandsvegen ved Midttun ble meldt inn til n\u00f8detatene litt f\u00f8r klokken 13 s\u00f8ndag.<\/p>\n<p>   <img decoding=\"async\" width=\"4032\" height=\"3024\" fetchpriority=\"low\"  loading=\"lazy\"  src=\"https:\/\/www.europesays.com\/no\/wp-content\/uploads\/2026\/08\/IMG_5732.jpg\" alt=\"\" class=\"brick-c-cFOWSL\" style=\"--brick-image-ratio: 4032 \/ 3024;\"\/><\/p>\n<p>      Foto: Magdalena Cohen Stjernberg\n    <\/p>\n<p>\u2013 Det er beskrevet at raset har g\u00e5tt mellom to hus, og at det \u00abhviler\u00bb delvis mot en enebolig, melder politiets operasjonsleder Tore-Andre Brakstad.<\/p>\n<p>\u2013 Det mistenkes ikke at personer er tatt av skredet, men det er uklart om raset er \u00abferdig\u00bb, opplyste han innledningsvis.<\/p>\n<p><b>Klokken 1307 ankom n\u00f8detatene stedet. Fire boliger er blitt evakuert.<\/b><\/p>\n<p>\u2013 Innledende vurderinger fra stedet er at raset i seg selv per n\u00e5 ikke er spesielt stort. Det vil gj\u00f8res vurderinger p\u00e5 om det er potensiale for ytterligere og mer omfattende ras, opplyser Brakstad klokken 1337.<\/p>\n<p>\u2013 Litt uvirkelig<\/p>\n<p>I ett av de ber\u00f8rte husene bor Trond Nybo og konen.<\/p>\n<p>Han forteller til BA at han ikke h\u00f8rte eller s\u00e5 noe til selve raset, f\u00f8r politiet ringte ham.<\/p>\n<p>\u2013 De fortalte at det hadde g\u00e5tt et ras mellom naboen nedenfor og oss. Da s\u00e5 jeg at det hadde seget en del l\u00f8smasse ned mot nabohuset. Det var mest jord, s\u00e5 det har nok g\u00e5tt stille for seg, p\u00e5peker Nybo.<\/p>\n<p>   <img decoding=\"async\" width=\"3024\" height=\"2670\" fetchpriority=\"low\"  loading=\"lazy\"  src=\"https:\/\/www.europesays.com\/no\/wp-content\/uploads\/2026\/08\/IMG_1602.jpeg\" alt=\"\" class=\"brick-c-cFOWSL\" style=\"--brick-image-ratio: 3024 \/ 2670;\"\/><\/p>\n<p>      Trond og konen Mette har evakuert og er n\u00e5 hos s\u00f8nnen sin.<br \/>\n      Foto: Privat\n    <\/p>\n<p>Han og konen Mette har bodd i huset i 30 \u00e5r, og det har aldri v\u00e6rt noen antydninger til ras tidligere.<\/p>\n<p><b>\u2013 Det f\u00f8les jo litt uvirkelig, p\u00e5 en m\u00e5te. Dette var uventet.<\/b><\/p>\n<p>Venter p\u00e5 avklaring<\/p>\n<p>N\u00e5 er ekteparet evakuert og oppholder seg hos s\u00f8nnen som bor like ved.<\/p>\n<p>Som resten av de evakuerte naboene, venter de p\u00e5 en avklaring rundt situasjonen fra n\u00f8detatene og geolog.<\/p>\n<p>\u2013 Vi f\u00e5r h\u00e5pe vi kan komme hjem igjen snart.<\/p>\n<p>   <img decoding=\"async\" width=\"4032\" height=\"3024\" fetchpriority=\"low\"  loading=\"lazy\"  src=\"https:\/\/www.europesays.com\/no\/wp-content\/uploads\/2026\/08\/IMG_5712.jpg\" alt=\"\" class=\"brick-c-cFOWSL\" style=\"--brick-image-ratio: 4032 \/ 3024;\"\/><\/p>\n<p>      Foto: Magdalena Cohen Stjernberg\n    <\/p>\n<p>Brannvesenets USAR-gruppe fra Fana stasjon er ogs\u00e5 p\u00e5 stedet, og sjekker omr\u00e5det.<\/p>\n<p>Drone er i tillegg blitt brukt i unders\u00f8kelsene, opplyser vaktleder Morten Frantzen.<\/p>\n<p>\u2013 P\u00e5 den sikre siden<\/p>\n<p>Innsatsleder Eirik \u00d8vstedahl fra Vest politidistrikt sier en representant fra kommunen er kalt inn for \u00e5 unders\u00f8ke rasets p\u00e5virkning p\u00e5 grunnen.<\/p>\n<p>\u2013 Det er ikke det store raset forel\u00f8pig, men vi velger \u00e5 v\u00e6re p\u00e5 den sikre siden, sier han.<\/p>\n<p>   <img decoding=\"async\" width=\"429\" height=\"380\" fetchpriority=\"low\"  loading=\"lazy\"  src=\"https:\/\/www.europesays.com\/no\/wp-content\/uploads\/2026\/08\/Skjermbilde+2026-08-09+141320.png\" alt=\"\" class=\"brick-c-cFOWSL\" style=\"--brick-image-ratio: 429 \/ 380;\"\/><\/p>\n<p>      Eirik \u00d8vstedahl, innsatsleder.<br \/>\n      Foto: Magdalena Cohen\n    <\/p>\n<p>Kent Haukeland, innsatsleder fra brannvesenet, meddeler at rasets st\u00f8rrelse er p\u00e5 cirka tre ganger syv meter.<\/p>\n<p>Representanten fra kommunen heter Maurits Stokkedal Venaas, og er r\u00e5dgiver i Bymilj\u00f8etaten. Han kommenterer hvordan det har v\u00e6rt flere hendelser som f\u00f8lge av v\u00e6ret denne s\u00f8ndagen.<\/p>\n<p>\u2013 Det har v\u00e6rt en del overvannshendelser og ras. Det kan klart komme flere, men n\u00e5 er det ventet at v\u00e6re skal roe seg, sier han i 14-tiden.<\/p>\n<p>   <img decoding=\"async\" width=\"5712\" height=\"4284\" fetchpriority=\"low\"  loading=\"lazy\"  src=\"https:\/\/www.europesays.com\/no\/wp-content\/uploads\/2026\/08\/IMG_5741.jpg\" alt=\"\" class=\"brick-c-cFOWSL\" style=\"--brick-image-ratio: 5712 \/ 4284;\"\/><\/p>\n<p>      Maurits Stokkedal Venaas i Bymilj\u00f8etaten.<br \/>\n      Foto: Magdalena Cohen\n    <\/p>\n<p>Det er tilkalt geolog for \u00e5 gj\u00f8re unders\u00f8kelser av rasomr\u00e5det p\u00e5 Midtun.<\/p>\n<p>\u2013 Har dere nok geologer, sp\u00f8r en av de fremm\u00f8tte journalistene.<\/p>\n<p><b>\u2013 De har h\u00f8yt trykk, men de kommer, ja. <\/b><\/p>\n<p>Brannvesenet var ferdig p\u00e5 stedet klokken 1430. Politiet og geologer overtok ansvaret for videre h\u00e5ndtering av situasjonen.<\/p>\n<p>  <a href=\"https:\/\/www.ba.no\/5-8-3485311\" class=\"related-teaser has-image article--c-MkAkR\" rel=\"nofollow noopener\" target=\"_blank\"><\/p>\n<p>    <img decoding=\"async\" width=\"155\"  loading=\"lazy\"  src=\"https:\/\/www.europesays.com\/no\/wp-content\/uploads\/2026\/08\/IMG_9829+%281%29.jpg\" alt=\"\" class=\"brick-c-cFOWSL\" style=\"\"\/><\/p>\n<p>\n            Les ogs\u00e5<\/p>\n<p>            V\u00e5knet til jordras f\u00e5 meter fra hagegjerdet: \u2013 Jeg fikk drittsjokk!\n        <\/p>\n<p>  <\/a><\/p>\n<p>  <a href=\"https:\/\/www.ba.no\/5-8-3485254\" class=\"related-teaser has-image article--c-MkAkR\" rel=\"nofollow noopener\" target=\"_blank\"><\/p>\n<p>    <img decoding=\"async\" width=\"155\"  loading=\"lazy\"  src=\"https:\/\/www.europesays.com\/no\/wp-content\/uploads\/2026\/08\/1786291999_945_IMG_9783.jpg\" alt=\"\" class=\"brick-c-cFOWSL\" style=\"\"\/><\/p>\n<p>\n            Les ogs\u00e5<\/p>\n<p>            Kjelleren er oversv\u00f8mt: \u2013 En veldig stressende situasjon\n        <\/p>\n<p>  <\/a><\/p>\n<p>  <a href=\"https:\/\/www.ba.no\/5-8-3485231\" class=\"related-teaser has-image article--c-MkAkR\" rel=\"nofollow noopener\" target=\"_blank\"><\/p>\n<p>    <img decoding=\"async\" width=\"155\"  loading=\"lazy\"  src=\"https:\/\/www.europesays.com\/no\/wp-content\/uploads\/2026\/08\/1786292000_801_3864.jpg\" alt=\"\" class=\"brick-c-cFOWSL\" style=\"\"\/><\/p>\n<p>\n            Les ogs\u00e5<\/p>\n<p>            Regn, regn, regn: Dette blir de verste timene\n        <\/p>\n<p>  <\/a><\/p>\n","protected":false},"excerpt":{"rendered":"Jordraset i Totlandsvegen ved Midttun ble meldt inn til n\u00f8detatene litt f\u00f8r klokken 13 s\u00f8ndag. Foto: Magdalena Cohen&hellip;\n","protected":false},"author":2,"featured_media":317381,"comment_status":"","ping_status":"","sticky":false,"template":"","format":"standard","meta":{"footnotes":"","_share_on_mastodon":"0"},"categories":[10],"tags":[36,20,21,24,25,15,1576,22,23,13,30,28,29,14,16,254,1510,26,27],"class_list":["post-317380","post","type-post","status-publish","format-standard","has-post-thumbnail","category-norge","tag-art","tag-breaking-news","tag-breakingnews","tag-featured-news","tag-featurednews","tag-headlines","tag-hendelse","tag-latest-news","tag-latestnews","tag-news","tag-no","tag-norge","tag-norway","tag-nyheter","tag-overskrifter","tag-politi","tag-story","tag-top-stories","tag-topstories"],"share_on_mastodon":{"url":"https:\/\/pubeurope.com\/@no\/117066440276011580","error":""},"_links":{"self":[{"href":"https:\/\/www.europesays.com\/no\/wp-json\/wp\/v2\/posts\/317380","targetHints":{"allow":["GET"]}}],"collection":[{"href":"https:\/\/www.europesays.com\/no\/wp-json\/wp\/v2\/posts"}],"about":[{"href":"https:\/\/www.europesays.com\/no\/wp-json\/wp\/v2\/types\/post"}],"author":[{"embeddable":true,"href":"https:\/\/www.europesays.com\/no\/wp-json\/wp\/v2\/users\/2"}],"replies":[{"embeddable":true,"href":"https:\/\/www.europesays.com\/no\/wp-json\/wp\/v2\/comments?post=317380"}],"version-history":[{"count":0,"href":"https:\/\/www.europesays.com\/no\/wp-json\/wp\/v2\/posts\/317380\/revisions"}],"wp:featuredmedia":[{"embeddable":true,"href":"https:\/\/www.europesays.com\/no\/wp-json\/wp\/v2\/media\/317381"}],"wp:attachment":[{"href":"https:\/\/www.europesays.com\/no\/wp-json\/wp\/v2\/media?parent=317380"}],"wp:term":[{"taxonomy":"category","embeddable":true,"href":"https:\/\/www.europesays.com\/no\/wp-json\/wp\/v2\/categories?post=317380"},{"taxonomy":"post_tag","embeddable":true,"href":"https:\/\/www.europesays.com\/no\/wp-json\/wp\/v2\/tags?post=317380"}],"curies":[{"name":"wp","href":"https:\/\/api.w.org\/{rel}","templated":true}]}}