{"id":317594,"date":"2026-08-09T20:05:12","date_gmt":"2026-08-09T20:05:12","guid":{"rendered":"https:\/\/www.europesays.com\/no\/317594\/"},"modified":"2026-08-09T20:05:12","modified_gmt":"2026-08-09T20:05:12","slug":"nytt-system-etter-voldsvideo-fra-oslo-fengsel","status":"publish","type":"post","link":"https:\/\/www.europesays.com\/no\/317594\/","title":{"rendered":"Nytt system etter voldsvideo fra Oslo fengsel"},"content":{"rendered":"<p class=\"subtitle \" style=\"\">Kriminalomsorgens tilsynsorgan innf\u00f8rer et nytt registreringssystem etter at en ansatt ble tiltalt for vold mot en innsatt. \u00a0<\/p>\n<p data-lab-font_weight=\"\">Videoen fra innsiden av Oslo fengsel, som ligger \u00f8verst i denne saken, viste \u00f8yeblikket som seinere skulle f\u00e5 den ene betjenten suspendert fra stillingen sin &#8211; og tiltalt for kroppskrenkelse og grov uaktsom tjenestefeil.\u00a0<\/p>\n<p data-lab-font_weight=\"\">Han m\u00e5 m\u00f8te i retten i september.\u00a0<\/p>\n<p>    <a itemprop=\"url\" href=\"https:\/\/www.dagbladet.no\/nyheter\/fengselsbetjent-tiltalt-etter-vold-mot-innsatt\/84749183\" rel=\"nofollow noopener\" target=\"_blank\"><\/p>\n<p>        <img loading=\"lazy\" decoding=\"async\" src=\"https:\/\/www.europesays.com\/no\/wp-content\/uploads\/2026\/08\/84749283.webp\" width=\"980\" height=\"441\" alt=\"\" class=\"lazyload\" style=\"--aspect-ratio-image: 2.22; \"\/><\/p>\n<p>        Fengselsbetjent tiltalt etter vold mot innsatt<\/p>\n<p>    <\/a><\/p>\n<p class=\"font-weight-normal m-font-weight-normal\" data-lab-font_weight=\"font-weight-normal\">N\u00e5 har hendelsen, som fant sted 13. august i fjor, f\u00e5tt kriminalomsorgens tilsynsr\u00e5d til \u00e5 endre rutiner, skriver\u00a0<a href=\"https:\/\/www.tv2.no\/nyheter\/slagene-i-oslo-fengsel-endrer-praksis-etter-tv-2-avsloring\/19008445\/\" target=\"_blank\" style=\"font-size: var(--font-size-body); font-family: var(--font-family-body);\" rel=\"nofollow noopener\">TV 2<\/a>, som f\u00f8rst <a href=\"https:\/\/www.tv2.no\/spesialer\/nyheter\/slagene-i-oslo-fengsel\" rel=\"nofollow noopener\" target=\"_blank\">avsl\u00f8rte videoen<\/a>.<\/p>\n<p>\u00d8nsket er at det skal gi en enklere oversikt over vold eller trusler mot innsatte i norske fengsler.<\/p>\n<p>&#8211; Fra v\u00e5r side innf\u00f8rer vi n\u00e5 et registreringssystem som vil gi oss bedre grunnlag for \u00e5 kartlegge omfanget og f\u00f8lge opp enkeltsakene, sier leder for tilsynsr\u00e5det,\u00a0Verna Rege Nilssen, til kanalen.<\/p>\n<p>        <img loading=\"lazy\" decoding=\"async\" src=\"https:\/\/www.europesays.com\/no\/wp-content\/uploads\/2026\/08\/84991638.webp\" width=\"980\" height=\"559\" alt=\"\" class=\"\" style=\"--aspect-ratio-image: 1.75; \"\/><\/p>\n<p>\n        OSLO FENGSEL: Voldshendelsen skjedde p\u00e5 innsiden av fengselsmurene i august 2025. Foto: J\u00f8rn H. Moen \/ Dagbladet\n    <\/p>\n<p>&#8211; Et gap i systemet\t<\/p>\n<p> Tilsynsr\u00e5det har som oppgave \u00e5 s\u00f8rge for at innsatte i norske fengsler f\u00e5r en rettferdig og forsvarlig behandling. <\/p>\n<p> &#8211;\u00a0Vi har alltid tatt det p\u00e5 ytterste alvor i den grad vi f\u00e5r henvendelser om vold, sier Nilssen til Dagbladet l\u00f8rdag kveld.\u00a0<\/p>\n<p>        <img loading=\"lazy\" decoding=\"async\" itemprop=\"image\" src=\"https:\/\/www.europesays.com\/no\/wp-content\/uploads\/2026\/08\/84991782.webp\" width=\"180\" height=\"180\" alt=\"Verna Rege Nilssen\"\/><\/p>\n<p>                    Verna Rege Nilssen<br \/>\n                        Verna<br \/>\n                        Rege Nilssen<\/p>\n<p>                    Verna Rege Nilssen<br \/>\n                        Leder<\/p>\n<p>Kriminalomsorgens tilsynsr\u00e5d<\/p>\n<p>&#8211; Jeg har mistet alt etter dette. Det er fint at det skjer ting, kanskje det kan hjelpe andre, sier den forn\u00e6rmede mannen til Dagbladet.\u00a0<\/p>\n<p>Nilssen understreker at tilsynsr\u00e5det er nytt og fortsatt under utvikling. Med det nye registreringssystemet er m\u00e5let at de umiddelbart skal kunne se hvor mange henvendelser som gjelder vold, og ved hvilket fengsel disse har funnet sted.<\/p>\n<p>Fengselssjefen som anmeldte\t<\/p>\n<p> Nilssen understreker samtidig at tallene tilsynsr\u00e5det mottar, ikke n\u00f8dvendigvis gjenspeiler det reelle omfanget av voldshendelser i norske fengsler. <\/p>\n<p>&#8211; Det er de som klarer \u00e5 mobilisere og melde fra til oss, som blir h\u00f8rt &#8211; ikke alltid de som trenger oss mest. Derfor kan vi ogs\u00e5 selv ta kontakt med innsatte for \u00e5 h\u00f8re om de vil snakke med oss. Det gj\u00f8r det lettere for oss \u00e5 f\u00e5 innsyn, og \u00e5 lage et verkt\u00f8y for \u00e5 n\u00e5 dem som har det vanskeligst, utdyper hun.<\/p>\n<p> I denne konkrete saken var det lederen ved Oslo fengsel, Nils Leyell Finstad, som selv anmeldte betjenten. <\/p>\n<p>Han begrunner overfor Dagbladet at det var\u00a0for \u00e5 f\u00e5 en p\u00e5talemessig vurdering av forholdet.<\/p>\n<p>        <img loading=\"lazy\" decoding=\"async\" src=\"https:\/\/www.europesays.com\/no\/wp-content\/uploads\/2026\/08\/84991733.webp\" width=\"980\" height=\"559\" alt=\"\" class=\"\" style=\"--aspect-ratio-image: 1.75; \"\/><\/p>\n<p>\n        ANMELDTE: Lederen i Oslo fengsel, Nils Leyell Finstad, anmeldte selv betjenten i november 2025. Det er f\u00f8rste gang han har anmeldt en ansatt. Foto: \u00d8istein Norum Monsen\/Dagbladet\n    <\/p>\n<p>Rettssaken mot fengselsbetjenten starter 9. september.\u00a0Den tiltalte betjenten nekter straffskyld. Han har gjennom sin tidligere forsvarer Atle S\u00f8nsteli Johansen sagt f\u00f8lgende til TV 2 om sin versjon av hendelsen:<\/p>\n<p>\u00abAlt skjedde veldig fort og jeg oppfattet at de ikke hadde, eller var i ferd med \u00e5 miste kontrollen p\u00e5 den innsatte. Jeg l\u00f8p derfor til for \u00e5 bist\u00e5. I ettertid er det mulig \u00e5 si at jeg kanskje misforsto og at betjentene hadde bedre kontroll enn det jeg oppfattet, men situasjonen var veldig kaotisk\u00bb, sa han i uttalelsen <a href=\"https:\/\/www.dagbladet.no\/nyheter\/fengselsbetjent-tiltalt-etter-vold-mot-innsatt\/84749183\" rel=\"nofollow noopener\" target=\"_blank\">Dagbladet omtalte i juni<\/a>.\u00a0<\/p>\n<p>Petar Sekulic forsvarer n\u00e5 den tiltalte betjenten. Dagbladet har fors\u00f8kt \u00e5 komme i kontakt med Sekulic, forel\u00f8pig uten hell.<\/p>\n","protected":false},"excerpt":{"rendered":"Kriminalomsorgens tilsynsorgan innf\u00f8rer et nytt registreringssystem etter at en ansatt ble tiltalt for vold mot en innsatt. \u00a0&hellip;\n","protected":false},"author":2,"featured_media":317595,"comment_status":"","ping_status":"","sticky":false,"template":"","format":"standard","meta":{"footnotes":"","_share_on_mastodon":"0"},"categories":[5],"tags":[20,21,24,25,15,19,2539,22,23,17,18,13,30,28,29,14,17471,16,26,27],"class_list":["post-317594","post","type-post","status-publish","format-standard","has-post-thumbnail","category-overskrifter","tag-breaking-news","tag-breakingnews","tag-featured-news","tag-featurednews","tag-headlines","tag-hovedoppslag","tag-innenriks","tag-latest-news","tag-latestnews","tag-main-news","tag-mainnews","tag-news","tag-no","tag-norge","tag-norway","tag-nyheter","tag-oslo-fengsel","tag-overskrifter","tag-top-stories","tag-topstories"],"share_on_mastodon":{"url":"https:\/\/pubeurope.com\/@no\/117067352222436446","error":""},"_links":{"self":[{"href":"https:\/\/www.europesays.com\/no\/wp-json\/wp\/v2\/posts\/317594","targetHints":{"allow":["GET"]}}],"collection":[{"href":"https:\/\/www.europesays.com\/no\/wp-json\/wp\/v2\/posts"}],"about":[{"href":"https:\/\/www.europesays.com\/no\/wp-json\/wp\/v2\/types\/post"}],"author":[{"embeddable":true,"href":"https:\/\/www.europesays.com\/no\/wp-json\/wp\/v2\/users\/2"}],"replies":[{"embeddable":true,"href":"https:\/\/www.europesays.com\/no\/wp-json\/wp\/v2\/comments?post=317594"}],"version-history":[{"count":0,"href":"https:\/\/www.europesays.com\/no\/wp-json\/wp\/v2\/posts\/317594\/revisions"}],"wp:featuredmedia":[{"embeddable":true,"href":"https:\/\/www.europesays.com\/no\/wp-json\/wp\/v2\/media\/317595"}],"wp:attachment":[{"href":"https:\/\/www.europesays.com\/no\/wp-json\/wp\/v2\/media?parent=317594"}],"wp:term":[{"taxonomy":"category","embeddable":true,"href":"https:\/\/www.europesays.com\/no\/wp-json\/wp\/v2\/categories?post=317594"},{"taxonomy":"post_tag","embeddable":true,"href":"https:\/\/www.europesays.com\/no\/wp-json\/wp\/v2\/tags?post=317594"}],"curies":[{"name":"wp","href":"https:\/\/api.w.org\/{rel}","templated":true}]}}