{"id":317640,"date":"2026-08-09T20:54:20","date_gmt":"2026-08-09T20:54:20","guid":{"rendered":"https:\/\/www.europesays.com\/no\/317640\/"},"modified":"2026-08-09T20:54:20","modified_gmt":"2026-08-09T20:54:20","slug":"sport-voll-filip-ingebrigtsen-apner-for-forsoning-med-narve-gilje-nordas","status":"publish","type":"post","link":"https:\/\/www.europesays.com\/no\/317640\/","title":{"rendered":"Sport, Voll | Filip Ingebrigtsen \u00e5pner for forsoning med Narve Gilje Nord\u00e5s"},"content":{"rendered":"\n<p><a href=\"https:\/\/www.nettavisen.no\/sport\/filip-ingebrigtsen-er-apen-for-forsoning-med-narve-gilje-nordas\/s\/5-95-3187722\" rel=\"Follow nofollow noopener\" target=\"_blank\">(Nettavisen) <\/a>Rutinerte Filip Ingebrigtsen (33) varsler at han er i god form foran EM i Birmingham.<\/p>\n<p>Denne gangen skal han v\u00e6re b\u00e5de l\u00f8per og trener i mesterskapet, som naturlig nok byr p\u00e5 nye utfordringer og mer ansvar.<\/p>\n<p>F\u00f8r mesterskapet i England har Narve Gilje Nord\u00e5s (27) tatt til orde for at han \u00f8nsker \u00e5 skv\u00e6re opp med Ingebrigtsen-br\u00f8drene.<\/p>\n<p>Nord\u00e5s skilte lag med ekstrener Gjert Ingebrigtsen tidligere i \u00e5r, et samarbeid som var omstridt etter at br\u00f8drene Ingebrigtsen br\u00f8t all kontakt med faren Gjert p\u00e5 h\u00f8sten i 2023.<\/p>\n<p>\u2013 H\u00e5per det fortsetter s\u00e5nn <\/p>\n<p>\u2013 Narve har sagt at han \u00f8nsker forsoning. Hva tenker du?<\/p>\n<p>\u2013 Jeg registrerte det jeg \u00f2g. Jeg hadde en liten prat med ham p\u00e5 NM, der det var en veldig god tone, forteller Filip Ingebrigtsen til Nettavisen.<\/p>\n<p>Han utdyper: <\/p>\n<p>\u2013 Jeg h\u00e5per at det fortsetter s\u00e5nn, og at vi kan bygge en litt bedre tone i laget. S\u00e5nn at vi kan v\u00e6re litt mer samla som lag, v\u00e6re p\u00e5 samme plass, og kanskje trene litt mer sammen ogs\u00e5. Det hadde jo v\u00e6rt det beste.<\/p>\n<p>\u2013 Det hadde v\u00e6rt det beste for norsk friidrett \u00f2g, at alle drar litt i samme retning. I alle fall innad i Norge. Ingenting er bedre enn at man kan ha en grei tone, understreker Filip Ingebrigtsen.<\/p>\n<p>Til <a href=\"https:\/\/www.vg.no\/sport\/i\/lnrzoG\/filip-ingebrigtsen-aapen-for-forsoning-aldri-hatt-noe-imot-narve\" rel=\"Follow nofollow noopener\" target=\"_blank\">VG <\/a>sier han at de to ikke har snakket sammen p\u00e5 lang tid, men at han aldri har hatt noe imot Narve<\/p>\n<p>Tidlig i EM-ilden<\/p>\n<p>Filip Ingebrigtsen skal l\u00f8pe 5000 meter i EM, sammen med blant andre lillebror Jakob Ingebrigtsen (25), Andreas Fjeld Halvorsen (20) og Magnus Tuv Myhre (26). <\/p>\n<p>Finalen i \u00f8velsen l\u00f8pes allerede mandag kveld.<\/p>\n<p>Narve Gilje Nord\u00e5s f\u00e5r med seg Fjeld Halvorsen ogs\u00e5 p\u00e5 1500-meteren seinere i EM. I den \u00f8velsen l\u00f8pes finalen l\u00f8rdag 15. august.<\/p>\n","protected":false},"excerpt":{"rendered":"(Nettavisen) Rutinerte Filip Ingebrigtsen (33) varsler at han er i god form foran EM i Birmingham. Denne gangen&hellip;\n","protected":false},"author":2,"featured_media":317641,"comment_status":"","ping_status":"","sticky":false,"template":"","format":"standard","meta":{"footnotes":"","_share_on_mastodon":"0"},"categories":[59],"tags":[36,1470,30,28,29,83,82,1510,25354],"class_list":["post-317640","post","type-post","status-publish","format-standard","has-post-thumbnail","category-sport","tag-art","tag-klepp","tag-no","tag-norge","tag-norway","tag-sport","tag-sports","tag-story","tag-voll"],"share_on_mastodon":{"url":"https:\/\/pubeurope.com\/@no\/117067544511617661","error":""},"_links":{"self":[{"href":"https:\/\/www.europesays.com\/no\/wp-json\/wp\/v2\/posts\/317640","targetHints":{"allow":["GET"]}}],"collection":[{"href":"https:\/\/www.europesays.com\/no\/wp-json\/wp\/v2\/posts"}],"about":[{"href":"https:\/\/www.europesays.com\/no\/wp-json\/wp\/v2\/types\/post"}],"author":[{"embeddable":true,"href":"https:\/\/www.europesays.com\/no\/wp-json\/wp\/v2\/users\/2"}],"replies":[{"embeddable":true,"href":"https:\/\/www.europesays.com\/no\/wp-json\/wp\/v2\/comments?post=317640"}],"version-history":[{"count":0,"href":"https:\/\/www.europesays.com\/no\/wp-json\/wp\/v2\/posts\/317640\/revisions"}],"wp:featuredmedia":[{"embeddable":true,"href":"https:\/\/www.europesays.com\/no\/wp-json\/wp\/v2\/media\/317641"}],"wp:attachment":[{"href":"https:\/\/www.europesays.com\/no\/wp-json\/wp\/v2\/media?parent=317640"}],"wp:term":[{"taxonomy":"category","embeddable":true,"href":"https:\/\/www.europesays.com\/no\/wp-json\/wp\/v2\/categories?post=317640"},{"taxonomy":"post_tag","embeddable":true,"href":"https:\/\/www.europesays.com\/no\/wp-json\/wp\/v2\/tags?post=317640"}],"curies":[{"name":"wp","href":"https:\/\/api.w.org\/{rel}","templated":true}]}}