{"id":31787,"date":"2025-09-10T15:46:11","date_gmt":"2025-09-10T15:46:11","guid":{"rendered":"https:\/\/www.europesays.com\/no\/31787\/"},"modified":"2025-09-10T15:46:11","modified_gmt":"2025-09-10T15:46:11","slug":"derfor-folk-synes-trynet-mitt-er-sa-vanvittig-provoserende","status":"publish","type":"post","link":"https:\/\/www.europesays.com\/no\/31787\/","title":{"rendered":"\u2013 Derfor folk synes trynet mitt er s\u00e5 vanvittig provoserende"},"content":{"rendered":"\n<p class=\"_lead_ew2ao_2 _lead_xtcu6_50 layout-component text-serif-m layout-normal text-serif-l layout-component layout-wide layout-padded _wide_17hqh_1 layout-padded\">Danby Choi (32) tar et oppgj\u00f8r med janteloven i ny bok.<\/p>\n<p><img alt=\"Danby Choi p\u00e5 Vicen Awards i Oslo i januar. Foto: Amanda Pedersen Giske \/ NTB\" class=\"_image_qp4xg_65 layout-component layout-wide\" data-fullscreen- data-track-element-type=\"Article image fullscreen\" data-track-name=\"ImageFullscreen\" fetchpriority=\"high\" decoding=\"sync\" loading=\"eager\" height=\"2133\" itemprop=\"image\"  src=\"https:\/\/www.europesays.com\/no\/wp-content\/uploads\/2025\/09\/b79e8091-61ce-4aea-bc0f-1efacf353bba\"  style=\"object-position:0% 0%\" width=\"2607\"\/>Danby Choi p\u00e5 Vicen Awards i Oslo i januar. Foto: Amanda Pedersen Giske \/ NTB<\/p>\n<ul aria-hidden=\"true\" class=\"_images_1y6fe_106\">\n<li><a class=\"_link_1y6fe_111\" href=\"https:\/\/www.vg.no\/forfatter\/catherine-gonsholt-ighanian\" style=\"z-index:2\" title=\"Catherine Gonsholt Ighanian\" rel=\"nofollow noopener\" target=\"_blank\"><img alt=\"Bilde av Catherine Gonsholt Ighanian\" class=\"_image_1y6fe_88\" fetchpriority=\"low\" loading=\"lazy\" decoding=\"async\" itemprop=\"image\"  src=\"https:\/\/www.europesays.com\/no\/wp-content\/uploads\/2025\/09\/1757519170_212_72dca32d-ee6f-474c-a50e-72a9bb49f38a\"  width=\"480\"\/><\/a><\/li>\n<li><a class=\"_link_1y6fe_111\" href=\"https:\/\/www.vg.no\/forfatter\/camilla-norli\" style=\"z-index:1\" title=\"Camilla Norli\" rel=\"nofollow noopener\" target=\"_blank\"><img alt=\"Bilde av Camilla Norli\" class=\"_image_1y6fe_88\" fetchpriority=\"low\" loading=\"lazy\" decoding=\"async\" itemprop=\"image\"  src=\"https:\/\/www.europesays.com\/no\/wp-content\/uploads\/2025\/09\/722f4960-2325-48e8-ba97-62396728c076\"  width=\"480\"\/><\/a><\/li>\n<\/ul>\n<p> Oppdatert onsdag 10. september kl. 15:08    <\/p>\n<ul class=\"_list_ew2ao_3 _list_64s2r_85 _unordered_ew2ao_99 text-sans-m\">\n<li class=\"_item_ew2ao_30\">Danby Choi slipper ny bok om janteloven<\/li>\n<li class=\"_item_ew2ao_30\">Han beskriver Norge som \u00abverdens mest konforme land\u00bb, og mener janteloven hindrer talent og store dr\u00f8mmer.<\/li>\n<li class=\"_item_ew2ao_30\">Han l\u00f8fter ogs\u00e5 fram egen oppvekst som innvandrerbarn.<\/li>\n<\/ul>\n<p>Vis mer <\/p>\n<p class=\"_paragraph_ew2ao_4 _paragraph_xtcu6_10 layout-component text-serif-m layout-normal text-serif-m layout-padded\">Chois nye bok \u00abDu skal tro du er noe\u00bb slippes i oktober og er oppf\u00f8lgeren til <a href=\"https:\/\/www.vg.no\/rampelys\/i\/xg222l\/kampskrift-mot-woke\" data-track-element-type=\"Link\" data-track-id=\"link:xg222l\" class=\"_link_ew2ao_39\" rel=\"nofollow noopener\" target=\"_blank\">debutboken fra 2023<\/a> \u2013 \u00abKanseller meg hvis du kan \u2013 mitt oppgj\u00f8r med woke\u00bb.<\/p>\n<p class=\"_paragraph_ew2ao_4 _paragraph_xtcu6_10 layout-component text-serif-m layout-normal text-serif-m layout-padded\">N\u00e5 er det alts\u00e5 jantelovenjantelovenJanteloven er en lov som stammer fra den fiktive sm\u00e5byen Jante i Aksel Sandemoses roman En flyktning krysser sitt spor (1933). Loven best\u00e5r av ti regler som beskriver et sett normer i sm\u00e5 samfunn der individualitet og suksess ofte m\u00f8tes med skepsis eller misunnelse. som f\u00e5r gjennomg\u00e5.<\/p>\n<p class=\"_paragraph_ew2ao_4 _paragraph_xtcu6_10 layout-component text-serif-m layout-normal text-serif-m layout-padded\">\u2013 Det har v\u00e6rt veldig, veldig g\u00f8y \u00e5 skrive om dette s\u00e6rnorske, i alle fall ikonisk norske, negative kulturen, skriver samfunnsdebattanten og Subjekt-redakt\u00f8ren i en melding til VG.<\/p>\n<p class=\"_paragraph_ew2ao_4 _paragraph_xtcu6_10 layout-component text-serif-m layout-normal text-serif-m layout-padded\">\u2013 Vi hindrer talent, vi hamrer ned v\u00e5re eksepsjonelle ut\u00f8vere. Men vi hindrer samtidig ogs\u00e5 v\u00e5r egen evne til \u00e5 tenke stort \u2013 og til \u00e5 dr\u00f8mme enda st\u00f8rre.<\/p>\n<p><img alt=\"Danby Choi p\u00e5 TV 2s h\u00f8stlansering i Bergen i august.  Foto: Paul S. Amundsen \/ NTB\" class=\"_image_qp4xg_65 layout-component layout-normal\" data-fullscreen- data-track-element-type=\"Article image fullscreen\" data-track-name=\"ImageFullscreen\" decoding=\"async\" loading=\"lazy\" height=\"4001\" itemprop=\"image\"  src=\"https:\/\/www.europesays.com\/no\/wp-content\/uploads\/2025\/09\/83996bb8-1c28-463d-877b-6491bf3ad461\"  style=\"object-position:0% 0%\" width=\"5998\"\/>Danby Choi p\u00e5 TV 2s h\u00f8stlansering i Bergen i august.  Foto: Paul S. Amundsen \/ NTB<\/p>\n<p class=\"_paragraph_ew2ao_4 _paragraph_xtcu6_10 layout-component text-serif-m layout-normal text-serif-m layout-padded\">Som s\u00f8nn av s\u00f8rkoreanske innvandrere, l\u00f8fter Choi fram hvordan spr\u00e5k, tilh\u00f8righet og sosial kontroll har formet b\u00e5de hans oppvekst og syn p\u00e5 Norge.<\/p>\n<p class=\"_paragraph_ew2ao_4 _paragraph_xtcu6_10 layout-component text-serif-m layout-normal text-serif-m layout-padded\">\u00abFaren min er analfabet. Derfor er han nok spesielt stolt n\u00e5 som jeg kommer med min andre bok\u00bb, skriver Choi p\u00e5 <a href=\"https:\/\/www.facebook.com\/DanbyChoi\/\" class=\"_link_ew2ao_39\" rel=\"nofollow noopener\" target=\"_blank\">Facebook<\/a>.<\/p>\n<p>Stolt frekkas<\/p>\n<p class=\"_paragraph_ew2ao_4 _paragraph_xtcu6_10 layout-component text-serif-m layout-normal text-serif-m layout-padded\">Til VG sier Choi at det unektelig er noe \u00abvakkert med landet som muliggj\u00f8r s\u00e5pass store sprang over \u00e9n generasjon\u00bb. <\/p>\n<p class=\"_paragraph_ew2ao_4 _paragraph_xtcu6_10 layout-component text-serif-m layout-normal text-serif-m layout-padded\">\u2013 Men i dette landet finnes ogs\u00e5 mekanismer som pr\u00f8ver \u00e5 hindre det. Det rammer ikke frekkaser som meg, men kanskje er det derfor folk synes trynet mitt er s\u00e5 vanvittig provoserende.<\/p>\n<p class=\"_paragraph_ew2ao_4 _paragraph_xtcu6_10 layout-component text-serif-m layout-normal text-serif-m layout-padded\">For <a href=\"https:\/\/www.vg.no\/tag\/danby-choi\" class=\"_link_ew2ao_39\" rel=\"nofollow noopener\" target=\"_blank\">Danby Choi<\/a> har skapt b\u00f8lger <a href=\"https:\/\/www.vg.no\/nyheter\/i\/l38qGe\/braaket-rundt-17-mai-talen-til-danby-choi-paa-aller-villeste-veier\" data-track-element-type=\"Link\" data-track-id=\"link:l38qGe\" class=\"_link_ew2ao_39\" rel=\"nofollow noopener\" target=\"_blank\">mer enn \u00e9n gang<\/a>. Som rundt <a href=\"https:\/\/www.vg.no\/nyheter\/i\/l38qGe\/braaket-rundt-17-mai-talen-til-danby-choi-paa-aller-villeste-veier\" data-track-element-type=\"Link\" data-track-id=\"link:l38qGe\" class=\"_link_ew2ao_39\" rel=\"nofollow noopener\" target=\"_blank\">17. mai-talen<\/a> i Oslo i fjor. Da mener Choi han virkelig fikk kjenne p\u00e5 janteloven.<\/p>\n<p class=\"_paragraph_ew2ao_4 _paragraph_xtcu6_10 layout-component text-serif-m layout-normal text-serif-m layout-padded\">\u00abUnder det heseblesende 17. mai-oppstyret p\u00e5 V\u00e5r Frelsers gravlund i Oslo, kokte det rundt Ibsens grav\u00bb, skriver medieprofilen p\u00e5 Facebook.<\/p>\n<p class=\"_paragraph_ew2ao_4 _paragraph_xtcu6_10 layout-component text-serif-m layout-normal text-serif-m layout-padded\"><strong class=\"_strong_ew2ao_25\">Se glimt fra talen her:<\/strong><\/p>\n<p class=\"_paragraph_ew2ao_4 _paragraph_xtcu6_10 layout-component text-serif-m layout-normal text-serif-m layout-padded\">Choi beskriver Norge som \u00abverdens mest konforme land \u2013 sammen med Pakistan\u00bb. <\/p>\n<p class=\"_paragraph_ew2ao_4 _paragraph_xtcu6_10 layout-component text-serif-m layout-normal text-serif-m layout-padded\">\u2013 Nederland, som er mer sammenlignbart ofte ellers, eller Brasil, havner p\u00e5 motsatt ende i skalaen. Jeg mener det har sammenheng med janteloven som utbredt i Norge. Du skal virkelig ikke tro at du er noe i dette landet, sier han til VG.<\/p>\n<p class=\"_paragraph_ew2ao_4 _paragraph_xtcu6_10 layout-component text-serif-m layout-normal text-serif-m layout-padded\">32-\u00e5ringens klare innstilling er alts\u00e5 at man skal tro at man er noe. <\/p>\n<p class=\"_paragraph_ew2ao_4 _paragraph_xtcu6_10 layout-component text-serif-m layout-normal text-serif-m layout-padded\">\u2013 Og det er vi andre som b\u00f8r v\u00e6re takknemlige overfor deg, for at du t\u00f8r \u00e5 v\u00e6re det.<\/p>\n<p class=\"_paragraph_ew2ao_4 _paragraph_xtcu6_10 layout-component text-serif-m layout-normal text-serif-m layout-padded\">Han legger til:<\/p>\n<p class=\"_paragraph_ew2ao_4 _paragraph_xtcu6_10 layout-component text-serif-m layout-normal text-serif-m layout-padded\">\u2013 Vi har snakket mye om hvordan formuesskatten tvinger nordmenn til \u00e5 bli utlendinger for \u00e5 gj\u00f8re \u00f8konomisk suksess. Mindre har vi snakket om hvordan nordmenn m\u00e5 bli for eksempel brasilianere for \u00e5 bli verdens beste alpinister.<\/p>\n<p class=\"_paragraph_ew2ao_4 _paragraph_xtcu6_10 layout-component text-serif-m layout-normal text-serif-m layout-padded\"><strong class=\"_strong_ew2ao_25\">Til NTB sier Choi at boken \u00aber en skildring av Norge p\u00e5 sitt verste\u00bb. <\/strong><\/p>\n<p class=\"_paragraph_ew2ao_4 _paragraph_xtcu6_10 layout-component text-serif-m layout-normal text-serif-m layout-padded\">\u2013 Den er proppfull av eksempler p\u00e5 hvordan de ti forferdelige jantelovene kommer til uttrykk i dagens Norge.<\/p>\n<p class=\"_paragraph_ew2ao_4 _paragraph_xtcu6_10 layout-component text-serif-m layout-normal text-serif-m layout-padded\"><a href=\"https:\/\/www.vg.no\/tag\/danby-choi?utm_source=vg-article&amp;utm_medium=auto-tagger&amp;utm_campaign=dRyGej\" class=\"_link_ew2ao_39\" rel=\"nofollow noopener\" target=\"_blank\">Danby Choi<\/a> har er for \u00f8vrig blant h\u00f8stens deltagere i <a href=\"https:\/\/www.vg.no\/rampelys\/i\/xmnoOn\/skal-vi-danse-2025-disse-skal-vaere-med\" data-track-element-type=\"Link\" data-track-id=\"link:xmnoOn\" class=\"_link_ew2ao_39\" rel=\"nofollow noopener\" target=\"_blank\">\u00abSkal vi danse\u00bb p\u00e5 TV 2<\/a>. Han har ellers v\u00e6rt \u00e5 se i \u00abSpillet\u00bb og \u00abMaskorama\u00bb. <\/p>\n<p>Les ogs\u00e5<\/p>\n","protected":false},"excerpt":{"rendered":"Danby Choi (32) tar et oppgj\u00f8r med janteloven i ny bok. Danby Choi p\u00e5 Vicen Awards i Oslo&hellip;\n","protected":false},"author":2,"featured_media":31788,"comment_status":"","ping_status":"","sticky":false,"template":"","format":"standard","meta":{"footnotes":""},"categories":[10],"tags":[150,20,21,2077,24,25,15,22,23,13,30,28,29,14,16,26,27],"class_list":{"0":"post-31787","1":"post","2":"type-post","3":"status-publish","4":"format-standard","5":"has-post-thumbnail","7":"category-norge","8":"tag-bok","9":"tag-breaking-news","10":"tag-breakingnews","11":"tag-danby-choi","12":"tag-featured-news","13":"tag-featurednews","14":"tag-headlines","15":"tag-latest-news","16":"tag-latestnews","17":"tag-news","18":"tag-no","19":"tag-norge","20":"tag-norway","21":"tag-nyheter","22":"tag-overskrifter","23":"tag-top-stories","24":"tag-topstories"},"share_on_mastodon":{"url":"","error":""},"_links":{"self":[{"href":"https:\/\/www.europesays.com\/no\/wp-json\/wp\/v2\/posts\/31787","targetHints":{"allow":["GET"]}}],"collection":[{"href":"https:\/\/www.europesays.com\/no\/wp-json\/wp\/v2\/posts"}],"about":[{"href":"https:\/\/www.europesays.com\/no\/wp-json\/wp\/v2\/types\/post"}],"author":[{"embeddable":true,"href":"https:\/\/www.europesays.com\/no\/wp-json\/wp\/v2\/users\/2"}],"replies":[{"embeddable":true,"href":"https:\/\/www.europesays.com\/no\/wp-json\/wp\/v2\/comments?post=31787"}],"version-history":[{"count":0,"href":"https:\/\/www.europesays.com\/no\/wp-json\/wp\/v2\/posts\/31787\/revisions"}],"wp:featuredmedia":[{"embeddable":true,"href":"https:\/\/www.europesays.com\/no\/wp-json\/wp\/v2\/media\/31788"}],"wp:attachment":[{"href":"https:\/\/www.europesays.com\/no\/wp-json\/wp\/v2\/media?parent=31787"}],"wp:term":[{"taxonomy":"category","embeddable":true,"href":"https:\/\/www.europesays.com\/no\/wp-json\/wp\/v2\/categories?post=31787"},{"taxonomy":"post_tag","embeddable":true,"href":"https:\/\/www.europesays.com\/no\/wp-json\/wp\/v2\/tags?post=31787"}],"curies":[{"name":"wp","href":"https:\/\/api.w.org\/{rel}","templated":true}]}}