{"id":317888,"date":"2026-08-10T06:40:22","date_gmt":"2026-08-10T06:40:22","guid":{"rendered":"https:\/\/www.europesays.com\/no\/317888\/"},"modified":"2026-08-10T06:40:22","modified_gmt":"2026-08-10T06:40:22","slug":"trafikk-nyheter-advarer-foreldre-de-forste-dagene-er-de-farligste","status":"publish","type":"post","link":"https:\/\/www.europesays.com\/no\/317888\/","title":{"rendered":"Trafikk, Nyheter | Advarer foreldre: \u2013 De f\u00f8rste dagene er de farligste"},"content":{"rendered":"\n<p>Mange foreldre kjenner p\u00e5 en ekstra uro de f\u00f8rste ukene av skole\u00e5ret n\u00e5r barna skal ferdes mer p\u00e5 egen h\u00e5nd. Det er ikke uten grunn. De f\u00f8rste dagene er de farligste.<\/p>\n<p>I august 2024 ble 118 barn og unge under 19 \u00e5r skadd i trafikken, if\u00f8lge tall fra SSB og Frende Forsikring. Tallet stiger markant i ukene rundt skolestart hvert \u00e5r. Barn er uerfarne i trafikken, har begrenset evne til \u00e5 vurdere avstand og fart, og m\u00f8ter plutselig en hverdag med mer trafikk, mer stress og nye omgivelser.<\/p>\n<p><b>\u2013 Mange barn skal for f\u00f8rste gang p\u00e5 lenge g\u00e5 eller sykle til skolen. Da er det smart \u00e5 bruke litt tid p\u00e5 \u00e5 g\u00e5 ruten sammen med barnet f\u00f8r skolestart, snakke om overganger, lyskryss og hva de skal gj\u00f8re n\u00e5r de er usikre, sier Eva Vaagland, daglig leder i Skadeforebyggende forum (Skafor) i en pressemelding. <\/b><\/p>\n<p>Gj\u00f8r skoleveien tryggere<\/p>\n<p>G\u00e5 skoleveien sammen med barnet flere ganger f\u00f8r skolestart, og gjerne ogs\u00e5 de f\u00f8rste ukene etterp\u00e5. Bruk turene til \u00e5 \u00f8ve p\u00e5 \u00e5 stoppe og se seg for f\u00f8r kryssing, og snakk om hvor det er trygt \u00e5 g\u00e5.<\/p>\n<p>Et godt tiltak er \u00e5 g\u00e5 sammen med andre familier i nabolaget, i en fast g\u00e5gruppe. Foreldrene bytter p\u00e5 \u00e5 f\u00f8lge barna, og etter hvert som barna blir tryggere fotgjengere, kan de voksne trekke seg gradvis tilbake. Mange g\u00e5grupper fortsetter \u00e5 fungere lenge etter at foreldrene har sluttet \u00e5 f\u00f8lge, fordi barna rett og slett liker \u00e5 g\u00e5 sammen. Skolen eller FAU kan ofte hjelpe med en oversikt over klassekamerater som bor i n\u00e6rheten.<\/p>\n<p><b>\u2013 Jo flere som g\u00e5r, jo tryggere blir det for alle. F\u00e6rre biler ved skolen betyr mindre kaos i trafikkbildet. Og n\u00e5r det blir vanlig og sosialt \u00e5 g\u00e5 i gruppe, trenger ikke foreldrene \u00e5 kj\u00f8re i like stor grad heller, sier Vaagland.<\/b><\/p>\n<p>Gj\u00f8r dette f\u00f8r skolestart<\/p>\n<p>H\u00f8ye hekker og busker langs gangveier og fortau gj\u00f8r at barn lett blir usynlige for bilister. Det er faktisk lovp\u00e5lagt \u00e5 s\u00f8rge for fri sikt. St\u00e5r du fire meter inn i din egen avkj\u00f8rsel, skal du ha minst 20 meter fri sikt i hver retning, og hekk eller gjerde ved avkj\u00f8rselen skal ikke v\u00e6re h\u00f8yere enn 50 centimeter, if\u00f8lge Statens vegvesen. August er en fin m\u00e5ned \u00e5 ta hekksaksen fram.<\/p>\n<p>Foreldre er ogs\u00e5 en del av trafikkbildet<\/p>\n<p>Mange skoler opplever kaotiske hentesituasjoner der biler stopper p\u00e5 feil steder, og barn m\u00e5 krysse travle veier mellom parkerte biler. Skafor oppfordrer foreldre, som m\u00e5 kj\u00f8re, til \u00e5 parkere litt unna og g\u00e5 de siste meterne. Det gir barnet \u00f8velse og reduserer kaos.<\/p>\n<p><b>\u2013 Det er faktisk ogs\u00e5 en flott m\u00e5te \u00e5 starte skoledagen p\u00e5. En liten gange samler tankene og gir deg og barnet tid til \u00e5 prate, avslutter Vaagland i pressemeldingen. <\/b><\/p>\n","protected":false},"excerpt":{"rendered":"Mange foreldre kjenner p\u00e5 en ekstra uro de f\u00f8rste ukene av skole\u00e5ret n\u00e5r barna skal ferdes mer p\u00e5&hellip;\n","protected":false},"author":2,"featured_media":317889,"comment_status":"","ping_status":"","sticky":false,"template":"","format":"standard","meta":{"footnotes":"","_share_on_mastodon":"0"},"categories":[10],"tags":[36,20,21,24,25,15,22,23,116,13,30,28,29,14,16,223,1984,1633,25368,1510,26,27,224,5373],"class_list":["post-317888","post","type-post","status-publish","format-standard","has-post-thumbnail","category-norge","tag-art","tag-breaking-news","tag-breakingnews","tag-featured-news","tag-featurednews","tag-headlines","tag-latest-news","tag-latestnews","tag-moss","tag-news","tag-no","tag-norge","tag-norway","tag-nyheter","tag-overskrifter","tag-samferdsel","tag-skole-og-oppvekst","tag-skolestart","tag-skolevei","tag-story","tag-top-stories","tag-topstories","tag-trafikk","tag-trafikksikkerhet"],"share_on_mastodon":{"url":"https:\/\/pubeurope.com\/@no\/117069848680136993","error":""},"_links":{"self":[{"href":"https:\/\/www.europesays.com\/no\/wp-json\/wp\/v2\/posts\/317888","targetHints":{"allow":["GET"]}}],"collection":[{"href":"https:\/\/www.europesays.com\/no\/wp-json\/wp\/v2\/posts"}],"about":[{"href":"https:\/\/www.europesays.com\/no\/wp-json\/wp\/v2\/types\/post"}],"author":[{"embeddable":true,"href":"https:\/\/www.europesays.com\/no\/wp-json\/wp\/v2\/users\/2"}],"replies":[{"embeddable":true,"href":"https:\/\/www.europesays.com\/no\/wp-json\/wp\/v2\/comments?post=317888"}],"version-history":[{"count":0,"href":"https:\/\/www.europesays.com\/no\/wp-json\/wp\/v2\/posts\/317888\/revisions"}],"wp:featuredmedia":[{"embeddable":true,"href":"https:\/\/www.europesays.com\/no\/wp-json\/wp\/v2\/media\/317889"}],"wp:attachment":[{"href":"https:\/\/www.europesays.com\/no\/wp-json\/wp\/v2\/media?parent=317888"}],"wp:term":[{"taxonomy":"category","embeddable":true,"href":"https:\/\/www.europesays.com\/no\/wp-json\/wp\/v2\/categories?post=317888"},{"taxonomy":"post_tag","embeddable":true,"href":"https:\/\/www.europesays.com\/no\/wp-json\/wp\/v2\/tags?post=317888"}],"curies":[{"name":"wp","href":"https:\/\/api.w.org\/{rel}","templated":true}]}}