{"id":318140,"date":"2026-08-10T11:30:03","date_gmt":"2026-08-10T11:30:03","guid":{"rendered":"https:\/\/www.europesays.com\/no\/318140\/"},"modified":"2026-08-10T11:30:03","modified_gmt":"2026-08-10T11:30:03","slug":"kasper-hogh-scoret-hattrick-for-celtic","status":"publish","type":"post","link":"https:\/\/www.europesays.com\/no\/318140\/","title":{"rendered":"Kasper H\u00f8gh scoret hattrick for Celtic"},"content":{"rendered":"\n<p class=\"_lead_145nj_2 _lead_6fko5_53 layout-component text-serif-m layout-normal text-serif-l layout-component layout-wide layout-padded _wide_17hqh_1 layout-padded\">Kasper H\u00f8gh scoret tre m\u00e5l p\u00e5 en dr\u00f8y halvtime i sin andre kamp for Celtic.<\/p>\n<p><img alt=\"Kasper H\u00f8gh scoret hattrick for Celtic. Foto: Robert Perry \/ Pa Photos \/ NTB\" class=\"_image_jw3bv_65 layout-component layout-wide\" data-fullscreen- data-track-element-type=\"Article image fullscreen\" data-track-name=\"ImageFullscreen\" fetchpriority=\"high\" decoding=\"sync\" loading=\"eager\" height=\"1532\" itemprop=\"image\"  src=\"https:\/\/www.europesays.com\/no\/wp-content\/uploads\/2026\/08\/20796509-51c7-3f60-bf78-b9da2547e0a0.jpeg\"  style=\"object-position:0% 0%\" width=\"2357\"\/>Kasper H\u00f8gh scoret hattrick for Celtic. Foto: Robert Perry \/ Pa Photos \/ NTB<\/p>\n<ul aria-hidden=\"true\" class=\"_images_ntbth_112\">\n<li><a class=\"_link_ntbth_117\" href=\"https:\/\/www.vg.no\/forfatter\/martin-daldosso\" style=\"z-index:2\" title=\"Martin Daldosso\" rel=\"nofollow noopener\" target=\"_blank\"><img alt=\"Bilde av Martin Daldosso\" class=\"_image_ntbth_93\" fetchpriority=\"low\" loading=\"lazy\" decoding=\"async\" itemprop=\"image\"  src=\"https:\/\/www.europesays.com\/no\/wp-content\/uploads\/2026\/08\/1786361402_305_08628443-dcab-41b6-9689-17cde1613270.jpeg\"  width=\"480\"\/><\/a><\/li>\n<li><a class=\"_link_ntbth_117\" href=\"https:\/\/www.vg.no\/forfatter\/ntb\" style=\"z-index:1\" title=\"NTB\" rel=\"nofollow noopener\" target=\"_blank\"><img alt=\"Bilde av NTB\" class=\"_image_ntbth_93\" fetchpriority=\"low\" loading=\"lazy\" decoding=\"async\" itemprop=\"image\"  src=\"https:\/\/www.europesays.com\/no\/wp-content\/uploads\/2026\/08\/1786361402_995_c33980b0-5d07-4027-84a1-813f90a7c8d6.jpeg\"  width=\"480\"\/><\/a><\/li>\n<\/ul>\n<p> Oppdatert s\u00f8ndag 9. august kl. 16:51     <\/p>\n<p class=\"_paragraph_145nj_4 _paragraph_6fko5_10 layout-component text-serif-m layout-normal text-serif-m layout-padded\">Dansken gjorde nylig overgang fra Bod\u00f8\/Glimt til den skotske storklubben og spilte sin andre kamp for Celtic s\u00f8ndag. Etter at han i debuten bommet p\u00e5 flere store sjanser, slo han hardt tilbake i bortekampen mot Kilmarnock.<\/p>\n<p class=\"_paragraph_145nj_4 _paragraph_6fko5_10 layout-component text-serif-m layout-normal text-serif-m layout-padded\">Det tok bare et minutt f\u00f8r han fra kloss hold stanget Celtic i f\u00f8ringen. Etter 33 minutter skj\u00f8t han ballen i hj\u00f8rnet, f\u00f8r han minutter etterp\u00e5 igjen brukte hodet til \u00e5 score.<\/p>\n<p class=\"_paragraph_145nj_4 _paragraph_6fko5_10 layout-component text-serif-m layout-normal text-serif-m layout-padded\">\u2013 Jeg er s\u00e5 glad! Det var en god f\u00f8lelse, men det viktigste er hvordan vi spilte som et lag. Det var en utrolig bra kamp fra hele laget, sier H\u00f8gh til Sky Sports.<\/p>\n<p><img alt=\"Kasper H\u00f8gh har blitt en hit i Skottland.  Foto: Robert Perry \/ Pa Photos \/ NTB\" class=\"_image_jw3bv_65 layout-component layout-normal\" data-fullscreen- data-track-element-type=\"Article image fullscreen\" data-track-name=\"ImageFullscreen\" decoding=\"async\" loading=\"lazy\" height=\"3286\" itemprop=\"image\"  src=\"https:\/\/www.europesays.com\/no\/wp-content\/uploads\/2026\/08\/25e9360e-c44c-3c96-9ae6-22aaeab617a4.jpeg\"  style=\"object-position:0% 0%\" width=\"4929\"\/>Kasper H\u00f8gh har blitt en hit i Skottland.  Foto: Robert Perry \/ Pa Photos \/ NTB<\/p>\n<p class=\"_paragraph_145nj_4 _paragraph_6fko5_10 layout-component text-serif-m layout-normal text-serif-m layout-padded\">P\u00e5 sp\u00f8rsm\u00e5l om hva som forbedret seg fra mandagens kamp, svarer dansken med hum\u00f8r.<\/p>\n<p class=\"_paragraph_145nj_4 _paragraph_6fko5_10 layout-component text-serif-m layout-normal text-serif-m layout-padded\">\u2013 Skuddtrening. Jeg har ogs\u00e5 h\u00f8rt rykter om at dette var en kunstgressbane f\u00f8r, s\u00e5 kanskje det hjalp meg litt, sier han med et glimt i \u00f8yet.<\/p>\n<p class=\"_paragraph_145nj_4 _paragraph_6fko5_10 layout-component text-serif-m layout-normal text-serif-m layout-padded\">I Bod\u00f8\/Glimt spilte H\u00f8gh som kjent p\u00e5 kunstgress p\u00e5 Aspmyra. Etter overgangen til Celtic var det bekymring i Skottland om H\u00f8gh kunne klare overgangen til naturgress.<\/p>\n<p class=\"_paragraph_145nj_4 _paragraph_6fko5_10 layout-component text-serif-m layout-normal text-serif-m layout-padded\">Celtic vant til slutt kampen 5-1. Benjamin Nygren og Luke McCowan scoret de to siste m\u00e5lene for Celtic. Michael Schj\u00f8nning-Larsen s\u00f8rget for at Kilmarnock fikk med seg et tr\u00f8stem\u00e5l.<\/p>\n<p class=\"_paragraph_145nj_4 _paragraph_6fko5_10 layout-component text-serif-m layout-normal text-serif-m layout-padded\">Celtic leder serien med full pott etter to kamper.<\/p>\n<p class=\"_paragraph_145nj_4 _paragraph_6fko5_10 layout-component text-serif-m layout-normal text-serif-m layout-padded\">\u2013 Hattrick p\u00e5 35 minutter for rekordsignering <a href=\"https:\/\/www.vg.no\/tag\/kasper-hoegh?utm_source=vg-article&amp;utm_medium=auto-tagger&amp;utm_campaign=j0rzjb\" class=\"_link_145nj_39\" rel=\"nofollow noopener\" target=\"_blank\">Kasper H\u00f8gh<\/a>. Jeg tror denne gutten kan v\u00e6re litt av en spiller, skriver journalist Matthew Lindsay i den skotske avisa The Herald.<\/p>\n<p class=\"_paragraph_145nj_4 _paragraph_6fko5_10 layout-component text-serif-m layout-normal text-serif-m layout-padded\">H\u00f8gh scoret i alt 54 m\u00e5l p\u00e5 103 kamper for Glimt. Det gjorde ham til en dyr mann \u00e5 hente, og Celtic skal ha betalt over 140 millioner kroner, if\u00f8lge flere medier.<\/p>\n","protected":false},"excerpt":{"rendered":"Kasper H\u00f8gh scoret tre m\u00e5l p\u00e5 en dr\u00f8y halvtime i sin andre kamp for Celtic. Kasper H\u00f8gh scoret&hellip;\n","protected":false},"author":2,"featured_media":318141,"comment_status":"","ping_status":"","sticky":false,"template":"","format":"standard","meta":{"footnotes":"","_share_on_mastodon":"0"},"categories":[59],"tags":[517,24824,92,2671,30,28,29,4682,83,82],"class_list":["post-318140","post","type-post","status-publish","format-standard","has-post-thumbnail","category-sport","tag-bodo-glimt","tag-celtic-fc","tag-fotball","tag-kasper-hogh","tag-no","tag-norge","tag-norway","tag-skottland","tag-sport","tag-sports"],"share_on_mastodon":{"url":"https:\/\/pubeurope.com\/@no\/117070989416286906","error":""},"_links":{"self":[{"href":"https:\/\/www.europesays.com\/no\/wp-json\/wp\/v2\/posts\/318140","targetHints":{"allow":["GET"]}}],"collection":[{"href":"https:\/\/www.europesays.com\/no\/wp-json\/wp\/v2\/posts"}],"about":[{"href":"https:\/\/www.europesays.com\/no\/wp-json\/wp\/v2\/types\/post"}],"author":[{"embeddable":true,"href":"https:\/\/www.europesays.com\/no\/wp-json\/wp\/v2\/users\/2"}],"replies":[{"embeddable":true,"href":"https:\/\/www.europesays.com\/no\/wp-json\/wp\/v2\/comments?post=318140"}],"version-history":[{"count":0,"href":"https:\/\/www.europesays.com\/no\/wp-json\/wp\/v2\/posts\/318140\/revisions"}],"wp:featuredmedia":[{"embeddable":true,"href":"https:\/\/www.europesays.com\/no\/wp-json\/wp\/v2\/media\/318141"}],"wp:attachment":[{"href":"https:\/\/www.europesays.com\/no\/wp-json\/wp\/v2\/media?parent=318140"}],"wp:term":[{"taxonomy":"category","embeddable":true,"href":"https:\/\/www.europesays.com\/no\/wp-json\/wp\/v2\/categories?post=318140"},{"taxonomy":"post_tag","embeddable":true,"href":"https:\/\/www.europesays.com\/no\/wp-json\/wp\/v2\/tags?post=318140"}],"curies":[{"name":"wp","href":"https:\/\/api.w.org\/{rel}","templated":true}]}}