{"id":31836,"date":"2025-09-10T16:56:39","date_gmt":"2025-09-10T16:56:39","guid":{"rendered":"https:\/\/www.europesays.com\/no\/31836\/"},"modified":"2025-09-10T16:56:39","modified_gmt":"2025-09-10T16:56:39","slug":"klarna-verdsettes-til-151-mrd-for-borsdebut","status":"publish","type":"post","link":"https:\/\/www.europesays.com\/no\/31836\/","title":{"rendered":"Klarna: Verdsettes til 151 mrd. f\u00f8r b\u00f8rsdebut"},"content":{"rendered":"<p>N\u00e5r Klarna g\u00e5r p\u00e5 b\u00f8rs i USA onsdag, skjer det til en verdsettelse p\u00e5 litt over 15 milliarder dollar. Det blir sett p\u00e5 som en milep\u00e6l for det svenske fintech-selskapet etter at tollrelatert markedsuro tidligere stanset planene om \u00e5 g\u00e5 p\u00e5 b\u00f8rs, skriver <a href=\"https:\/\/www.ft.com\/content\/acf2fd60-3db9-4452-99d0-ef0003a28c44\" rel=\"nofollow noopener\" target=\"_blank\">Financial Times.<\/a><\/p>\n<p><b>Totalt blir selskapet priset til 15,2 milliarder dollar, dr\u00f8yt 151 milliarder kroner, etter at selskapet satte prisen til 40\u00a0dollar per aksje \u2013 over den annonserte rammen p\u00e5 35\u201337 dollar.<\/b><\/p>\n<p>If\u00f8lge FT\u00a0hentet Klarna inn i underkant av 1,4 milliarder dollar i en emisjon som var 26 ganger overtegnet.<\/p>\n<p>Betalingsselskapet var ett av flere som satte sine b\u00f8rsplaner p\u00e5 pause tidligere i \u00e5r, etter at USAs president Donald Trumps omfattende tollkunngj\u00f8ringer i april skapte uro i markedene.\u00a0<\/p>\n<p>IPO-markedet i USA har siden tatt seg opp, med noteringer av blant annet Figma og kryptob\u00f8rsen Bullish,\u00a0som begge hentet over 1 milliard dollar, if\u00f8lge FT.<\/p>\n<p class=\"subhead\" data-element-type=\"subhead\" data-element-label=\"Mellomtittel\">Tapte over 500 mill.\u00a0<\/p>\n<p>Klarna var tidlig ute med \u00abkj\u00f8p n\u00e5, betal senere\u00bb-l\u00f8sninger, som har vokst kraftig i popularitet, s\u00e6rlig i USA. Forretningsmodellen har samtidig m\u00f8tt kritikk for \u00e5 oppmuntre til uansvarlig l\u00e5nebruk. I fjor kom 13,6 prosent av inntektene fra ulike gebyrer n\u00e5r kunder utsatte eller misset betalinger.<\/p>\n<p>Selskapet pr\u00f8ver n\u00e5 \u00e5 utvikle seg til en bred digital bank. Det har lansert debetkort, \u00f8ker satsingen p\u00e5 tradisjonelle l\u00e5n og signaliserer ambisjoner innen krypto, if\u00f8lge FT.<\/p>\n<p><b>I andre kvartal fikk Klarna et netto\u00adtap p\u00e5 53 millioner dollar, opp fra 1 millioner dollar samme periode \u00e5ret f\u00f8r. Samtidig steg inntektene 21 prosent til 823 millioner dollar.\u00a0<\/b><\/p>\n<p>Verdsettelsen er langt under toppniv\u00e5et i 2021, da en Softbank-ledet emisjon l\u00f8ftet Klarna til 46 milliarder dollar og gjorde selskapet til Europas mest verdifulle oppstartsselskap. \u00c5ret etter falt verdien til 6,7 milliarder dollar som f\u00f8lge av renteoppgang og investorflukt fra ul\u00f8nnsomme teknologiselskaper.<\/p>\n","protected":false},"excerpt":{"rendered":"N\u00e5r Klarna g\u00e5r p\u00e5 b\u00f8rs i USA onsdag, skjer det til en verdsettelse p\u00e5 litt over 15 milliarder&hellip;\n","protected":false},"author":2,"featured_media":31837,"comment_status":"","ping_status":"","sticky":false,"template":"","format":"standard","meta":{"footnotes":""},"categories":[56],"tags":[60,61,5082,62,30,28,29],"class_list":{"0":"post-31836","1":"post","2":"type-post","3":"status-publish","4":"format-standard","5":"has-post-thumbnail","7":"category-naeringsliv","8":"tag-business","9":"tag-economy","10":"tag-klarna","11":"tag-naeringsliv","12":"tag-no","13":"tag-norge","14":"tag-norway"},"share_on_mastodon":{"url":"","error":""},"_links":{"self":[{"href":"https:\/\/www.europesays.com\/no\/wp-json\/wp\/v2\/posts\/31836","targetHints":{"allow":["GET"]}}],"collection":[{"href":"https:\/\/www.europesays.com\/no\/wp-json\/wp\/v2\/posts"}],"about":[{"href":"https:\/\/www.europesays.com\/no\/wp-json\/wp\/v2\/types\/post"}],"author":[{"embeddable":true,"href":"https:\/\/www.europesays.com\/no\/wp-json\/wp\/v2\/users\/2"}],"replies":[{"embeddable":true,"href":"https:\/\/www.europesays.com\/no\/wp-json\/wp\/v2\/comments?post=31836"}],"version-history":[{"count":0,"href":"https:\/\/www.europesays.com\/no\/wp-json\/wp\/v2\/posts\/31836\/revisions"}],"wp:featuredmedia":[{"embeddable":true,"href":"https:\/\/www.europesays.com\/no\/wp-json\/wp\/v2\/media\/31837"}],"wp:attachment":[{"href":"https:\/\/www.europesays.com\/no\/wp-json\/wp\/v2\/media?parent=31836"}],"wp:term":[{"taxonomy":"category","embeddable":true,"href":"https:\/\/www.europesays.com\/no\/wp-json\/wp\/v2\/categories?post=31836"},{"taxonomy":"post_tag","embeddable":true,"href":"https:\/\/www.europesays.com\/no\/wp-json\/wp\/v2\/tags?post=31836"}],"curies":[{"name":"wp","href":"https:\/\/api.w.org\/{rel}","templated":true}]}}