{"id":31841,"date":"2025-09-10T17:00:14","date_gmt":"2025-09-10T17:00:14","guid":{"rendered":"https:\/\/www.europesays.com\/no\/31841\/"},"modified":"2025-09-10T17:00:14","modified_gmt":"2025-09-10T17:00:14","slug":"sverige-skjelver-vondt","status":"publish","type":"post","link":"https:\/\/www.europesays.com\/no\/31841\/","title":{"rendered":"Sverige skjelver: &#8211; Vondt"},"content":{"rendered":"<ul class=\"font-weight-bold m-font-weight-bold\" data-lab-font_weight=\"font-weight-bold\">\n<li class=\"lab-bodytext-line\">Norge &#8211; Moldova 11-1<\/li>\n<li class=\"lab-bodytext-line\">Kosovo &#8211; Sverige 2-0<\/li>\n<\/ul>\n<p>Kontrastene kunne knapt v\u00e6rt st\u00f8rre. I en \u00e5rrekke har Sverige v\u00e6rt Norges storebror i skandinavisk fotball. N\u00e5 er rollene i ferd med \u00e5 snu &#8211; med Norge p\u00e5 <a href=\"https:\/\/www.dagbladet.no\/sport\/sjokkmelding-pa-nrk\/83571116\" target=\"_blank\" rel=\"nofollow noopener\">full fart<\/a> mot VM, mens svenskene <a href=\"https:\/\/www.dagbladet.no\/sport\/raser\/83565921\" target=\"_blank\" rel=\"nofollow noopener\">risikerer \u00e5 bli st\u00e5ende igjen<\/a> p\u00e5 perrongen. <\/p>\n<p>Dagbladet har sl\u00e5tt p\u00e5 tr\u00e5den til f\u00f8lgende svenske profiler, som uttaler seg om at fotballsituasjonen mellom nabolandene virker \u00e5 v\u00e6re snudd p\u00e5 hodet:<\/p>\n<ul>\n<li class=\"lab-bodytext-line\">Daniel Nannskog<\/li>\n<li class=\"lab-bodytext-line\">Simon Bank<\/li>\n<li class=\"lab-bodytext-line\">Olof Lundh<\/li>\n<\/ul>\n<p>          <img loading=\"lazy\" decoding=\"async\" src=\"https:\/\/www.europesays.com\/no\/wp-content\/uploads\/2025\/09\/83575107.webp\" width=\"686\" height=\"392\" title=\"STJERNE: Erling Braut Haaland leder Norge til triumfer, mens Sverige sliter p\u00e5 motsatt side av grensen. Foto: Bj\u00f8rn Langsem \/ Dagbladet\" alt=\"\" class=\"\" style=\"--aspect-ratio-image: 1.75; \"\/><\/p>\n<p>\n          STJERNE: Erling Braut Haaland leder Norge til triumfer, mens Sverige sliter p\u00e5 motsatt side av grensen. Foto: Bj\u00f8rn Langsem \/ Dagbladet\n      <\/p>\n<p>Mens Norge har vunnet samtlige kamper i VM-kvalifiseringen, har alarmen for lengst g\u00e5tt i Sverige etter at de bl\u00e5-gule st\u00e5r med ett fattig poeng etter to spilte kamper.<\/p>\n<p class=\"italic m-italic\" data-lab-italic=\"italic\">&#8211; Hvor alvorlig vil det v\u00e6re for svensk fotball om dere ikke kommer til VM?<\/p>\n<p class=\"font-weight-bold m-font-weight-bold\" data-lab-font_weight=\"font-weight-bold\">&#8211; Det er klart at det vil v\u00e6re en kjempefiasko, sier Nannskog til Dagbladet &#8211; f\u00f8r han retter seg selv:<\/p>\n<p>&#8211; Kjempefiasko er et sterkt ord. Men det er klart at det vil v\u00e6re en stor skuffelse. Laget har g\u00e5tt glipp av flere VM-sluttspill, og da er det klart at hele Sverige skriker etter et nytt verdensmesterskap. Slik det ser ut n\u00e5, s\u00e5 ser det veldig d\u00e5rlig ut.<\/p>\n<ul>\n<li class=\"lab-bodytext-line\"> Den svenske sportsjournalisten Petter Land\u00e9n sier nordmenn er gale. Se video \u00f8verst i saken!<\/li>\n<\/ul>\n<p>          <img loading=\"lazy\" decoding=\"async\" src=\"https:\/\/www.europesays.com\/no\/wp-content\/uploads\/2025\/09\/83574804.webp\" width=\"980\" height=\"559\" title=\"F\u00d8LGER SVERIGE TETT: Daniel Nannskog p\u00e5 Friends Arena dagen f\u00f8r EM-kvalifiseringskampen mot Norge i 2019. Foto: Stian Lysberg Solum \/ NTB\" alt=\"\" class=\"\" style=\"--aspect-ratio-image: 1.75; \"\/><\/p>\n<p>\n          F\u00d8LGER SVERIGE TETT: Daniel Nannskog p\u00e5 Friends Arena dagen f\u00f8r EM-kvalifiseringskampen mot Norge i 2019. Foto: Stian Lysberg Solum \/ NTB\n      <\/p>\n<p>Har tatt lang tid\t<\/p>\n<p class=\"italic m-italic\" data-lab-italic=\"italic\">&#8211; Er det et maktskifte vi ser i skandinavisk fotball?<\/p>\n<p>&#8211; Det er tydelig at det er det. Norge har bare blitt bedre og bedre etter at de tidligere har hatt store problemer. N\u00e5 virker det som at Norge har gjort noe rett &#8211; for en gangs skyld, svarer den forhenv\u00e6rende Tippeliga-storscoreren.<\/p>\n<p>Nannskog reagerer likevel p\u00e5 at Norge ikke v\u00e6rt med i et sluttspill siden EM i 2000.<\/p>\n<p>&#8211; Jeg har ventet lenge p\u00e5 at Norge skulle bite fra seg, s\u00e5 det er ikke overraskende. Men jeg er overrasket at det har tatt s\u00e5 lang tid. Det er bare \u00e5 gratulere til Norge, sier Nannskog.<\/p>\n<ul>\n<li class=\"lab-bodytext-line italic m-italic\" data-lab-italic=\"italic\">Den svenske humorprofilen Johan Gunterberg m\u00e5per av Haaland og svarer p\u00e5 Norge-sp\u00f8rsm\u00e5l:<\/li>\n<\/ul>\n<p>&#8211; Pinlig\t<\/p>\n<p class=\"font-weight-bold m-font-weight-bold\" data-lab-font_weight=\"font-weight-bold\">Simon Bank i Aftonbladet vil ikke sl\u00e5 fast at vi er vitne til et maktskifte mellom Norge og Sverige.<\/p>\n<p> &#8211; Det er ti \u00e5r siden jeg skrev at Norge var p\u00e5 god vei til \u00e5 g\u00e5 forbi Sverige, takket v\u00e6re talentutvikling, trenerutdanning, anleggssatsinger og s\u00e5 videre. Alt det der &#8211; og Haaland &#8211; finnes n\u00e5. Men jeg krever at Norge er bedre over litt lengre tid f\u00f8r jeg utroper lillebror til storebror, sier Bank til Dagbladet.<\/p>\n<p>          <img loading=\"lazy\" decoding=\"async\" src=\"https:\/\/www.europesays.com\/no\/wp-content\/uploads\/2025\/09\/83574878.webp\" width=\"686\" height=\"392\" title=\"ANERKJENT KOMMENTATOR: Simon Bank i Aftonbladet. Foto: Emma Wallskog \/ BILDBYR\u00c5N\" alt=\"\" class=\"\" style=\"--aspect-ratio-image: 1.75; \"\/><\/p>\n<p>\n          ANERKJENT KOMMENTATOR: Simon Bank i Aftonbladet. Foto: Emma Wallskog \/ BILDBYR\u00c5N\n      <\/p>\n<p>Det vil heller ikke Olof Lundh i TV4.<\/p>\n<p>&#8211; Man m\u00e5 v\u00e6re \u00e6rlig \u00e5 si at det er pinlig at dere (Norge) ikke har f\u00e5tt mer ut av stjernene deres f\u00f8r n\u00e5. Det er p\u00e5 tide. Og det framst\u00e5r som ubegripelig at Norge ikke var med i EM 2024, forteller Lundh til Dagbladet.<\/p>\n<p>Men:<\/p>\n<p>&#8211; Det er klart at det Norge viser er imponerende, og det er gledelig \u00e5 se at St\u00e5le Solbakken f\u00e5r ut potensialet i Haaland, \u00d8degaard og resten av laget.<\/p>\n<p>          <img loading=\"lazy\" decoding=\"async\" src=\"https:\/\/www.europesays.com\/no\/wp-content\/uploads\/2025\/09\/83574774.webp\" width=\"686\" height=\"392\" title=\"IMPONERT AV NORGE: Den svenske TV4-journalisten Olof Lundh. Her p\u00e5 Ullevaal Stadion i 2022. Foto: Geir Olsen \/ NTB\" alt=\"\" class=\"\" style=\"--aspect-ratio-image: 1.75; \"\/><\/p>\n<p>\n          IMPONERT AV NORGE: Den svenske TV4-journalisten Olof Lundh. Her p\u00e5 Ullevaal Stadion i 2022. Foto: Geir Olsen \/ NTB\n      <\/p>\n<p>Sveriges problemer\t<\/p>\n<p>Som nevnt sliter Sverige i den p\u00e5g\u00e5ende VM-kvalifiseringen. De svenske ekspertene mener det er flere grunner til det.<\/p>\n<p>&#8211; Fotballen v\u00e5r var ikke s\u00e5 ekstrem som \u00abDrillo-fotballen\u00bb, men det norske folk kjenner Lars Lagerb\u00e4ck, som st\u00e5r for en forsiktig fotball som bygger p\u00e5 kollektivt forsvar. Siden den gang har vi f\u00e5tt bedre offensive spillere, og da vil man spille p\u00e5 deres styrker, sier Lundh &#8211; og forklarer:<\/p>\n<p class=\"font-weight-bold m-font-weight-bold\" data-lab-font_weight=\"font-weight-bold\">&#8211; Jeg tror at Sverige har endret for mye under landslagssjef Jon Dahl Tomasson. Han st\u00e5r for en kanskje for ekstrem offensiv fotball &#8211; som jeg m\u00e5 si jeg er usikker p\u00e5 om de svenske spillerne takler.<\/p>\n<p>          <img loading=\"lazy\" decoding=\"async\" src=\"https:\/\/www.europesays.com\/no\/wp-content\/uploads\/2025\/09\/83574825.webp\" width=\"686\" height=\"392\" title=\"HAR IKKE F\u00c5TT DET TIL \u00c5 STEMME: Sveriges danske landslagssjef Jon Dahl Tomasson. Her sammen med spissen Alexander Isak. Foto: NTB\" alt=\"\" class=\"\" style=\"--aspect-ratio-image: 1.75; \"\/><\/p>\n<p>\n          HAR IKKE F\u00c5TT DET TIL \u00c5 STEMME: Sveriges danske landslagssjef Jon Dahl Tomasson. Her sammen med spissen Alexander Isak. Foto: NTB\n      <\/p>\n<p>Danske Tomasson har v\u00e6rt landslagssjef for svenskene siden februar i fjor &#8211; men har f\u00e5tt for lite ut av mannskapet, p\u00e5st\u00e5r Lundh.<\/p>\n<p>&#8211; M\u00e5ten Sverige tapte for Kosovo var pinlig.<\/p>\n<p>Bank i Aftonbladet mener:<\/p>\n<p class=\"no_italic m-no_italic\" data-lab-italic=\"\">&#8211; Sveriges landslag pleide \u00e5 fungere som en klubb, med en innarbeidet spillmodell og stor tydelighet. N\u00e5 er det tvert imot. Naiv, krevende og\u00a0 vanskelig fotball &#8211; og en fotball som spillerne p\u00e5 ingen m\u00e5te er i n\u00e6rheten av \u00e5 mestre.<\/p>\n<p>Kritisk\t<\/p>\n<p class=\"italic m-italic\" data-lab-italic=\"italic\">&#8211; Hvor alvorlig vil det v\u00e6re for svensk fotball om dere g\u00e5r glipp av VM?<\/p>\n<p>&#8211; Veldig. For selvbildet, men ogs\u00e5 for \u00f8konomien. Forbundet har slitt med pengene de siste \u00e5ra, og selv om det absolutt ikke er noen krise, ville inntektene fra VM bety sv\u00e6rt mye for virksomheten. Vi har jo liksom ingen olje, humrer Bank.<\/p>\n<p>Bryter ut i latter\t<\/p>\n<p>Under VM i 1994 ble Sveriges \u00abN\u00e4r vi gr\u00e4ver guld i USA\u00bb en landeplage som fortsatt sitter i ryggmargen p\u00e5 svenskene. N\u00e5 kan ironien bli komplett: Norge ser ut til \u00e5 reise til VM i 2026, mens Sverige risikerer \u00e5 bli hjemme. Da er det kanskje duket for et aldri s\u00e5 lite musikalsk \u00abl\u00e5nekupp\u00bb over grensa.<\/p>\n<p class=\"italic m-italic\" data-lab-italic=\"italic\">&#8211; Hvor vondt vil det bli n\u00e5r vi adopterer VM-l\u00e5ta deres fra 94 &#8211; \u00abN\u00e4r vi gr\u00e4ver guld i USA\u00bb?<\/p>\n<p>&#8211; Det hadde jo v\u00e6rt litt artig om dere tok over den rollen. Glenmark, Eriksson og Str\u00f6msted hadde sikkert ikke takket nei til norske streaming-penger, s\u00e5 det er bare \u00e5 kj\u00f6ra p\u00e5, svarer Lundh.<\/p>\n<p>Nannskog bryter ut i latter n\u00e5r Dagbladet serverer ham det samme sp\u00f8rsm\u00e5let.<\/p>\n<p class=\"font-weight-bold m-font-weight-bold\" data-lab-font_weight=\"font-weight-bold\">&#8211; He-he, den var bra, du. Nei, he-he-he. Den var j\u00e4vligt bra, humrer Nannskog &#8211; f\u00f8r han til slutt f\u00e5r fram:<\/p>\n<p>&#8211; Det kommer vel til \u00e5 gj\u00f8re vondt.<\/p>\n<p>Bank sier at han i utgangspunktet elsker Norge og nordmenn &#8211; s\u00e5 lenge de ikke vinner.<\/p>\n<p>Og:<\/p>\n<p>&#8211; Jeg synes dere er ganske uutholdelige n\u00e5r flaggviftingen tar overh\u00e5nd. Det betyr ikke at jeg ikke kunne ha satt pris p\u00e5 en bra cover. Med Petter Northug p\u00e5 tamburin og Knausg\u00e5rd p\u00e5 trommer?<\/p>\n","protected":false},"excerpt":{"rendered":"Norge &#8211; Moldova 11-1 Kosovo &#8211; Sverige 2-0 Kontrastene kunne knapt v\u00e6rt st\u00f8rre. I en \u00e5rrekke har Sverige&hellip;\n","protected":false},"author":2,"featured_media":31842,"comment_status":"","ping_status":"","sticky":false,"template":"","format":"standard","meta":{"footnotes":""},"categories":[59],"tags":[92,30,28,29,83,82],"class_list":{"0":"post-31841","1":"post","2":"type-post","3":"status-publish","4":"format-standard","5":"has-post-thumbnail","7":"category-sport","8":"tag-fotball","9":"tag-no","10":"tag-norge","11":"tag-norway","12":"tag-sport","13":"tag-sports"},"share_on_mastodon":{"url":"","error":""},"_links":{"self":[{"href":"https:\/\/www.europesays.com\/no\/wp-json\/wp\/v2\/posts\/31841","targetHints":{"allow":["GET"]}}],"collection":[{"href":"https:\/\/www.europesays.com\/no\/wp-json\/wp\/v2\/posts"}],"about":[{"href":"https:\/\/www.europesays.com\/no\/wp-json\/wp\/v2\/types\/post"}],"author":[{"embeddable":true,"href":"https:\/\/www.europesays.com\/no\/wp-json\/wp\/v2\/users\/2"}],"replies":[{"embeddable":true,"href":"https:\/\/www.europesays.com\/no\/wp-json\/wp\/v2\/comments?post=31841"}],"version-history":[{"count":0,"href":"https:\/\/www.europesays.com\/no\/wp-json\/wp\/v2\/posts\/31841\/revisions"}],"wp:featuredmedia":[{"embeddable":true,"href":"https:\/\/www.europesays.com\/no\/wp-json\/wp\/v2\/media\/31842"}],"wp:attachment":[{"href":"https:\/\/www.europesays.com\/no\/wp-json\/wp\/v2\/media?parent=31841"}],"wp:term":[{"taxonomy":"category","embeddable":true,"href":"https:\/\/www.europesays.com\/no\/wp-json\/wp\/v2\/categories?post=31841"},{"taxonomy":"post_tag","embeddable":true,"href":"https:\/\/www.europesays.com\/no\/wp-json\/wp\/v2\/tags?post=31841"}],"curies":[{"name":"wp","href":"https:\/\/api.w.org\/{rel}","templated":true}]}}