{"id":31845,"date":"2025-09-10T17:07:10","date_gmt":"2025-09-10T17:07:10","guid":{"rendered":"https:\/\/www.europesays.com\/no\/31845\/"},"modified":"2025-09-10T17:07:10","modified_gmt":"2025-09-10T17:07:10","slug":"det-kunne-vaert-bedre","status":"publish","type":"post","link":"https:\/\/www.europesays.com\/no\/31845\/","title":{"rendered":"&#8211; Det kunne v\u00e6rt bedre"},"content":{"rendered":"<p class=\"kicker \" style=\"\">Polsk luftrom krenket av droner:<\/p>\n<p>  Europa venter spent p\u00e5 hva Donald Trump kommer til \u00e5 foreta seg etter krenkingen av Polens luftrom.\u00a0\u00abHere we go\u00bb, lyder presidentens f\u00f8rste melding.<\/p>\n<p><a href=\"https:\/\/www.dagbladet.no\/nyheter\/har-skutt-ned-droner\/83572082\" rel=\"nofollow noopener\" target=\"_blank\">Polens luftrom ble natt til onsdag krenket<\/a> flere ganger av et stort antall droner, som antas \u00e5 v\u00e6re russiske. Milit\u00e6rfly ble sendt ut for \u00e5 skyte ned dronene. <\/p>\n<p>Natos artikkel 4 er aktivert, og Europa har ventet spent p\u00e5 hvordan USA, eller rettere sagt Donald Trump, vil forholde seg til hendelsen.<\/p>\n<p>Flere analytikere anser hendelsen som en provokasjon og en test av Natos forsvarsevne, men det er enda ikke fastsl\u00e5tt. Russlands forsvarsdepartement hevder at de ikke har hatt planer om \u00e5 angripe m\u00e5l i Polen.<\/p>\n<p>          <img loading=\"lazy\" decoding=\"async\" src=\"https:\/\/www.europesays.com\/no\/wp-content\/uploads\/2025\/09\/1757524029_832_83575343.webp\" width=\"980\" height=\"559\" title=\"GJ\u00d8R UNDERS\u00d8KELSER: Polsk politi og forsvar inspiserer skader p\u00e5 et hus \u00f8delagt av vrakrester fra en nedskutt drone i landsbyen Wyryki-Wola \u00f8st i Polen. Foto: Wojtek Radwanski \/ AFP \/ NTB\" alt=\"\" class=\"\" style=\"--aspect-ratio-image: 1.75; \"\/><\/p>\n<p>\n          GJ\u00d8R UNDERS\u00d8KELSER: Polsk politi og forsvar inspiserer skader p\u00e5 et hus \u00f8delagt av vrakrester fra en nedskutt drone i landsbyen Wyryki-Wola \u00f8st i Polen. Foto: Wojtek Radwanski \/ AFP \/ NTB\n      <\/p>\n<p>\u00abHere we go\u00bb  <\/p>\n<p>Anders Romarheim er f\u00f8rsteamanuensis ved Institutt for forsvarsstudier med amerikansk sikkerhets- og utenrikspolitikk som interessefelt. Han er ogs\u00e5 spent p\u00e5 den amerikanske presidentens respons.<\/p>\n<p>Det hvite hus <a href=\"https:\/\/www.dagbladet.no\/nyheter\/forsok-pa-a-teste-nato\/83575367\" rel=\"nofollow noopener\" target=\"_blank\">opplyste fredag ettermiddag at de f\u00f8lger saken i Polen og at det planlegges for at Trump skal snakke med Polens president onsdag.<\/a>\u00a0<\/p>\n<p class=\"font-weight-bold m-font-weight-bold\" data-lab-font_weight=\"font-weight-bold\">En liten stund etterp\u00e5 var Trump ute p\u00e5 Truth Social med f\u00f8lgende, noe bisarre, melding:\u00a0<\/p>\n<p>&#8211; Hva er greia med at Russland krenker Polens luftrom med droner? \u00abHere we go\u00bb!\u00a0<\/p>\n<p>&#8211; Avvisende retorikk<\/p>\n<p data-lab-font_weight=\"\">&#8211; Normalen har blitt at milit\u00e6re overtramp, enten de skjer i Midt\u00f8sten eller Ukraina, m\u00f8tes med avvisende retorikk, sier Romarheim til Dagbladet.<\/p>\n<p><a href=\"https:\/\/www.dagbladet.no\/nyheter\/krysset-en-rod-linje-1\/83570333\" rel=\"nofollow noopener\" target=\"_blank\">Det skjedde seinest tirsdag<\/a>, etter Israels angrep p\u00e5 Hamas&#8217; ledelse i Qatar.\u00a0Mens FN og en rekke land har ford\u00f8mt og kalt angrepet et brudd p\u00e5 folkeretten og p\u00e5 Qatars suverenitet, n\u00f8yet Trump seg med \u00e5 si at han ikke var\u00a0\u00abbegeistret\u00bb for angrepet.<\/p>\n<p class=\"font-weight-bold m-font-weight-bold\" data-lab-font_weight=\"font-weight-bold\">&#8211; En mulighet er at han fortsetter p\u00e5 denne linja. En annen er at han faktisk skj\u00f8nner at dette er alvor og aksepterer den polske statsministerens bekymring, sier Romarheim.<\/p>\n<p class=\"italic m-italic\" data-lab-italic=\"italic\">&#8211; Hvordan kan det siste komme til uttrykk?<\/p>\n<p>&#8211; Hvis Trump \u00f8nsker noe mer enn snakk, og det har han i liten grad \u00f8nsket, ligger denne prosessen p\u00e5 plass. Den \u00e5pner for, og har ofte utl\u00f8st, en respons som inneb\u00e6rer et offensivt USA, sier Romarheim.<\/p>\n<p>    Natos artikkel 4:<\/p>\n<ul>\n<li class=\"lab-bodytext-line\">Artikkel\u00a04\u00a0i Atlanterhavspakten i Nato sl\u00e5r fast at \u00abpartene vil r\u00e5dsl\u00e5 med hverandre n\u00e5r som helst en av dem mener at noen parts territoriale ukrenkelighet, politiske uavhengighet eller sikkerhet er truet\u00bb.<\/li>\n<li class=\"lab-bodytext-line\">Bruk av\u00a0artikkel\u00a04\u00a0medf\u00f8rer konsultasjoner. Den f\u00f8lges ikke automatisk av\u00a0artikkel\u00a05, som sl\u00e5r fast\u00a0Natos\u00a0prinsipp om felles forsvar.\u00a0Artikkel\u00a05 er kun blitt anvendt \u00e9n gang, av USA etter terrorangrepene i 2001.<\/li>\n<li class=\"lab-bodytext-line\">Tyrkia har gjort bruk av\u00a0artikkel\u00a04\u00a0fem ganger, i 2003 i forkant av Irak-krigen og tre ganger i forbindelse med krigen i Syria &#8211; i 2012 og i 2021.<\/li>\n<li class=\"lab-bodytext-line\">Latvia, Litauen og Polen brukte\u00a0artikkel\u00a04\u00a0i mars 2014 som svar p\u00e5 Russlands annektering av den ukrainske Krim-halv\u00f8ya, samt i 2022 i forbindelse med krigen i Ukraina. Den siste gangen var det sammen med Romania, Estland, Bulgaria og Slovakia<\/li>\n<\/ul>\n<p>      Vis mer<br \/>\n      Vis mindre<\/p>\n<p>Men, han anser det som sv\u00e6rt usikkert om Trump vil bruke Nato til en tydelig respons overfor Russland.<\/p>\n<p>&#8211; Trump har leflet s\u00e5 mye med hvilke sikkerhetsgarantier han akter \u00e5 overholde, og under hvilke betingelser, at b\u00e5de allierte og fiender lurer p\u00e5 hvor grensene g\u00e5r. Det gj\u00f8r denne typen hendelser farligere.<\/p>\n<p>    <a itemprop=\"url\" href=\"https:\/\/www.dagbladet.no\/nyheter\/har-skutt-ned-droner\/83572082\" rel=\"nofollow noopener\" target=\"_blank\"><\/p>\n<p>      <img loading=\"lazy\" decoding=\"async\" src=\"https:\/\/www.europesays.com\/no\/wp-content\/uploads\/2025\/09\/1757524030_302_83575331.webp\" width=\"980\" height=\"441\" title=\"Nato-sjefen: - Vil forsvare hver centimeter\" alt=\"\" class=\"lazyload\" style=\"--aspect-ratio-image: 2.22; \"\/><\/p>\n<p>        Nato-sjefen: &#8211; Vil forsvare hver centimeter<\/p>\n<p>    <\/a><\/p>\n<p>Frykter spiral av misforst\u00e5elser<\/p>\n<p> &#8211; Vi befinner oss i en situasjon som er n\u00e6rmest v\u00e6pnet konflikt siden andre verdenskrig, sa Polens statsminister Donald Tusk onsdag formiddag. <\/p>\n<p>Forskeren deler denne oppfatningen.<\/p>\n<p>&#8211; Dette er virkelig alvorlige saker. Vi kan komme inn i en spiral av misforst\u00e5elser som kan f\u00f8re til en eskalering som verket er \u00f8nsket eller \u00f8nskelig for noen av partene. Derfor m\u00e5 vi v\u00e6re oppmerksomme p\u00e5 den ukontrollerte dynamikken som oppst\u00e5r n\u00e5r den ene part tester den andre p\u00e5 denne m\u00e5ten, sier Romarheim.<\/p>\n<p class=\"italic m-italic\" data-lab-italic=\"italic\">&#8211; Hva betyr det for Norge?<\/p>\n<p>&#8211; Krig mellom Russland og Nato er et skrekkscenario for de fleste, og i mange tilfeller ensbetydende med at Norge trekkes inn, sier Romarheim.<\/p>\n<p>Det er noe Nato har fryktet siden Russlands fullskala-invasjon av Ukraina i februar 2022, og aktivt pr\u00f8vd for \u00e5 unng\u00e5. Det er ogs\u00e5 lite som tyder p\u00e5 at Russland \u00f8nsker en direkte krig med Nato.<\/p>\n<p>Jonny Karlsen, talsperson ved Forsvarets operative hovedkvarter, skriver i en epost til Dagbladet at \u00abNorge ikke har hevet beredskapen som f\u00f8lge av det som skjedde i Polen, men f\u00f8lger n\u00f8ye med p\u00e5 utviklingen\u00bb.<\/p>\n<p>\u00abForsvaret hevet sin beredskap p\u00e5 grunn av den sikkerhetspolitiske situasjonen i 2022 for \u00e5 kunne l\u00f8se sine hovedoppgaver. Vi har ikke registrert noe unormalt med tanke p\u00e5 russisk aktivitet i nord\u00bb, skriver Karlsen.<\/p>\n<p>En Nato-kilde sa onsdag formiddag til Reuters at alliansen ikke behandler krenkelsene av polsk luftrom som et angrep, selv om de mener \u00e5 ha indikasjoner p\u00e5 at de ble utf\u00f8rt med viten og vilje.<\/p>\n<p>&#8211; Polen har konkludert med at dette er en villet handling, alts\u00e5 ikke et uhell. Mye tyder p\u00e5 at dette er et russisk fors\u00f8k p\u00e5 \u00e5 teste Nato, sa utenriksminister Espen Barth Eide (Ap) <a href=\"https:\/\/www.dagbladet.no\/studio\/nyhetsstudio\/687?post=187513\" rel=\"nofollow noopener\" target=\"_blank\">da han traff pressen onsdag ettermiddag<\/a>. <\/p>\n","protected":false},"excerpt":{"rendered":"Polsk luftrom krenket av droner: Europa venter spent p\u00e5 hva Donald Trump kommer til \u00e5 foreta seg etter&hellip;\n","protected":false},"author":2,"featured_media":31846,"comment_status":"","ping_status":"","sticky":false,"template":"","format":"standard","meta":{"footnotes":""},"categories":[12],"tags":[20,21,24,25,92,15,22,23,13,30,28,29,14,16,5083,83,26,27,42,43,44,45],"class_list":{"0":"post-31845","1":"post","2":"type-post","3":"status-publish","4":"format-standard","5":"has-post-thumbnail","7":"category-verden","8":"tag-breaking-news","9":"tag-breakingnews","10":"tag-featured-news","11":"tag-featurednews","12":"tag-fotball","13":"tag-headlines","14":"tag-latest-news","15":"tag-latestnews","16":"tag-news","17":"tag-no","18":"tag-norge","19":"tag-norway","20":"tag-nyheter","21":"tag-overskrifter","22":"tag-ralf-rangnick","23":"tag-sport","24":"tag-top-stories","25":"tag-topstories","26":"tag-verden","27":"tag-world","28":"tag-world-news","29":"tag-worldnews"},"share_on_mastodon":{"url":"","error":""},"_links":{"self":[{"href":"https:\/\/www.europesays.com\/no\/wp-json\/wp\/v2\/posts\/31845","targetHints":{"allow":["GET"]}}],"collection":[{"href":"https:\/\/www.europesays.com\/no\/wp-json\/wp\/v2\/posts"}],"about":[{"href":"https:\/\/www.europesays.com\/no\/wp-json\/wp\/v2\/types\/post"}],"author":[{"embeddable":true,"href":"https:\/\/www.europesays.com\/no\/wp-json\/wp\/v2\/users\/2"}],"replies":[{"embeddable":true,"href":"https:\/\/www.europesays.com\/no\/wp-json\/wp\/v2\/comments?post=31845"}],"version-history":[{"count":0,"href":"https:\/\/www.europesays.com\/no\/wp-json\/wp\/v2\/posts\/31845\/revisions"}],"wp:featuredmedia":[{"embeddable":true,"href":"https:\/\/www.europesays.com\/no\/wp-json\/wp\/v2\/media\/31846"}],"wp:attachment":[{"href":"https:\/\/www.europesays.com\/no\/wp-json\/wp\/v2\/media?parent=31845"}],"wp:term":[{"taxonomy":"category","embeddable":true,"href":"https:\/\/www.europesays.com\/no\/wp-json\/wp\/v2\/categories?post=31845"},{"taxonomy":"post_tag","embeddable":true,"href":"https:\/\/www.europesays.com\/no\/wp-json\/wp\/v2\/tags?post=31845"}],"curies":[{"name":"wp","href":"https:\/\/api.w.org\/{rel}","templated":true}]}}