{"id":31849,"date":"2025-09-10T17:10:23","date_gmt":"2025-09-10T17:10:23","guid":{"rendered":"https:\/\/www.europesays.com\/no\/31849\/"},"modified":"2025-09-10T17:10:23","modified_gmt":"2025-09-10T17:10:23","slug":"sunniva-hofstad-slatt-ut-av-bokse-vm","status":"publish","type":"post","link":"https:\/\/www.europesays.com\/no\/31849\/","title":{"rendered":"Sunniva Hofstad sl\u00e5tt ut av bokse-VM"},"content":{"rendered":"\n<p class=\"_lead_ew2ao_2 _lead_xtcu6_50 layout-component text-serif-m layout-normal text-serif-l layout-component layout-wide layout-padded _wide_17hqh_1 layout-padded\">Medaljeh\u00e5pet Sunniva Hofstad (21) tapte klart p\u00e5 poeng mot irske Aoife O\u00b4Rourke (28) i VM-kvartfinalen i boksing.<\/p>\n<p> <img class=\"_image_qp4xg_65 layout-component layout-wide\" data-fullscreen- data-track-element-type=\"Article image fullscreen\" data-track-name=\"ImageFullscreen\" fetchpriority=\"high\" decoding=\"sync\" loading=\"eager\" height=\"102\" itemprop=\"image\"  src=\"https:\/\/www.europesays.com\/no\/wp-content\/uploads\/2025\/09\/db18b9213ac7895b604fe72272099dc4.jpg\"  style=\"object-position:50% 50%;aspect-ratio:1.75;height:auto;object-fit:cover;width:100%\" width=\"102\"\/>  <\/p>\n<ul aria-hidden=\"true\" class=\"_images_1y6fe_106\">\n<li><a class=\"_link_1y6fe_111\" href=\"https:\/\/www.vg.no\/forfatter\/per-opsahl\" style=\"z-index:1\" title=\"Per Opsahl\" rel=\"nofollow noopener\" target=\"_blank\"><img alt=\"Bilde av Per Opsahl\" class=\"_image_1y6fe_88\" fetchpriority=\"low\" loading=\"lazy\" decoding=\"async\" itemprop=\"image\"  src=\"https:\/\/www.europesays.com\/no\/wp-content\/uploads\/2025\/09\/1757524223_317_66d2bf0a-e0a8-491f-ade2-e848104671c4\"  width=\"480\"\/><\/a><\/li>\n<\/ul>\n<p> Oppdatert onsdag 10. september kl. 14:50     <\/p>\n<p class=\"_paragraph_ew2ao_4 _paragraph_xtcu6_10 layout-component text-serif-m layout-normal text-serif-m layout-padded\">21-\u00e5ringen fra Trondheim konkurrerer i 75-kilosklassen, og ville med seier ha blitt den f\u00f8rste norske bokseren med medalje i VMmedalje i VMDet deles ut bronsemedaljer &#8211; til begge de tapende semifinalistene.  siden Cecilia Br\u00e6khus tok s\u00f8lv i 2005. <\/p>\n<p class=\"_paragraph_ew2ao_4 _paragraph_xtcu6_10 layout-component text-serif-m layout-normal text-serif-m layout-padded\">Men Hofstad tapte alle de tre rundene if\u00f8lge fire av dommerne, og da hjalp det lite at \u00e9n dommer mente Hofstad var best i alle rundene. <\/p>\n<p>Norske VM-medaljer<\/p>\n<ul class=\"_list_ew2ao_3 _list_xtcu6_9 _list_16v91_9 _unordered_ew2ao_99 layout-component text-serif-m layout-normal text-sans-m layout-padded\">\n<li class=\"_item_ew2ao_30\">Bronse i 1991: Ole Klemetsen (lett mellomvekt)<\/li>\n<li class=\"_item_ew2ao_30\">Bronse i 1993: Geir Hitland (lett mellomvekt)<\/li>\n<li class=\"_item_ew2ao_30\">S\u00f8lv i 2001 og 2002: Henriette Birkeland Kitel (fj\u00e6rvekt)<\/li>\n<li class=\"_item_ew2ao_30\">Bronse i 2001: Renate Medbye (bantamvekt)<\/li>\n<li class=\"_item_ew2ao_30\">S\u00f8lv i 2005: Cecilia Br\u00e6khus (lett weltervekt)<\/li>\n<\/ul>\n<p class=\"_paragraph_ew2ao_4 _paragraph_xtcu6_10 _paragraph_16v91_10 layout-component text-serif-m layout-normal text-sans-m layout-padded\">Norge har aldri tatt gull i amat\u00f8rboksing, eller det som n\u00e5 heter olympisk boksing.<\/p>\n<p>Vis mer<\/p>\n<p class=\"_paragraph_ew2ao_4 _paragraph_xtcu6_10 layout-component text-serif-m layout-normal text-serif-m layout-padded\">Det norske bokseh\u00e5pet slet fra start mot en aggressiv og offensiv O\u00b4Rourke, og fant aldri rytmen. <\/p>\n<p class=\"_paragraph_ew2ao_4 _paragraph_xtcu6_10 layout-component text-serif-m layout-normal text-serif-m layout-padded\">Dermed blir det den irske bokseren som m\u00f8ter kinesiske Lina Wang i <a href=\"https:\/\/tv.vg.no\/video\/340887\/vm-i-boksing-semifinaler\" class=\"_link_ew2ao_39\" rel=\"nofollow noopener\" target=\"_blank\">semifinalen f\u00f8rstkommende l\u00f8rdag kl. 14.15<\/a>. Hele mesterskapet vises p\u00e5 VG+ Sport. <\/p>\n<p>Sunniva Hofstad<\/p>\n<ul class=\"_list_ew2ao_3 _list_xtcu6_9 _list_16v91_9 _unordered_ew2ao_99 layout-component text-serif-m layout-normal text-sans-m layout-padded\">\n<li class=\"_item_ew2ao_30\"><strong class=\"_strong_ew2ao_25\">F\u00f8dt<\/strong>: 17. juli 2004 (21 \u00e5r).<\/li>\n<li class=\"_item_ew2ao_30\"><strong class=\"_strong_ew2ao_25\">H\u00f8yde<\/strong>: 174 cm<\/li>\n<li class=\"_item_ew2ao_30\"><strong class=\"_strong_ew2ao_25\">Vekt<\/strong>: Konkurrerer i 75-kilosklassen.<\/li>\n<li class=\"_item_ew2ao_30\"><strong class=\"_strong_ew2ao_25\">Klubb:\u00a0<\/strong>NOVA Bokseklubb<strong class=\"_strong_ew2ao_25\">\u00a0<\/strong>i Trondheim.<\/li>\n<\/ul>\n<p class=\"_paragraph_ew2ao_4 _paragraph_xtcu6_10 _paragraph_16v91_10 layout-component text-serif-m layout-normal text-sans-m layout-padded\"><strong class=\"_strong_ew2ao_25\">Meritter:<\/strong><\/p>\n<ul class=\"_list_ew2ao_3 _list_xtcu6_9 _list_16v91_9 _unordered_ew2ao_99 layout-component text-serif-m layout-normal text-sans-m layout-padded\">\n<li class=\"_item_ew2ao_30\">68 seirer og 13 tap som amat\u00f8r siden mai 2018.<\/li>\n<li class=\"_item_ew2ao_30\">S\u00f8lv i ungdoms-EM i 2019, EM-gull for junior i 2021 og 2022.<\/li>\n<li class=\"_item_ew2ao_30\">Tok gull i junior-VM i 2022, det er f\u00f8rste gang en norsk bokser har tatt VM-gull (amat\u00f8r) \u2013 b\u00e5de p\u00e5 junior- og seniorniv\u00e5.<\/li>\n<li class=\"_item_ew2ao_30\">Ble den f\u00f8rste kvinnelige norske bokseren til \u00e5 kvalifisere seg for OL etter at kvinnene var med f\u00f8rste gang i 2012.<\/li>\n<li class=\"_item_ew2ao_30\">Har vunnet tre World Cup-turneringer i 2025.<\/li>\n<li class=\"_item_ew2ao_30\">Er rangert som nummer to i 75-kilosklassen i VM som foreg\u00e5r i Liverpool n\u00e5. Ho<\/li>\n<\/ul>\n<p>Vis mer<\/p>\n<p class=\"_paragraph_ew2ao_4 _paragraph_xtcu6_10 layout-component text-serif-m layout-normal text-serif-m layout-padded\">Hofstad har hatt en fantastisk 2025-sesong, og vant alle de tre World Cup-stevnene hun konkurrerte i. F\u00f8r <a href=\"https:\/\/www.vg.no\/sport\/i\/mPkAbg\/mener-hofstad-kan-ta-norges-foerste-vm-gull-i-boksing\" data-track-element-type=\"Link\" data-track-id=\"link:mPkAbg\" class=\"_link_ew2ao_39\" rel=\"nofollow noopener\" target=\"_blank\">VM var hun rangert som nummer to<\/a>, og dermed seedet. <\/p>\n<p class=\"_paragraph_ew2ao_4 _paragraph_xtcu6_10 layout-component text-serif-m layout-normal text-serif-m layout-padded\">Hun \u00e5pnet mesterskapet med \u00e5 <a href=\"https:\/\/www.vg.no\/sport\/i\/pP3Wpj\/sunniva-hofstad-til-kvartfinale-i-bokse-vm\" data-track-element-type=\"Link\" data-track-id=\"link:pP3Wpj\" class=\"_link_ew2ao_39\" rel=\"nofollow noopener\" target=\"_blank\">knuse italienske Melissa Gemini<\/a>, men det ble alts\u00e5 br\u00e5stopp i kvartfinalen onsdag. <\/p>\n<p class=\"_paragraph_ew2ao_4 _paragraph_xtcu6_10 layout-component text-serif-m layout-normal text-serif-m layout-padded\">Det er fortsatt medaljeh\u00e5p for Norge, men da m\u00e5 Omar Shiha sl\u00e5 favoritten Jakhongir Zokirov fra Usbekistan i sin kvartfinale i kveld kl. 22.45:<\/p>\n","protected":false},"excerpt":{"rendered":"Medaljeh\u00e5pet Sunniva Hofstad (21) tapte klart p\u00e5 poeng mot irske Aoife O\u00b4Rourke (28) i VM-kvartfinalen i boksing. Oppdatert&hellip;\n","protected":false},"author":2,"featured_media":31850,"comment_status":"","ping_status":"","sticky":false,"template":"","format":"standard","meta":{"footnotes":""},"categories":[59],"tags":[1563,843,30,28,29,4850,83,82,4476],"class_list":{"0":"post-31849","1":"post","2":"type-post","3":"status-publish","4":"format-standard","5":"has-post-thumbnail","7":"category-sport","8":"tag-boksing","9":"tag-kampsport","10":"tag-no","11":"tag-norge","12":"tag-norway","13":"tag-omar-shiha","14":"tag-sport","15":"tag-sports","16":"tag-sunniva-hofstad"},"share_on_mastodon":{"url":"","error":""},"_links":{"self":[{"href":"https:\/\/www.europesays.com\/no\/wp-json\/wp\/v2\/posts\/31849","targetHints":{"allow":["GET"]}}],"collection":[{"href":"https:\/\/www.europesays.com\/no\/wp-json\/wp\/v2\/posts"}],"about":[{"href":"https:\/\/www.europesays.com\/no\/wp-json\/wp\/v2\/types\/post"}],"author":[{"embeddable":true,"href":"https:\/\/www.europesays.com\/no\/wp-json\/wp\/v2\/users\/2"}],"replies":[{"embeddable":true,"href":"https:\/\/www.europesays.com\/no\/wp-json\/wp\/v2\/comments?post=31849"}],"version-history":[{"count":0,"href":"https:\/\/www.europesays.com\/no\/wp-json\/wp\/v2\/posts\/31849\/revisions"}],"wp:featuredmedia":[{"embeddable":true,"href":"https:\/\/www.europesays.com\/no\/wp-json\/wp\/v2\/media\/31850"}],"wp:attachment":[{"href":"https:\/\/www.europesays.com\/no\/wp-json\/wp\/v2\/media?parent=31849"}],"wp:term":[{"taxonomy":"category","embeddable":true,"href":"https:\/\/www.europesays.com\/no\/wp-json\/wp\/v2\/categories?post=31849"},{"taxonomy":"post_tag","embeddable":true,"href":"https:\/\/www.europesays.com\/no\/wp-json\/wp\/v2\/tags?post=31849"}],"curies":[{"name":"wp","href":"https:\/\/api.w.org\/{rel}","templated":true}]}}