{"id":31851,"date":"2025-09-10T17:11:11","date_gmt":"2025-09-10T17:11:11","guid":{"rendered":"https:\/\/www.europesays.com\/no\/31851\/"},"modified":"2025-09-10T17:11:11","modified_gmt":"2025-09-10T17:11:11","slug":"joe-jonas-i-storm-etter-viral-video-fansen-spekulerer-i-rusmisbruk","status":"publish","type":"post","link":"https:\/\/www.europesays.com\/no\/31851\/","title":{"rendered":"Joe Jonas i storm etter viral video: Fansen spekulerer i rusmisbruk"},"content":{"rendered":"<p class=\"kicker \" style=\"\">Joe Jonas:\u00a0<\/p>\n<p>  En uskyldig gest ble tolket som noe helt annet. N\u00e5 hagler ryktene om Joe Jonas, og fansen krever svar.<\/p>\n<p>\n    LOS ANGELES: Joe Jonas (36) m\u00e5tte nylig svare p\u00e5 rykter om rusmisbruk, etter at en video fra en opptreden med Jonas Brothers spredte seg p\u00e5 TikTok. Foto: Angela Weiss \/ AFP \/ NTB\n  <\/p>\n<p>Sanger og medlem av s\u00f8skengruppa Jonas Brothers, Joe Jonas (36), s\u00e5 seg denne uka n\u00f8dt til \u00e5 svare\u00a0p\u00e5 sv\u00e6rt alvorlige anklager.\u00a0<\/p>\n<p>    <a itemprop=\"url\" href=\"https:\/\/www.seher.no\/kjendis\/tar-ut-soksmal-mot-eksen\/80233116\" rel=\"nofollow noopener\" target=\"_blank\"><\/p>\n<p>      <img loading=\"lazy\" decoding=\"async\" src=\"https:\/\/www.europesays.com\/no\/wp-content\/uploads\/2025\/09\/80233129.webp\" width=\"980\" height=\"441\" title=\"Tar ut s\u00f8ksm\u00e5l mot eksen\" alt=\"\" class=\"lazyload\" style=\"--aspect-ratio-image: 2.22; \"\/><\/p>\n<p>        Tar ut s\u00f8ksm\u00e5l mot eksen<\/p>\n<p>    <\/a><\/p>\n<p>Rykter tok fart etter at en video av sangeren, som spilte sammen med br\u00f8drene Nick (32) og Kevin (37) Jonas, gikk viralt p\u00e5 TikTok\u00a0 denne helgen.\u00a0<\/p>\n<p>Smugfilmet p\u00e5 konsert\t<\/p>\n<p>I videoen kan man se et Joe rensket nesen midt under opptredenen, mens han sto bak scenen. Han ser ogs\u00e5 ut til \u00e5 se seg selv i speilet for \u00e5 sjekke at alt ser i orden ut i etterkant.\u00a0<\/p>\n<p>    <a itemprop=\"url\" href=\"https:\/\/www.seher.no\/kjendis\/hang-med-superstjerner\/76052871\" rel=\"nofollow noopener\" target=\"_blank\"><\/p>\n<p>      <img loading=\"lazy\" decoding=\"async\" src=\"https:\/\/www.europesays.com\/no\/wp-content\/uploads\/2025\/09\/76053089.webp\" width=\"980\" height=\"441\" title=\"Hang med superstjerner\" alt=\"\" class=\"lazyload\" style=\"--aspect-ratio-image: 2.22; \"\/><\/p>\n<p>        Hang med superstjerner<\/p>\n<p>    <\/a><\/p>\n<p class=\"font-weight-bold m-font-weight-bold\" data-lab-font_weight=\"font-weight-bold\">En observant fan fanget det hele p\u00e5 film , og publiserte s\u00e5 videoen p\u00e5 TikTok. Flere spekulerte i om stjerna ruset seg p\u00e5 kokain.\u00a0<\/p>\n<p>Kort tid etter kommenterte Joe selv under videoen, men slettet kommentaren raskt.\u00a0\u00a0<\/p>\n<blockquote class=\"tiktok-embed\" cite=\"https:\/\/www.tiktok.com\/@elespanolcom\/video\/7547662435159641366\" data-video-id=\"7547662435159641366\" style=\"max-width: 605px;min-width: 325px;\"><p>  <a target=\"_blank\" title=\"@elespanolcom\" href=\"https:\/\/www.tiktok.com\/@elespanolcom?refer=embed\" rel=\"nofollow noopener\">@elespanolcom<\/a> \ud83d\udc40\ud83c\udfa4El comentado momento de Joe Jonas antes de salir a cantar: se limpia la nariz repetidamente. El cantante del tr\u00edo de hermanos,los Jonas Brothers, est\u00e1 dando de qu\u00e9 hablar en redes sociales tras la difusi\u00f3n de un video en el que se le ve limpi\u00e1ndose la nariz varias veces. Frente a lo que parece un espejo, se observa c\u00f3mo utiliza un pa\u00f1o para hacerlo. Algunas personas han comentado que podr\u00eda estar intentando disimular algo, e incluso han surgido especulaciones relacionadas con el posible consumo de sustancias.  <a title=\"joejonas\" target=\"_blank\" href=\"https:\/\/www.tiktok.com\/tag\/joejonas?refer=embed\" rel=\"nofollow noopener\">#JoeJonas<\/a> <a title=\"jonasbrothers\" target=\"_blank\" href=\"https:\/\/www.tiktok.com\/tag\/jonasbrothers?refer=embed\" rel=\"nofollow noopener\">#jonasBrothers<\/a> <a title=\"viral\" target=\"_blank\" href=\"https:\/\/www.tiktok.com\/tag\/viral?refer=embed\" rel=\"nofollow noopener\">#viral<\/a> <a title=\"concierto\" target=\"_blank\" href=\"https:\/\/www.tiktok.com\/tag\/concierto?refer=embed\" rel=\"nofollow noopener\">#concierto<\/a> <a target=\"_blank\" title=\"\u266c sonido original - EL ESPA\u00d1OL \ud83e\udd81\" href=\"https:\/\/www.tiktok.com\/music\/sonido-original-7547662522350963478?refer=embed\" rel=\"nofollow noopener\">\u266c sonido original &#8211; EL ESPA\u00d1OL \ud83e\udd81<\/a>  <\/p><\/blockquote>\n<p>I den n\u00e5 slettede kommentaren hevdet sangeren at det hele var en misforst\u00e5else:\u00a0<\/p>\n<p class=\"font-weight-bold m-font-weight-bold\" data-lab-font_weight=\"font-weight-bold\">\u00abLol, har du aldri hatt en buse?\u00bb, spurte han retorisk.\u00a0<\/p>\n<p class=\"font-weight-normal m-font-weight-normal\" data-lab-font_weight=\"font-weight-normal\">Flere har tatt til kommentarfeltet for \u00e5 diskutere hva de tror skjer i videosnutten. Noen fans tar Joe i forsvar, mens andre er ikke i tvil om at oppf\u00f8rselen er rusrelatert.\u00a0<\/p>\n<p>        UHELL: Det gikk en kule varmt under konserten til Staysman. Video: Oskar BLCKMNY, Snapchat\/@staysman<\/p>\n<p class=\"font-weight-normal m-font-weight-normal\" data-lab-font_weight=\"font-weight-normal\">\u00abSlutt \u00e5 finne p\u00e5 ting! N\u00e5r jeg snyter meg sjekker jeg nesa etterp\u00e5 for \u00e5 se\u00bb, skriver en f\u00f8lger som forsvarer sangeren.\u00a0<\/p>\n<p class=\"font-weight-bold m-font-weight-bold\" data-lab-font_weight=\"font-weight-bold\">\u00abDette er en alvorlig anklage. Jeg h\u00e5per han saks\u00f8ker alle som anklager ham for dette. Han st\u00e5r foran hundrevis av fans som kan se bak scenen, og han vet at de kan se ham\u00bb, raser en annen.\u00a0<\/p>\n<p>M\u00e5tte ha plettfritt rykte\u00a0\t<\/p>\n<p>Sangeren har tidligere nektet for \u00e5 noensinne ha brukt ulovlige rusmidler. Han s\u00e5 seg blant annet n\u00f8dt til \u00e5 adressere rykter i 2013, da Jonas Brothers annonserte at de skulle ta pause p\u00e5 ubestemt tid.\u00a0<\/p>\n<p>Da ble det spekulert i om at det var Joes rusmisbruk som var \u00e5rsaken.\u00a0\u00a0<\/p>\n<p>    <a itemprop=\"url\" href=\"https:\/\/www.seher.no\/kjendis\/dette-heter-hun-egentlig\/83567185\" rel=\"nofollow noopener\" target=\"_blank\"><\/p>\n<p>      <img loading=\"lazy\" decoding=\"async\" src=\"https:\/\/www.europesays.com\/no\/wp-content\/uploads\/2025\/09\/83566564.webp\" width=\"980\" height=\"441\" title=\"Dette heter hun egentlig\" alt=\"\" class=\"lazyload\" style=\"--aspect-ratio-image: 2.22; \"\/><\/p>\n<p>        Dette heter hun egentlig<\/p>\n<p>    <\/a><\/p>\n<p class=\"font-weight-bold m-font-weight-bold\" data-lab-font_weight=\"font-weight-bold\">&#8211; Vanligvis pleier jeg \u00e5 avkrefte rykter raskt.\u00a0 Men fordi vi f\u00f8rst m\u00e5tte finne ut av ting mellom oss som br\u00f8dre, holdt vi ganske tett om hele greia med dop, sa han til <a href=\"https:\/\/abcnews.go.com\/Entertainment\/joe-jonas-waited-address-drug-rumors\/story?id=20732056\" rel=\"nofollow noopener\" target=\"_blank\">ABC News<\/a> den gang.\u00a0<\/p>\n<p>          <img loading=\"lazy\" decoding=\"async\" src=\"https:\/\/www.europesays.com\/no\/wp-content\/uploads\/2025\/09\/83573935.webp\" width=\"686\" height=\"446\" title=\"TURN\u00c9: Jonas Brothers er for tiden p\u00e5 verdensturn\u00e9, samtidig som Joe Jonas havnet i s\u00f8kelyset etter en video som spredte seg p\u00e5 TikTok. Foto: Brandon Nagy\/Shutterstock\/NTB\" alt=\"\" class=\"\" style=\"--aspect-ratio-image: 1.54; \"\/><\/p>\n<p>\n          TURN\u00c9: Jonas Brothers er for tiden p\u00e5 verdensturn\u00e9, samtidig som Joe Jonas havnet i s\u00f8kelyset etter en video som spredte seg p\u00e5 TikTok. Foto: Brandon Nagy\/Shutterstock\/NTB\n      <\/p>\n<p>Han la ogs\u00e5 til at han aldri har hatt et rusproblem og aldri har tatt narkotika.\u00a0<\/p>\n<p>    <a itemprop=\"url\" href=\"https:\/\/www.seher.no\/kjendis\/en-sorgens-dag\/83568917\" rel=\"nofollow noopener\" target=\"_blank\"><\/p>\n<p>      <img loading=\"lazy\" decoding=\"async\" src=\"https:\/\/www.europesays.com\/no\/wp-content\/uploads\/2025\/09\/83413447.webp\" width=\"980\" height=\"441\" title=\"- En sorgens dag\" alt=\"\" class=\"lazyload\" style=\"--aspect-ratio-image: 2.22; \"\/><\/p>\n<p>        &#8211; En sorgens dag<\/p>\n<p>    <\/a><\/p>\n<p>De tre br\u00f8drene i Jonas Brothers ble f\u00f8rst kjent gjennom TV-kanalen Disney Channel, der de blant annet medvirket i filmen \u00abCamp Rock\u00bb og hadde deres egen serie kalt \u00abJonas\u00bb.\u00a0<\/p>\n<p> Disney Channel har i \u00e5revis dyrket frem superstjerner som har et tiln\u00e6rmet plettfritt ytre.\u00a0<\/p>\n<p>          <img loading=\"lazy\" decoding=\"async\" src=\"https:\/\/www.europesays.com\/no\/wp-content\/uploads\/2025\/09\/83573952.webp\" width=\"686\" height=\"481\" title=\"TILBAKEBLIKK: (f.v.) Kevin, Joe og Nick Jonas ble f\u00f8rst kjent gjennom Disney Channel, med filmer som \u00abCamp Rock\u00bb og sin egen TV-serie. Her avbildet i 2008. Foto: Reinhold Matay\/AP\/NTB\" alt=\"\" class=\"\" style=\"--aspect-ratio-image: 1.43; \"\/><\/p>\n<p>\n          TILBAKEBLIKK: (f.v.) Kevin, Joe og Nick Jonas ble f\u00f8rst kjent gjennom Disney Channel, med filmer som \u00abCamp Rock\u00bb og sin egen TV-serie. Her avbildet i 2008. Foto: Reinhold Matay\/AP\/NTB\n      <\/p>\n<p>Bak fasaden var virkeligheten langt t\u00f8ffere, if\u00f8lge boka Disney High: The Untold Story. Unge talenter som Jonas-br\u00f8drene, Zac Efron (37), Demi Lovato (33) og Miley Cyrus (32) m\u00e5tte f\u00f8lge strenge regler for hvordan de skulle oppf\u00f8re seg, skriver <a href=\"https:\/\/pagesix.com\/2024\/09\/29\/entertainment\/inside-the-disney-channels-brutal-fame-factory\/?utm_source=chatgpt.com\" rel=\"nofollow noopener\" target=\"_blank\">PageSix<\/a>.\u00a0<\/p>\n<p class=\"font-weight-bold m-font-weight-bold\" data-lab-font_weight=\"font-weight-bold\">Samtidig ble de p\u00e5lagt en plettfri personlighet, og b\u00e5de medieopptredener og privatliv ble kontrollert av barnekanalen.\u00a0<\/p>\n<p>        TATT P\u00c5 FERSKEN?: Programlederen til det kontroveriselle realityprogrammet \u00abBad Boyfriends\u00bb anklages for utroskap med medprogramlederen. Video: ITV\/ The Sun\/ The Mirror\/ Tiktok @oliviaattwood @playkissuk\/ R\u00f8d L\u00f8per<\/p>\n<p>I et intervju med <a href=\"https:\/\/www.papermag.com\/jonas-brothers-nowstalgia-cover#rebelltitem23\" rel=\"nofollow noopener\" target=\"_blank\">PAPER<\/a> i 2019 innr\u00f8mmet Jonas-br\u00f8drene at livet som Disney Channel-stjerne var t\u00f8ft.\u00a0<\/p>\n<p>    <a itemprop=\"url\" href=\"https:\/\/www.seher.no\/kjendis\/bruddet-var-brutalt\/82160953\" rel=\"nofollow noopener\" target=\"_blank\"><\/p>\n<p>      <img loading=\"lazy\" decoding=\"async\" src=\"https:\/\/www.europesays.com\/no\/wp-content\/uploads\/2025\/09\/82241658.webp\" width=\"980\" height=\"441\" title=\"Brutalt brudd\" alt=\"\" class=\"lazyload\" style=\"--aspect-ratio-image: 2.22; \"\/><\/p>\n<p>        Brutalt brudd<\/p>\n<p>    <\/a><\/p>\n<p>&#8211; Vi var unge voksne som m\u00e5tte late som vi var i tidlig ten\u00e5rene. Vi mistet kontakten med det vi \u00f8nsket \u00e5 fortelle, sa Nick Jonas om tiden.\u00a0<\/p>\n<p><script async src=\"\/\/www.tiktok.com\/embed.js\"><\/script><\/p>\n","protected":false},"excerpt":{"rendered":"Joe Jonas:\u00a0 En uskyldig gest ble tolket som noe helt annet. N\u00e5 hagler ryktene om Joe Jonas, og&hellip;\n","protected":false},"author":2,"featured_media":31852,"comment_status":"","ping_status":"","sticky":false,"template":"","format":"standard","meta":{"footnotes":""},"categories":[58],"tags":[71,5084,479,2543,30,28,29,72,1692],"class_list":{"0":"post-31851","1":"post","2":"type-post","3":"status-publish","4":"format-standard","5":"has-post-thumbnail","7":"category-underholdning","8":"tag-entertainment","9":"tag-joe-jonas","10":"tag-kjendis","11":"tag-kjendisdesken","12":"tag-no","13":"tag-norge","14":"tag-norway","15":"tag-underholdning","16":"tag-viralt"},"share_on_mastodon":{"url":"","error":""},"_links":{"self":[{"href":"https:\/\/www.europesays.com\/no\/wp-json\/wp\/v2\/posts\/31851","targetHints":{"allow":["GET"]}}],"collection":[{"href":"https:\/\/www.europesays.com\/no\/wp-json\/wp\/v2\/posts"}],"about":[{"href":"https:\/\/www.europesays.com\/no\/wp-json\/wp\/v2\/types\/post"}],"author":[{"embeddable":true,"href":"https:\/\/www.europesays.com\/no\/wp-json\/wp\/v2\/users\/2"}],"replies":[{"embeddable":true,"href":"https:\/\/www.europesays.com\/no\/wp-json\/wp\/v2\/comments?post=31851"}],"version-history":[{"count":0,"href":"https:\/\/www.europesays.com\/no\/wp-json\/wp\/v2\/posts\/31851\/revisions"}],"wp:featuredmedia":[{"embeddable":true,"href":"https:\/\/www.europesays.com\/no\/wp-json\/wp\/v2\/media\/31852"}],"wp:attachment":[{"href":"https:\/\/www.europesays.com\/no\/wp-json\/wp\/v2\/media?parent=31851"}],"wp:term":[{"taxonomy":"category","embeddable":true,"href":"https:\/\/www.europesays.com\/no\/wp-json\/wp\/v2\/categories?post=31851"},{"taxonomy":"post_tag","embeddable":true,"href":"https:\/\/www.europesays.com\/no\/wp-json\/wp\/v2\/tags?post=31851"}],"curies":[{"name":"wp","href":"https:\/\/api.w.org\/{rel}","templated":true}]}}