{"id":318510,"date":"2026-08-10T18:30:16","date_gmt":"2026-08-10T18:30:16","guid":{"rendered":"https:\/\/www.europesays.com\/no\/318510\/"},"modified":"2026-08-10T18:30:16","modified_gmt":"2026-08-10T18:30:16","slug":"kultur-asnes-hofferdagene-i-hof-i-asnes-i-innlandet-ble-kjempesuksess-og-hofferne-vil-ha-mer","status":"publish","type":"post","link":"https:\/\/www.europesays.com\/no\/318510\/","title":{"rendered":"Kultur, \u00c5snes | Hofferdagene i Hof i \u00c5snes i Innlandet ble kjempesuksess og hofferne vil ha mer"},"content":{"rendered":"\n<p>Det var knadd ved Arneberg bro, som den heter. Det samme var det i Sundenga, p\u00e5 Hof samfunnshus og ved Hoffertunet.<\/p>\n<p>\u2013 Vi er kjempeforn\u00f8yd med oppslutningen. Jeg kan skj\u00f8nne og synes det er moro at folk vil ha mer. Men jeg kan ikke love noe. N\u00e5 skal vi evaluere det hele i al\u00f8pet av august. S\u00e5 f\u00e5r vi se, sier en av krumtappene av Hofferdagene, Knut Aandstad.<\/p>\n<p>Han forteller at han var \u00e9n av mange som synes spesielt ett \u00f8yeblikk var sterkt r\u00f8rende.<\/p>\n<p>  <a href=\"https:\/\/www.ostlendingen.no\/80-69-306290\" class=\"related-teaser has-image article--c-MkAkR\" rel=\"nofollow noopener\" target=\"_blank\"><\/p>\n<p>    <img decoding=\"async\" width=\"155\"  loading=\"lazy\"  src=\"https:\/\/www.europesays.com\/no\/wp-content\/uploads\/2026\/08\/DSC07942.JPG\" alt=\"\" class=\"brick-c-cFOWSL\" style=\"\"\/><\/p>\n<p>\n            Les ogs\u00e5<\/p>\n<p>            Festen som aldri vil bli glemt: Se bildene her!\n        <\/p>\n<p>  <\/a><br \/>\n  T\u00e5rene spratt<\/p>\n<p>En annen ildsjel i det hele, Bj\u00f8rn Vidar Sletten, er enig i det.<\/p>\n<p>\u2013 Det vi alt kan si, er at vi m\u00e5 ber\u00f8mme alle som stilte opp og gjorde det mulig \u00e5 arrangere dette, sier Aandstad og Sletten.<\/p>\n<p>Det var mange h\u00f8ydepunkt i l\u00f8pet av de to dagene.\u00a0<\/p>\n<p>Og det er spesielt \u00e9n ting som gikk rett i hjertet hos publikum.<\/p>\n<p>   <img decoding=\"async\" width=\"3585\" height=\"2442\" fetchpriority=\"low\"  loading=\"lazy\"  src=\"https:\/\/www.europesays.com\/no\/wp-content\/uploads\/2026\/08\/004982a3-3afb-451d-ac4a-cdae27babdb8.jpg\" alt=\"\" class=\"brick-c-cFOWSL\" style=\"--brick-image-ratio: 3585 \/ 2442;\"\/><\/p>\n<p>      R\u00d8RTE FOLK: Andreas Hol\u00f8 framf\u00f8rte brusangen s\u00e5 t\u00e5rene spratt hos mange.<br \/>\n      Foto: Sverre Viggen\n    <\/p>\n<p>\u2013 Ja, det var et stort \u00f8yeblikk da den nyskrevne sangen med tekst og melodi av Andreas Hol\u00f8, ble framf\u00f8rt av Hol\u00f8 og Br\u00e5ten. Slik var det da den hadde urpremiere i det store teltet. I Hof samfunnshus var det festdeltakernes krav at den m\u00e5tte framf\u00f8res to ganger, sier Bj\u00f8rn Vidar Sletten.<\/p>\n<p>   <img decoding=\"async\" width=\"5061\" height=\"3648\" fetchpriority=\"low\"  loading=\"lazy\"  src=\"https:\/\/www.europesays.com\/no\/wp-content\/uploads\/2026\/08\/fb037281-4406-4963-b8db-80caa65eccff.jpg\" alt=\"\" class=\"brick-c-cFOWSL\" style=\"--brick-image-ratio: 5061 \/ 3648;\"\/><\/p>\n<p>      KANSKJE: \u2013 Vi f\u00e5r se om vi kan oppfylle \u00f8nskene om flere hofferdager, sier Knut Aandstad, til venstre, etter helgas suksess.<br \/>\n      Foto: Sverre Viggen\n    <\/p>\n<p>\u2013 Slik var det. Det kom noen t\u00e5rer i en hoffers \u00f8yekrok da vi fikk h\u00f8re den, sier Knut Aandstad.<\/p>\n<p>Han mener at sangen \u00abArneberg bru\u00bb m\u00e5 spilles inn slik at alle som \u00f8nsker det, kan skaffe seg den.<\/p>\n<p>Kanskje en midre utgave<\/p>\n<p>\u00d8stlendingen skrev etter Hofferdagene at det ble en fest som aldri vil bli glemt.<\/p>\n<p>   <img decoding=\"async\" width=\"1917\" height=\"1080\" fetchpriority=\"low\"  loading=\"lazy\"  src=\"https:\/\/www.europesays.com\/no\/wp-content\/uploads\/2026\/08\/Resized_20260809_131115_17863514870951.jpg\" alt=\"\" class=\"brick-c-cFOWSL\" style=\"--brick-image-ratio: 1917 \/ 1080;\"\/><\/p>\n<p>      GAVE: Alle bilder i Hof aldershjem ble tatt vare p\u00e5 av kommunen da aldershjemmet ble lagt ned. S\u00f8ndag ble bildene overrakt til Hoffertunet. Fra venstre ser vi Toril S\u00e6tre, Kolbj\u00f8rn D\u00f8n\u00e5sen, leder i Hof Historielag Anne Lise Skoglund,  Ivar Berg og Wenche Lommerud.<br \/>\n      Foto: Privat\n    <\/p>\n<p>Det mener flere, ikke minst de som var p\u00e5 plass og hadde to spennende og fine dager under tre ganger 100-\u00e5rsjubileum.<\/p>\n<p>   <img decoding=\"async\" width=\"1917\" height=\"1080\" fetchpriority=\"low\"  loading=\"lazy\"  src=\"https:\/\/www.europesays.com\/no\/wp-content\/uploads\/2026\/08\/unnamed (1).jpg\" alt=\"\" class=\"brick-c-cFOWSL\" style=\"--brick-image-ratio: 1917 \/ 1080;\"\/><\/p>\n<p>      HOFFERTUNET: Mange koste seg p\u00e5 Hoffertunet andre dagen,<br \/>\n      Foto: Privat\n    <\/p>\n<p>Derfor \u00f8nsker de seg en \u00e5rlig Hofferdager-utgave.<\/p>\n<p>   <img decoding=\"async\" width=\"1917\" height=\"1080\" fetchpriority=\"low\"  loading=\"lazy\"  src=\"https:\/\/www.europesays.com\/no\/wp-content\/uploads\/2026\/08\/Resized_20260808_212131_17863515461881.jpg\" alt=\"\" class=\"brick-c-cFOWSL\" style=\"--brick-image-ratio: 1917 \/ 1080;\"\/><\/p>\n<p>      BURSDAGSKAKA: Det var e solig kake som folk kunne kose seg med.<br \/>\n      Foto: Privat\n    <\/p>\n<p>\u2013 Det er hyggelig. Det vi kan si er at det ikke kan bli s\u00e5 omfattende som det var n\u00e5. Men kanskje kan det bli en mindre utgave av Hofferdagene. Det skal vi se n\u00e6rmere p\u00e5 og ta en avgj\u00f8relse etter hvert, sier Knut Aandstad og Bj\u00f8rn Vidar Sletten.<\/p>\n<p><a class=\"brick-c-hOTghF\" href=\"#skip-\">Hopp over karusellen.<\/a><\/p>\n<p data-static=\"\" class=\"brick-c-fgNmNC\" id=\"carousel-title-\">Innholdskarusell med 20 artikler.<\/p>\n<ul data-static=\"\" aria-label=\"Navigasjon for innholdskarusell\" class=\"carousel-nav\">\n<li>\n<\/li>\n<li>\n<\/li>\n<\/ul>\n","protected":false},"excerpt":{"rendered":"Det var knadd ved Arneberg bro, som den heter. Det samme var det i Sundenga, p\u00e5 Hof samfunnshus&hellip;\n","protected":false},"author":2,"featured_media":318511,"comment_status":"","ping_status":"","sticky":false,"template":"","format":"standard","meta":{"footnotes":"","_share_on_mastodon":"0"},"categories":[58],"tags":[36,575,71,410,30,28,29,14,478,1510,72],"class_list":["post-318510","post","type-post","status-publish","format-standard","has-post-thumbnail","category-underholdning","tag-art","tag-asnes","tag-entertainment","tag-kultur","tag-no","tag-norge","tag-norway","tag-nyheter","tag-solor","tag-story","tag-underholdning"],"share_on_mastodon":{"url":"https:\/\/pubeurope.com\/@no\/117072640810217415","error":""},"_links":{"self":[{"href":"https:\/\/www.europesays.com\/no\/wp-json\/wp\/v2\/posts\/318510","targetHints":{"allow":["GET"]}}],"collection":[{"href":"https:\/\/www.europesays.com\/no\/wp-json\/wp\/v2\/posts"}],"about":[{"href":"https:\/\/www.europesays.com\/no\/wp-json\/wp\/v2\/types\/post"}],"author":[{"embeddable":true,"href":"https:\/\/www.europesays.com\/no\/wp-json\/wp\/v2\/users\/2"}],"replies":[{"embeddable":true,"href":"https:\/\/www.europesays.com\/no\/wp-json\/wp\/v2\/comments?post=318510"}],"version-history":[{"count":0,"href":"https:\/\/www.europesays.com\/no\/wp-json\/wp\/v2\/posts\/318510\/revisions"}],"wp:featuredmedia":[{"embeddable":true,"href":"https:\/\/www.europesays.com\/no\/wp-json\/wp\/v2\/media\/318511"}],"wp:attachment":[{"href":"https:\/\/www.europesays.com\/no\/wp-json\/wp\/v2\/media?parent=318510"}],"wp:term":[{"taxonomy":"category","embeddable":true,"href":"https:\/\/www.europesays.com\/no\/wp-json\/wp\/v2\/categories?post=318510"},{"taxonomy":"post_tag","embeddable":true,"href":"https:\/\/www.europesays.com\/no\/wp-json\/wp\/v2\/tags?post=318510"}],"curies":[{"name":"wp","href":"https:\/\/api.w.org\/{rel}","templated":true}]}}