{"id":31859,"date":"2025-09-10T17:21:13","date_gmt":"2025-09-10T17:21:13","guid":{"rendered":"https:\/\/www.europesays.com\/no\/31859\/"},"modified":"2025-09-10T17:21:13","modified_gmt":"2025-09-10T17:21:13","slug":"vedum-og-store-har-mottes-for-samtaler","status":"publish","type":"post","link":"https:\/\/www.europesays.com\/no\/31859\/","title":{"rendered":"Vedum og St\u00f8re har m\u00f8ttes for samtaler"},"content":{"rendered":"\n<p class=\"_lead_ew2ao_2 _lead_xtcu6_50 layout-component text-serif-m layout-normal text-serif-l layout-component layout-wide layout-padded _wide_17hqh_1 layout-padded\">Sp-lederen og statsministeren har hatt m\u00f8te onsdag ettermiddag om veien videre. Torsdag skal St\u00f8re m\u00f8te SV.  <\/p>\n<p><img alt=\"SAMTALER: De tidligere regjeringspartnerne har hatt samtaler onsdag.  Foto: G\u00f8ran Bohlin \/ VG\" class=\"_image_qp4xg_65 layout-component layout-wide\" data-fullscreen- data-track-element-type=\"Article image fullscreen\" data-track-name=\"ImageFullscreen\" fetchpriority=\"high\" decoding=\"sync\" loading=\"eager\" height=\"5504\" itemprop=\"image\"  src=\"https:\/\/www.europesays.com\/no\/wp-content\/uploads\/2025\/09\/bf2c183b-cb90-446f-90e9-6aa0f217f03a\"  style=\"object-position:0% 0%\" width=\"8256\"\/>SAMTALER: De tidligere regjeringspartnerne har hatt samtaler onsdag.  Foto: G\u00f8ran Bohlin \/ VG<\/p>\n<ul aria-hidden=\"true\" class=\"_images_1y6fe_106\">\n<li><a class=\"_link_1y6fe_111\" href=\"https:\/\/www.vg.no\/forfatter\/elise-kvien\" style=\"z-index:1\" title=\"Elise Kvien\" rel=\"nofollow noopener\" target=\"_blank\"><img alt=\"Bilde av Elise Kvien\" class=\"_image_1y6fe_88\" fetchpriority=\"low\" loading=\"lazy\" decoding=\"async\" itemprop=\"image\"  src=\"https:\/\/www.europesays.com\/no\/wp-content\/uploads\/2025\/09\/1757524871_361_e9d71b6f-2a15-4dd1-85be-ea8fb873046c\"  width=\"480\"\/><\/a><\/li>\n<\/ul>\n<p> Oppdatert onsdag 10. september kl. 19:16     <\/p>\n<p class=\"_paragraph_ew2ao_4 _paragraph_xtcu6_10 layout-component text-serif-m layout-normal text-serif-m layout-padded\">Senterpartiet bekrefter til VG onsdag kveld at partileder Trygve Slagsvold Vedum har hatt m\u00f8ter med statsminister Jonas Gahr St\u00f8re (Ap) onsdag ettermiddag.<\/p>\n<p class=\"_paragraph_ew2ao_4 _paragraph_xtcu6_10 layout-component text-serif-m layout-normal text-serif-m layout-padded\">\u2013 Vi hadde gode samtaler om hvordan vi kan fortsette \u00e5 utvikle hele Norge. Senterpartiet vil v\u00e6re en tydelig stemme i Stortinget og vil bruke v\u00e5r sentrale posisjon til \u00e5 sikre nasjonal kontroll over naturressursene, trygge tjenester n\u00e6r folk og styrke matproduksjon i hele landet, sier  Vedum.<\/p>\n<p class=\"_paragraph_ew2ao_4 _paragraph_xtcu6_10 layout-component text-serif-m layout-normal text-serif-m layout-padded\">Vedum var finansminister fra 2021 frem til februar i \u00e5r. Da trakk Senterpartiet seg fra regjeringen etter uenigheter om EU-direktiver. EU-direktiver. EU-direktiver er regler eller lover som medlemslandene i EU m\u00e5 innf\u00f8re i sin nasjonale lovgivning.<\/p>\n<p>   Flere m\u00f8ter de neste dagene<\/p>\n<p class=\"_paragraph_ew2ao_4 _paragraph_xtcu6_10 layout-component text-serif-m layout-normal text-serif-m layout-padded\">M\u00f8tet mellom SV og Ap skal finne sted i statsministerboligen klokken 08.30 torsdag morgen, bekrefter de til VG.<\/p>\n<p class=\"_paragraph_ew2ao_4 _paragraph_xtcu6_10 layout-component text-serif-m layout-normal text-serif-m layout-padded\">Dagen etter valget sa statsministeren at han kom til \u00e5 ha samtaler med de ulike partiene p\u00e5 r\u00f8dgr\u00f8nn side innen kort tid.<\/p>\n<p>    <img decoding=\"async\" alt=\"Tips oss illustrasjon\" width=\"62px\" height=\"auto\" src=\"https:\/\/www.europesays.com\/no\/wp-content\/uploads\/2025\/08\/1754784428_95_W9avJzE.png\"\/>    <\/p>\n<p class=\"title-serif-s\">Har du tips til oss?<\/p>\n<p class=\"text-sans-m\">Send oss informasjon, bilder eller video<\/p>\n<p>  <a href=\"https:\/\/www.vg.no\/tips-oss\" rel=\"nofollow noopener\" target=\"_blank\"> Tips oss <\/a>      <\/p>\n","protected":false},"excerpt":{"rendered":"Sp-lederen og statsministeren har hatt m\u00f8te onsdag ettermiddag om veien videre. Torsdag skal St\u00f8re m\u00f8te SV. SAMTALER: De&hellip;\n","protected":false},"author":2,"featured_media":31860,"comment_status":"","ping_status":"","sticky":false,"template":"","format":"standard","meta":{"footnotes":""},"categories":[12],"tags":[1513,31,20,21,24,25,15,201,2471,22,23,13,30,28,29,14,16,820,2107,26,27,42,43,44,45],"class_list":{"0":"post-31859","1":"post","2":"type-post","3":"status-publish","4":"format-standard","5":"has-post-thumbnail","7":"category-verden","8":"tag-arbeiderpartiet-ap","9":"tag-breaking","10":"tag-breaking-news","11":"tag-breakingnews","12":"tag-featured-news","13":"tag-featurednews","14":"tag-headlines","15":"tag-jonas-gahr-store","16":"tag-kirsti-bergsto","17":"tag-latest-news","18":"tag-latestnews","19":"tag-news","20":"tag-no","21":"tag-norge","22":"tag-norway","23":"tag-nyheter","24":"tag-overskrifter","25":"tag-senterpartiet-sp","26":"tag-sosialistisk-venstreparti-sv","27":"tag-top-stories","28":"tag-topstories","29":"tag-verden","30":"tag-world","31":"tag-world-news","32":"tag-worldnews"},"share_on_mastodon":{"url":"","error":""},"_links":{"self":[{"href":"https:\/\/www.europesays.com\/no\/wp-json\/wp\/v2\/posts\/31859","targetHints":{"allow":["GET"]}}],"collection":[{"href":"https:\/\/www.europesays.com\/no\/wp-json\/wp\/v2\/posts"}],"about":[{"href":"https:\/\/www.europesays.com\/no\/wp-json\/wp\/v2\/types\/post"}],"author":[{"embeddable":true,"href":"https:\/\/www.europesays.com\/no\/wp-json\/wp\/v2\/users\/2"}],"replies":[{"embeddable":true,"href":"https:\/\/www.europesays.com\/no\/wp-json\/wp\/v2\/comments?post=31859"}],"version-history":[{"count":0,"href":"https:\/\/www.europesays.com\/no\/wp-json\/wp\/v2\/posts\/31859\/revisions"}],"wp:featuredmedia":[{"embeddable":true,"href":"https:\/\/www.europesays.com\/no\/wp-json\/wp\/v2\/media\/31860"}],"wp:attachment":[{"href":"https:\/\/www.europesays.com\/no\/wp-json\/wp\/v2\/media?parent=31859"}],"wp:term":[{"taxonomy":"category","embeddable":true,"href":"https:\/\/www.europesays.com\/no\/wp-json\/wp\/v2\/categories?post=31859"},{"taxonomy":"post_tag","embeddable":true,"href":"https:\/\/www.europesays.com\/no\/wp-json\/wp\/v2\/tags?post=31859"}],"curies":[{"name":"wp","href":"https:\/\/api.w.org\/{rel}","templated":true}]}}