{"id":31861,"date":"2025-09-10T17:22:10","date_gmt":"2025-09-10T17:22:10","guid":{"rendered":"https:\/\/www.europesays.com\/no\/31861\/"},"modified":"2025-09-10T17:22:10","modified_gmt":"2025-09-10T17:22:10","slug":"ventes-at-erna-solberg-vil-svare-pa-exit-kravene-fredag","status":"publish","type":"post","link":"https:\/\/www.europesays.com\/no\/31861\/","title":{"rendered":"Ventes at Erna Solberg vil svare p\u00e5 exit-kravene fredag"},"content":{"rendered":"\n<p class=\"_lead_ew2ao_2 _lead_xtcu6_50 layout-component text-serif-m layout-normal text-serif-l layout-component layout-wide layout-padded _wide_17hqh_1 layout-padded\">Etter krisevalget har flere H\u00f8yre-profiler krevd partilederens avgang. <\/p>\n<p><img alt=\"VG m\u00f8tte H\u00f8yre-leder Erna Solberg i Oslo sentrum tirsdag formiddag.  Foto: Fredrik Solstad \/ VG\" class=\"_image_qp4xg_65 layout-component layout-wide\" data-fullscreen- data-track-element-type=\"Article image fullscreen\" data-track-name=\"ImageFullscreen\" fetchpriority=\"high\" decoding=\"sync\" loading=\"eager\" height=\"4000\" itemprop=\"image\"  src=\"https:\/\/www.europesays.com\/no\/wp-content\/uploads\/2025\/09\/6376f62c-e031-4b8e-9688-b19bfe1bb2a1\"  style=\"object-position:0% 0%\" width=\"6000\"\/>VG m\u00f8tte H\u00f8yre-leder Erna Solberg i Oslo sentrum tirsdag formiddag.  Foto: Fredrik Solstad \/ VG<\/p>\n<ul aria-hidden=\"true\" class=\"_images_1y6fe_106\">\n<li><a class=\"_link_1y6fe_111\" href=\"https:\/\/www.vg.no\/forfatter\/bjoern-haugan\" style=\"z-index:2\" title=\"Bj\u00f8rn Haugan\" rel=\"nofollow noopener\" target=\"_blank\"><img alt=\"Bilde av Bj\u00f8rn Haugan\" class=\"_image_1y6fe_88\" fetchpriority=\"low\" loading=\"lazy\" decoding=\"async\" itemprop=\"image\"  src=\"https:\/\/www.europesays.com\/no\/wp-content\/uploads\/2025\/09\/1757524929_978_6e157728-9e48-4dce-80f0-802581687058\"  width=\"480\"\/><\/a><\/li>\n<li><a class=\"_link_1y6fe_111\" href=\"https:\/\/www.vg.no\/forfatter\/martha-holmes\" style=\"z-index:1\" title=\"Martha C. S. D\u00edaz\" rel=\"nofollow noopener\" target=\"_blank\"><img alt=\"Bilde av Martha C. S. D\u00edaz\" class=\"_image_1y6fe_88\" fetchpriority=\"low\" loading=\"lazy\" decoding=\"async\" itemprop=\"image\"  src=\"https:\/\/www.europesays.com\/no\/wp-content\/uploads\/2025\/09\/7217e3e9-d2a7-47b8-811c-1e4a0faf868b\"  width=\"480\"\/><\/a><\/li>\n<\/ul>\n<p> Oppdatert onsdag 10. september kl. 18:59     <\/p>\n<p class=\"_paragraph_ew2ao_4 _paragraph_xtcu6_10 layout-component text-serif-m layout-normal text-serif-m layout-padded\">Fredag klokken 11 m\u00f8tes sentralstyret i H\u00f8yre for \u00e5 evaluere hva som gikk galt da partiet fikk kriseoppslutningen nede p\u00e5 14-tallet ved stortingsvalget mandag og bidro til at det ikke ble regjeringsskifte, etter at Frp blant annet fikk rekordh\u00f8y oppslutning.<\/p>\n<p class=\"_paragraph_ew2ao_4 _paragraph_xtcu6_10 layout-component text-serif-m layout-normal text-serif-m layout-padded\">Det er ventet at Erna Solberg der vil svare ut kravene om at hun m\u00e5 g\u00e5 av som H\u00f8yre-leder etter valgfiaskoen.<\/p>\n<p class=\"_paragraph_ew2ao_4 _paragraph_xtcu6_10 layout-component text-serif-m layout-normal text-serif-m layout-padded\">Det f\u00e5r VG opplyst fra sentrale kilder i H\u00f8yre.<\/p>\n<p class=\"_paragraph_ew2ao_4 _paragraph_xtcu6_10 layout-component text-serif-m layout-normal text-serif-m layout-padded\">\u2013 Det forventes at Erna Solberg vil \u00abadressere\u00bb kravene mot seg om \u00e5 g\u00e5 av som partileder, p\u00e5 sentralstyrem\u00f8tet i H\u00f8yre, sier en kilde som ikke \u00f8nsker \u00e5 bli navngitt.<\/p>\n<p class=\"_paragraph_ew2ao_4 _paragraph_xtcu6_10 layout-component text-serif-m layout-normal text-serif-m layout-padded\">De samme kildene sier ogs\u00e5 at det trolig ikke kan bli noe ekstraordin\u00e6rt landsm\u00f8te for \u00e5 gjennomf\u00f8re valg, f\u00f8r neste \u00e5r, trolig p\u00e5 v\u00e5rparten.<\/p>\n<p>Viser til vedtektene <\/p>\n<p class=\"_paragraph_ew2ao_4 _paragraph_xtcu6_10 layout-component text-serif-m layout-normal text-serif-m layout-padded\">\u00c5rsaken er at det i forskriftene st\u00e5r at det skal v\u00e6re minst tre m\u00e5neders varsel for fra det innkalles til et ekstraordin\u00e6rt landsm\u00f8te, til det blir gjennomf\u00f8rt.<\/p>\n<p><img alt=\"Foto: Helge Mikalsen \/ VG\" class=\"_image_qp4xg_65 layout-component layout-normal\" data-fullscreen- data-track-element-type=\"Article image fullscreen\" data-track-name=\"ImageFullscreen\" decoding=\"async\" loading=\"lazy\" height=\"4822\" itemprop=\"image\"  src=\"https:\/\/www.europesays.com\/no\/wp-content\/uploads\/2025\/09\/7f103654-d52c-48dd-8702-1b02991915ca\"  style=\"object-position:0% 0%\" width=\"6441\"\/>Foto: Helge Mikalsen \/ VG<\/p>\n<p class=\"_paragraph_ew2ao_4 _paragraph_xtcu6_10 layout-component text-serif-m layout-normal text-serif-m layout-padded\">P\u00e5 sentralstyrets m\u00f8te fredag kan det bli lagt en plan for det videre arbeidet med \u00e5 utvikle ny politikk og foreta utskiftninger, f\u00e5r VG opplyst.<\/p>\n<p class=\"_paragraph_ew2ao_4 _paragraph_xtcu6_10 layout-component text-serif-m layout-normal text-serif-m layout-padded\">\u2013 P\u00e5 dette m\u00f8tet kan fylkesrepresentanter og andre f\u00e5 uttrykt sin frustrasjon, som vi har sett utspille seg de siste dagene, sier en H\u00f8yre-kilde.<\/p>\n<p>Flere exit-krav<\/p>\n<p class=\"_paragraph_ew2ao_4 _paragraph_xtcu6_10 layout-component text-serif-m layout-normal text-serif-m layout-padded\">De f\u00f8rste kravene om at Erna Solberg m\u00e5 g\u00e5 av som H\u00f8yre-leder, <a href=\"https:\/\/www.vg.no\/nyheter\/i\/dRydp1\/boe-ordfoerer-sture-pedersen-og-tidligere-oslo-ordfoerer-fabian-stang-erna-solberg-maa-gaa-av-som-hoeyre-leder\" data-track-element-type=\"Link\" data-track-id=\"link:dRydp1\" class=\"_link_ew2ao_39\" rel=\"nofollow noopener\" target=\"_blank\">kom allerede samme kvelden<\/a> som krisevalgresultatet var et faktum. H\u00f8yre endte p\u00e5 14,6% av stemmene.<\/p>\n<p class=\"_paragraph_ew2ao_4 _paragraph_xtcu6_10 layout-component text-serif-m layout-normal text-serif-m layout-padded\">B\u00f8-ordf\u00f8rer Sture Pedersen og Oslo-profil Fabian Stang roste henne i VG, men sa etter valgnederlaget at det er en tid for alt. Ogs\u00e5 stortingsrepresentant Erlend Svardal B\u00f8 fra Troms sa <a href=\"https:\/\/www.vg.no\/nyheter\/i\/4BMLVV\/erlend-svardal-boee-hoeyre-trenger-ny-politikk-og-ny-partileder\" data-track-element-type=\"Link\" data-track-id=\"link:4BMLVV\" class=\"_link_ew2ao_39\" rel=\"nofollow noopener\" target=\"_blank\">til VG<\/a>:<\/p>\n<p class=\"_paragraph_ew2ao_4 _paragraph_xtcu6_10 layout-component text-serif-m layout-normal text-serif-m layout-padded\">\u2013 Ja, selvf\u00f8lgelig m\u00e5 Erna g\u00e5 av. Det skj\u00f8nner alle. <\/p>\n<p class=\"_paragraph_ew2ao_4 _paragraph_xtcu6_10 layout-component text-serif-m layout-normal text-serif-m layout-padded\">Etter hvert har det kommet krav om det samme fra en rekke H\u00f8yre-ordf\u00f8rere. Noen av dem mener ogs\u00e5<a href=\"https:\/\/www.vg.no\/nyheter\/i\/kwlpKv\/hoeyre-ordfoerere-om-partiledelsen-det-er-ikke-bare-erna\" data-track-element-type=\"Link\" data-track-id=\"link:kwlpKv\" class=\"_link_ew2ao_39\" rel=\"nofollow noopener\" target=\"_blank\"> at hele partiledelsen<\/a> b\u00f8r vurderes \u2013 og \u00e9n krevde rett ut at hele partiledelsen <a href=\"https:\/\/www.vg.no\/nyheter\/i\/Oo4Ey1\/hoeyre-ordfoerer-irene-heng-lauvsnes-skift-ut-hele-toppledelsen\" data-track-element-type=\"Link\" data-track-id=\"link:Oo4Ey1\" class=\"_link_ew2ao_39\" rel=\"nofollow noopener\" target=\"_blank\">m\u00e5 g\u00e5 av<\/a>. <\/p>\n<p class=\"_paragraph_ew2ao_4 _paragraph_xtcu6_10 layout-component text-serif-m layout-normal text-serif-m layout-padded\">Flere av de VG har snakket med, har forventninger til at det kommer beskjeder om veien videre p\u00e5 sentralstyrem\u00f8tet p\u00e5 fredag. <\/p>\n<p class=\"_paragraph_ew2ao_4 _paragraph_xtcu6_10 layout-component text-serif-m layout-normal text-serif-m layout-padded\">Pekeleken har allerede begynt i H\u00f8yre, der politikere og tillitsvalgte ute i organisasjonen allerede har begynt \u00e5 snakke om hvem som b\u00f8r bli partiets neste leder.<\/p>\n<p class=\"_paragraph_ew2ao_4 _paragraph_xtcu6_10 layout-component text-serif-m layout-normal text-serif-m layout-padded\">Fire kandidater <a href=\"https:\/\/www.vg.no\/nyheter\/i\/kwlpjk\/hoeyre-fire-kandidater-til-aa-ta-over-etter-erna-solberg\" data-track-element-type=\"Link\" data-track-id=\"link:kwlpjk\" class=\"_link_ew2ao_39\" rel=\"nofollow noopener\" target=\"_blank\">trekkes frem<\/a> av de VG har spurt:<\/p>\n<ul class=\"_list_ew2ao_3 _list_xtcu6_9 _unordered_ew2ao_99 layout-component text-serif-m layout-normal text-serif-m layout-padded\">\n<li class=\"_item_ew2ao_30\">Ine Marie Eriksen S\u00f8reide<\/li>\n<li class=\"_item_ew2ao_30\">Peter Fr\u00f8lich<\/li>\n<li class=\"_item_ew2ao_30\">Henrik Asheim<\/li>\n<li class=\"_item_ew2ao_30\">Nikolai Astrup<\/li>\n<\/ul>\n<p class=\"_paragraph_ew2ao_4 _paragraph_xtcu6_10 layout-component text-serif-m layout-normal text-serif-m layout-padded\">Tina Bru, som ikke tok gjenvalg til Stortinget i \u00e5r, <a href=\"https:\/\/www.vg.no\/nyheter\/i\/wgaK15\/tina-bru-varsler-at-hun-vil-gaa-av-som-nestleder-i-hoeyre\" data-track-element-type=\"Link\" data-track-id=\"link:wgaK15\" class=\"_link_ew2ao_39\" rel=\"nofollow noopener\" target=\"_blank\">har varslet at<\/a> hun vil g\u00e5 av som nestleder i H\u00f8yre.<\/p>\n","protected":false},"excerpt":{"rendered":"Etter krisevalget har flere H\u00f8yre-profiler krevd partilederens avgang. VG m\u00f8tte H\u00f8yre-leder Erna Solberg i Oslo sentrum tirsdag formiddag.&hellip;\n","protected":false},"author":2,"featured_media":31862,"comment_status":"","ping_status":"","sticky":false,"template":"","format":"standard","meta":{"footnotes":""},"categories":[10],"tags":[20,21,327,24,25,15,1213,22,23,13,30,28,29,14,16,199,26,27,205],"class_list":{"0":"post-31861","1":"post","2":"type-post","3":"status-publish","4":"format-standard","5":"has-post-thumbnail","7":"category-norge","8":"tag-breaking-news","9":"tag-breakingnews","10":"tag-erna-solberg","11":"tag-featured-news","12":"tag-featurednews","13":"tag-headlines","14":"tag-hoyre-h","15":"tag-latest-news","16":"tag-latestnews","17":"tag-news","18":"tag-no","19":"tag-norge","20":"tag-norway","21":"tag-nyheter","22":"tag-overskrifter","23":"tag-stortingsvalg","24":"tag-top-stories","25":"tag-topstories","26":"tag-vgsamfunn"},"share_on_mastodon":{"url":"","error":""},"_links":{"self":[{"href":"https:\/\/www.europesays.com\/no\/wp-json\/wp\/v2\/posts\/31861","targetHints":{"allow":["GET"]}}],"collection":[{"href":"https:\/\/www.europesays.com\/no\/wp-json\/wp\/v2\/posts"}],"about":[{"href":"https:\/\/www.europesays.com\/no\/wp-json\/wp\/v2\/types\/post"}],"author":[{"embeddable":true,"href":"https:\/\/www.europesays.com\/no\/wp-json\/wp\/v2\/users\/2"}],"replies":[{"embeddable":true,"href":"https:\/\/www.europesays.com\/no\/wp-json\/wp\/v2\/comments?post=31861"}],"version-history":[{"count":0,"href":"https:\/\/www.europesays.com\/no\/wp-json\/wp\/v2\/posts\/31861\/revisions"}],"wp:featuredmedia":[{"embeddable":true,"href":"https:\/\/www.europesays.com\/no\/wp-json\/wp\/v2\/media\/31862"}],"wp:attachment":[{"href":"https:\/\/www.europesays.com\/no\/wp-json\/wp\/v2\/media?parent=31861"}],"wp:term":[{"taxonomy":"category","embeddable":true,"href":"https:\/\/www.europesays.com\/no\/wp-json\/wp\/v2\/categories?post=31861"},{"taxonomy":"post_tag","embeddable":true,"href":"https:\/\/www.europesays.com\/no\/wp-json\/wp\/v2\/tags?post=31861"}],"curies":[{"name":"wp","href":"https:\/\/api.w.org\/{rel}","templated":true}]}}