{"id":31863,"date":"2025-09-10T17:23:10","date_gmt":"2025-09-10T17:23:10","guid":{"rendered":"https:\/\/www.europesays.com\/no\/31863\/"},"modified":"2025-09-10T17:23:10","modified_gmt":"2025-09-10T17:23:10","slug":"brann-i-fjos-med-rundt-500-griser-i-sarpsborg","status":"publish","type":"post","link":"https:\/\/www.europesays.com\/no\/31863\/","title":{"rendered":"Brann i fj\u00f8s med rundt 500 griser i Sarpsborg"},"content":{"rendered":"\n<p class=\"_lead_ew2ao_2 _lead_xtcu6_50 layout-component text-serif-m layout-normal text-serif-l layout-component layout-wide layout-padded _wide_17hqh_1 layout-padded\">Det var fullstendig overtenning da n\u00f8detatene kom frem. <\/p>\n<p><img alt=\"BRENNER: F\u00f8rst var det estimert at det var mellom 100 til 150 griser i fj\u00f8set. Foto: Thomas Andersen \/ NTB\" class=\"_image_qp4xg_65 layout-component layout-wide\" data-fullscreen- data-track-element-type=\"Article image fullscreen\" data-track-name=\"ImageFullscreen\" fetchpriority=\"high\" decoding=\"sync\" loading=\"eager\" height=\"4702\" itemprop=\"image\"  src=\"https:\/\/www.europesays.com\/no\/wp-content\/uploads\/2025\/09\/ac62f791-92e4-4126-a8df-c35a43c5d621\"  style=\"object-position:0% 0%\" width=\"7232\"\/>BRENNER: F\u00f8rst var det estimert at det var mellom 100 til 150 griser i fj\u00f8set. Foto: Thomas Andersen \/ NTB<\/p>\n<ul aria-hidden=\"true\" class=\"_images_1y6fe_106\">\n<li><a class=\"_link_1y6fe_111\" href=\"https:\/\/www.vg.no\/forfatter\/elise-kvien\" style=\"z-index:1\" title=\"Elise Kvien\" rel=\"nofollow noopener\" target=\"_blank\"><img alt=\"Bilde av Elise Kvien\" class=\"_image_1y6fe_88\" fetchpriority=\"low\" loading=\"lazy\" decoding=\"async\" itemprop=\"image\"  src=\"https:\/\/www.europesays.com\/no\/wp-content\/uploads\/2025\/09\/1757524988_84_e9d71b6f-2a15-4dd1-85be-ea8fb873046c\"  width=\"480\"\/><\/a><\/li>\n<\/ul>\n<p> Oppdatert onsdag 10. september kl. 19:11     <\/p>\n<p class=\"_paragraph_ew2ao_4 _paragraph_xtcu6_10 layout-component text-serif-m layout-normal text-serif-m layout-padded\">If\u00f8lge Espen Stabell, vaktleder i \u00d8st 110-sentral, var det 500 griser i fj\u00f8set. Det sier han til <a href=\"https:\/\/www.dagbladet.no\/studio\/nyhetsstudio\/687?post=187517\" class=\"_link_ew2ao_39\" rel=\"nofollow noopener\" target=\"_blank\">Dagbladet<\/a>. <\/p>\n<p class=\"_paragraph_ew2ao_4 _paragraph_xtcu6_10 layout-component text-serif-m layout-normal text-serif-m layout-padded\">Det var fire bygninger i omr\u00e5det hvor det brant. Det var full overtenning og mye svart r\u00f8yk p\u00e5 stedet da brannvesenet kom frem.<\/p>\n<p class=\"_paragraph_ew2ao_4 _paragraph_xtcu6_10 layout-component text-serif-m layout-normal text-serif-m layout-padded\">If\u00f8lge politiet var det ikke mennesker i fj\u00f8set som brant. <\/p>\n<p><img alt=\"En gris sv\u00f8mmer bort fra stedet. Til NRK sier brannvesenet at de har greid \u00e5 redde ut et lite antall griser.   Foto: Thomas Andersen \/ NTB\" class=\"_image_qp4xg_65 layout-component layout-normal\" data-fullscreen- data-track-element-type=\"Article image fullscreen\" data-track-name=\"ImageFullscreen\" decoding=\"async\" loading=\"lazy\" height=\"1761\" itemprop=\"image\"  src=\"https:\/\/www.europesays.com\/no\/wp-content\/uploads\/2025\/09\/612d61fa-a96b-4240-bc40-90a5aab4c82d\"  style=\"object-position:0% 0%\" width=\"2641\"\/>En gris sv\u00f8mmer bort fra stedet. Til NRK sier brannvesenet at de har greid \u00e5 redde ut et lite antall griser.   Foto: Thomas Andersen \/ NTB<\/p>\n<p class=\"_paragraph_ew2ao_4 _paragraph_xtcu6_10 layout-component text-serif-m layout-normal text-serif-m layout-padded\">\u2013 Brannvesenet klarer ikke \u00e5 slukke brannen og har startet tiltak for \u00e5 hindre at brannen sprer seg til andre bygninger. <\/p>\n<p class=\"_paragraph_ew2ao_4 _paragraph_xtcu6_10 layout-component text-serif-m layout-normal text-serif-m layout-padded\">Veterin\u00e6r og jegere er p\u00e5 stedet for n\u00f8dslakt og avliving.<\/p>\n<p class=\"_paragraph_ew2ao_4 _paragraph_xtcu6_10 layout-component text-serif-m layout-normal text-serif-m layout-padded\">Brannvesenet fikk melding om brannen klokken 16.56. <\/p>\n<p>    <img decoding=\"async\" alt=\"Tips oss illustrasjon\" width=\"62px\" height=\"auto\" src=\"https:\/\/www.europesays.com\/no\/wp-content\/uploads\/2025\/08\/1754784428_95_W9avJzE.png\"\/>    <\/p>\n<p class=\"title-serif-s\">Har du tips til oss?<\/p>\n<p class=\"text-sans-m\">Send oss informasjon, bilder eller video<\/p>\n<p>  <a href=\"https:\/\/www.vg.no\/tips-oss\" rel=\"nofollow noopener\" target=\"_blank\"> Tips oss <\/a>      <\/p>\n","protected":false},"excerpt":{"rendered":"Det var fullstendig overtenning da n\u00f8detatene kom frem. BRENNER: F\u00f8rst var det estimert at det var mellom 100&hellip;\n","protected":false},"author":2,"featured_media":31864,"comment_status":"","ping_status":"","sticky":false,"template":"","format":"standard","meta":{"footnotes":""},"categories":[5],"tags":[31,20,21,24,25,2934,15,19,22,23,17,18,13,30,28,29,14,16,812,26,27],"class_list":{"0":"post-31863","1":"post","2":"type-post","3":"status-publish","4":"format-standard","5":"has-post-thumbnail","7":"category-overskrifter","8":"tag-breaking","9":"tag-breaking-news","10":"tag-breakingnews","11":"tag-featured-news","12":"tag-featurednews","13":"tag-gris","14":"tag-headlines","15":"tag-hovedoppslag","16":"tag-latest-news","17":"tag-latestnews","18":"tag-main-news","19":"tag-mainnews","20":"tag-news","21":"tag-no","22":"tag-norge","23":"tag-norway","24":"tag-nyheter","25":"tag-overskrifter","26":"tag-sarpsborg","27":"tag-top-stories","28":"tag-topstories"},"share_on_mastodon":{"url":"","error":""},"_links":{"self":[{"href":"https:\/\/www.europesays.com\/no\/wp-json\/wp\/v2\/posts\/31863","targetHints":{"allow":["GET"]}}],"collection":[{"href":"https:\/\/www.europesays.com\/no\/wp-json\/wp\/v2\/posts"}],"about":[{"href":"https:\/\/www.europesays.com\/no\/wp-json\/wp\/v2\/types\/post"}],"author":[{"embeddable":true,"href":"https:\/\/www.europesays.com\/no\/wp-json\/wp\/v2\/users\/2"}],"replies":[{"embeddable":true,"href":"https:\/\/www.europesays.com\/no\/wp-json\/wp\/v2\/comments?post=31863"}],"version-history":[{"count":0,"href":"https:\/\/www.europesays.com\/no\/wp-json\/wp\/v2\/posts\/31863\/revisions"}],"wp:featuredmedia":[{"embeddable":true,"href":"https:\/\/www.europesays.com\/no\/wp-json\/wp\/v2\/media\/31864"}],"wp:attachment":[{"href":"https:\/\/www.europesays.com\/no\/wp-json\/wp\/v2\/media?parent=31863"}],"wp:term":[{"taxonomy":"category","embeddable":true,"href":"https:\/\/www.europesays.com\/no\/wp-json\/wp\/v2\/categories?post=31863"},{"taxonomy":"post_tag","embeddable":true,"href":"https:\/\/www.europesays.com\/no\/wp-json\/wp\/v2\/tags?post=31863"}],"curies":[{"name":"wp","href":"https:\/\/api.w.org\/{rel}","templated":true}]}}