{"id":31865,"date":"2025-09-10T17:25:13","date_gmt":"2025-09-10T17:25:13","guid":{"rendered":"https:\/\/www.europesays.com\/no\/31865\/"},"modified":"2025-09-10T17:25:13","modified_gmt":"2025-09-10T17:25:13","slug":"kaizers-orchestra-lyse-arena-her-er-alt-du-trenger-a-vite-om-kaizers-konserten","status":"publish","type":"post","link":"https:\/\/www.europesays.com\/no\/31865\/","title":{"rendered":"Kaizers Orchestra, Lyse Arena | Her er alt du trenger \u00e5 vite om Kaizers-konserten"},"content":{"rendered":"\n<p>\u2013 Kaizers Orchestra entrer scenen p\u00e5 Lyse Arena 12. september, og det blir et forrykende show!, skriver arrang\u00f8r Live Nation.<\/p>\n<p>Her er alt du trenger \u00e5 vite<\/p>\n<p><b>Tider: <\/b><\/p>\n<ul>\n<li>Portene \u00e5pner kl. 17.00<\/li>\n<li>F\u00f8rste support: Great Tide spiller fra kl. 18.30<\/li>\n<li>Hoved support: KA2 spiller fra kl. 19.45<\/li>\n<li>Kaizers Orchestra g\u00e5r p\u00e5 scenen kl. 21.00<\/li>\n<li>Konserten avsluttes kl. 23.00<\/li>\n<\/ul>\n<p>NB! Alle tider er med forbehold om endringer.<\/p>\n<p><b>Men f\u00f8rst og fremst: Har du kontroll p\u00e5 billetten din?<\/b><\/p>\n<ul>\n<li>S\u00f8rg for \u00e5 ha logget inn p\u00e5 Ticketmaster (app\/mobil) senest dagen f\u00f8r konsert og sjekk at du har kontroll p\u00e5 dine billetter. Trenger du hjelp, ta kontakt med Ticketmaster.<\/li>\n<li>Konserten ble den 18.12.2024 flyttet fra fredag 29.08.2025 til fredag 12.09.2025.<\/li>\n<li>Bakgrunnen for dette er at Viking Fotballklubb, med sin tredjeplass i Tippeligaen, fikk muligheten til \u00e5 avansere til UEFA Europa Conference League.<\/li>\n<li>Kj\u00f8pte billetter gjelder fremdeles og er oppdatert p\u00e5 din brukerkonto p\u00e5 Ticketmaster.no eller i Ticketmaster-appen. Refusjonsfristen er n\u00e5 utl\u00f8pt, og billettene kan derfor ikke lenger refunderes.<\/li>\n<\/ul>\n<p><b>Adkomst<\/b>:<\/p>\n<ul>\n<li>Vi anbefaler alle \u00e5 komme i god tid f\u00f8r arrangementet starter, da mange skal inn samtidig og det kan oppst\u00e5 k\u00f8 b\u00e5de ved inngangen og i omr\u00e5det rundt. Husk \u00e5 ha billetten klar for raskere innsjekk.<\/li>\n<li>Det er dessverre f\u00e5 parkeringsplasser rundt stadion, og det vil ogs\u00e5 bli gjort endringer i infrastrukturen rundt arenaen konsertdagene i form av stengte kj\u00f8refelt og omdirigeringer per skilt.<\/li>\n<li>Arrang\u00f8r anbefaler \u00e5 kj\u00f8re kollektiv med enten tog eller buss.<\/li>\n<li>\u2013 Planleggreisen i god tid, skriver arrang\u00f8r.<\/li>\n<li>Go-Ahead kj\u00f8rer deg til konserten, og s\u00f8rger for ekstra avganger og kapasitet p\u00e5 togavgangene til og fra J\u00e5tt\u00e5v\u00e5gen.<\/li>\n<li>Stasjonen ligger kun titalls meter fra stadion. Du kan finne rutetider og kj\u00f8pe billetter\/fleksibel 24 timers p\u00e5 GoAhead-appen eller <a href=\"https:\/\/go-aheadnordic.no\/\" rel=\"nofollow noopener\" target=\"_blank\">gan.no<\/a>.<\/li>\n<li>Den nye bussveien er n\u00e5 \u00e5pnet gjennom J\u00e5tt\u00e5v\u00e5gen, og du kommer deg enkelt i begge retninger b\u00e5de f\u00f8r og etter konserten. Vis hensyn til de rundt deg, og f\u00f8lg anvisningene fra vakter og skilt som leder deg til holdeplassene.<\/li>\n<li>Sykkel er ogs\u00e5 et godt alternativ. Det finnes rikelig med parkeringsplasser for sykler i omr\u00e5det.<\/li>\n<\/ul>\n<p><b>NB! N\u00e5r du kommer mot stadion er det viktig \u00e5 g\u00e5 slik:<\/b><\/p>\n<p>F\u00f8lgende g\u00e5r ned p\u00e5 stadions nordside, dvs langside mot Stavanger:<\/p>\n<ul>\n<li>St\u00e5plass-billetter: Inngang St\u00e5plass.<\/li>\n<li>Sitteplasser Felt A-B-C-D \u2013 : Inngang Port 2.<\/li>\n<\/ul>\n<p>F\u00f8lgende g\u00e5r ned p\u00e5 stadions s\u00f8rside, dvs langsiden mot Sandnes:<\/p>\n<ul>\n<li>Front Floor: Inngang Front Floor.<\/li>\n<li>Sitteplasser p\u00e5 Feltene E-F-G-H-I-J-K-L \u2013 : Inngang port 3-6.<\/li>\n<\/ul>\n<p>\u2013 V\u00e6r tidlig ute. Det ventes lange k\u00f8er .For raskt \u00e5 komme deg inn p\u00e5 Stadion \u2013 ha billetten klar til kontroll!<\/p>\n<p><b>Her er kart over inngangene:<\/b><\/p>\n<p>   <img decoding=\"async\" width=\"841\" height=\"595\" fetchpriority=\"low\"  loading=\"lazy\"  src=\"https:\/\/www.europesays.com\/no\/wp-content\/uploads\/2025\/09\/Kaizers.jpg\" alt=\"\" class=\"brick-c-cFOWSL\" style=\"--brick-image-ratio: 841 \/ 595;\"\/><\/p>\n<p>    Foto: Kart over inngangene\n  <\/p>\n<p><b>Rullestolbrukere\/HC<\/b><\/p>\n<ul>\n<li>Benytt \u00abInngang st\u00e5plass\u00bb. Det er egen rampe foran Felt B\/C.<\/li>\n<\/ul>\n<p><b>Tribune<\/b><\/p>\n<ul>\n<li>Publikum med sitteplasser kan kj\u00f8pe mat og alkoholfri drikke i de faste kioskene p\u00e5 stadion. I tillegg er det ekstra toaletter ved Port 2 og Port 6. Det er flere barer i omr\u00e5dene. Det er ikke mulig \u00e5 bevege seg fra sittetribune til st\u00e5plasser\/front floor.<\/li>\n<\/ul>\n<p><b>Hva kan du IKKE ta med<\/b>:<\/p>\n<p>Arrang\u00f8r vil aller helst at du kun tar med deg selv og godt hum\u00f8r.<\/p>\n<p>Det er dessverre ikke anledning \u00e5 ta med seg dette inn p\u00e5 stadion:<\/p>\n<ul>\n<li>Alle typer kniver<\/li>\n<li>Alle gjenstander som er forbudt etter Norsk lov<\/li>\n<li>Fotokamera med avtagbar kameralinse<\/li>\n<li>Lyd- og videoopptaksenheter<\/li>\n<li>St\u00f8yproduserende enheter<\/li>\n<li>Lommelykter<\/li>\n<li>Laserpenner<\/li>\n<li>Drone, RC fly<\/li>\n<li>Liten elektrisk motorvogn, el-sparkesykkel, Segway, skateboard osv.<\/li>\n<li>Plakater, flagg og bannere st\u00f8rre enn 30 x 50 cm<\/li>\n<li>Plakater\/bannere festet til stolper<\/li>\n<li>Medbragt mat og drikke<\/li>\n<li>Store ryggsekker og\/eller bager<\/li>\n<li>Klappstol\/Campingstol<\/li>\n<li>Paraplyer<\/li>\n<li>Selfiestenger<\/li>\n<li>Flasker, bokser og beholdere<\/li>\n<li>Dyr<\/li>\n<li>Barnevogner<\/li>\n<li>Plakater, bannere og annet med utilb\u00f8rlig spr\u00e5k, politisk, religi\u00f8st eller kommersielt budskap eller nedverdigende karakterisering av personer og organisasjoner.<\/li>\n<\/ul>\n<p>   <img decoding=\"async\" width=\"1440\" height=\"1080\" fetchpriority=\"low\"  loading=\"lazy\"  src=\"https:\/\/www.europesays.com\/no\/wp-content\/uploads\/2025\/09\/9ac3e24b-9b87-4d7f-94c8-0a6422b73167.jpeg\" alt=\"\" class=\"brick-c-cFOWSL\" style=\"--brick-image-ratio: 1440 \/ 1080;\"\/><\/p>\n<p>    Foto: Ingeborg Thu Hansen\n  <\/p>\n<p>\u2013 Publikumssikkerhet ivaretas i samarbeid med politimyndigheter og helse. Vaktmannskap vil gjennomf\u00f8re kroppsvisiteringved innslipp.<\/p>\n<p><b>Det er lov \u00e5 ha med hjelm, gassmaske og andre typiske Kaizers-effekter!<\/b><\/p>\n<p>\u2013 Husk bare at dersom du bruker gassmaske, m\u00e5 du v\u00e6re forberedt p\u00e5 \u00e5 ta den av ved billettkontroll for identifisering, samt ved kj\u00f8p av alkohol.<\/p>\n<ul>\n<li>Husk \u00e5 kle deg for en lang kveld, og kle deg etter v\u00e6ret!<\/li>\n<\/ul>\n<p><b>Helse og sikkerhet<\/b><\/p>\n<p>\u2013 Vi som arrang\u00f8r er opptatt av alles sikkerhet og har i samarbeid med politi, helse og PSS Securitas satt sammen en organisasjon som skal ta vare p\u00e5 dette. Det er blant annet eget helsetelt med lege og kvalifiserte sykepleiere. Det er mye sanitet p\u00e5 omr\u00e5det og politi og vektere st\u00e5r for sikkerhet. Det er i tillegg mange gode personer som er p\u00e5 dugnad. Har du behov for hjelp oppfordres du til \u00e5 kontakte en av disse.<\/p>\n<p>\u2013 Vi \u00f8nsker et fint og hyggelig arrangement, og \u00e5penbart berusede personer vil bli avvist i port. Vakter vil ogs\u00e5 ta ut \u00e5penbart berusede personer.<\/p>\n<p><b> Servering\/salg:<\/b><\/p>\n<ul>\n<li>Det vil v\u00e6re salg av mat og drikke flere steder inne p\u00e5 Stadionomr\u00e5det. Det vil ogs\u00e5 bli solgt effekter som t-skjorter m.m(merchandise) i og utenfor Stadion.<\/li>\n<\/ul>\n<p><b>Toaletter:<\/b><\/p>\n<ul>\n<li>Utover stadions egne toaletter vil det v\u00e6re en stor toalettlandsby utav begge maratonportene. I tillegg er det ekstra toaletter utenfor Port 2 og Port 6.<\/li>\n<\/ul>\n<p>Det vil v\u00e6re god toalettkapasitet Vi h\u00e5per og tror at det vil v\u00e6re minimalt med k\u00f8dannelse p\u00e5 toalettene under konserten.<\/p>\n<p><b> Betaling<\/b>:<\/p>\n<p>Betaling for servering mm med kort.<\/p>\n<p><b>Aldersgrense<\/b>:<\/p>\n<p>Det er ikke aldersgrense p\u00e5 konserten. Publikum under 15 \u00e5r m\u00e5 ledsages av edru person over 23 \u00e5r. Det serveres alkohol p\u00e5 arrangementet. Alle som kj\u00f8per alkohol, m\u00e5 regne med \u00e5 m\u00e5tte verifisere sin alder p\u00e5 foresp\u00f8rsel.<\/p>\n<p><b>Front Floor<\/b>:<\/p>\n<ul>\n<li>Enkelte har spurt oss om hva det inneb\u00e6rer \u00e5 ha en Front Floor-billett. Front Floor er de beste st\u00e5plassene \u2013 rett foran scenen.<\/li>\n<li>Dette omr\u00e5det er inngjerdet med barrikader. Dette omr\u00e5det har egen inngang. Det er egne serveringsomr\u00e5der og egne toaletter forbeholdt Front Floor.<\/li>\n<li>Det er IKKE anledning \u00e5 bevege seg mellom Front Floor og omr\u00e5det for ordin\u00e6re st\u00e5plasser.<\/li>\n<li>Publikum som g\u00e5r fra Front Floortil st\u00e5plass bak p\u00e5 matten, kommer dessverre ikke inn p\u00e5 FrontFloor igjen.<\/li>\n<\/ul>\n<p><b>ETTER KONSERTSLUTT<\/b><\/p>\n<p>\u2013 Etter konserten er ferdig senest kl 23:00 settes lyset p\u00e5, og vi oppfordrer publikum til \u00e5 forlate stadion.<\/p>\n<p>Det er ikke lov \u00e5 ta medseg alkohol ut av stadion.<\/p>\n<p><b>TOG OG BUSS HJEM<\/b><\/p>\n<ul>\n<li>Go Ahead bruker alle sine tog for \u00e5 frakte publikum raskt og trygt mot Stavanger og Sandnes.<\/li>\n<li>Sjekk avgangstider her: <a href=\"https:\/\/go-aheadnordic.no\/\" rel=\"nofollow noopener\" target=\"_blank\">gan.no<\/a><\/li>\n<li>For buss, sjekk avgangstider her: <a href=\"https:\/\/www.kolumbus.no\/\" rel=\"nofollow noopener\" target=\"_blank\">https:\/\/www.kolumbus.no<\/a>Vi oppfordrer deg til \u00e5 sette seg inn i avganger og oppsett!<\/li>\n<\/ul>\n<p><b>\u2013 V\u00e6r grei, v\u00e6r glad. Pass p\u00e5 deg selv og naboen din. Spis godt,drikk vann, fest med m\u00e5te! Kos deg! Vi gleder oss til \u00e5 se dere allesammen, skriver Live Nation.<\/b><\/p>\n<p>  <a href=\"https:\/\/www.rastavanger.no\/5-165-150382\" class=\"related-teaser has-image default-story-teaser article--c-eRUmMG article--c-eRUmMG-jKCPdD-design-default\" rel=\"nofollow noopener\" target=\"_blank\"><\/p>\n<p>    <img decoding=\"async\" loading=\"lazy\"  src=\"https:\/\/www.europesays.com\/no\/wp-content\/uploads\/2025\/09\/e460f50f-91fd-4639-8623-05a5ca548200.jpeg\" alt=\"\" class=\"brick-c-cFOWSL\" style=\"\"\/><\/p>\n<p>\n            Les ogs\u00e5<\/p>\n<p>              Her rigges det til ny konsert p\u00e5 fredag \u2013 s\u00e5 mange billetter er solgt\n        <\/p>\n<p>  <\/a><\/p>\n<p>  <a href=\"https:\/\/www.rastavanger.no\/5-165-116651\" class=\"related-teaser has-image default-story-teaser article--c-eRUmMG article--c-eRUmMG-jKCPdD-design-default\" rel=\"nofollow noopener\" target=\"_blank\"><\/p>\n<p>    <img decoding=\"async\" loading=\"lazy\"  src=\"https:\/\/www.europesays.com\/no\/wp-content\/uploads\/2025\/09\/NTB_yjTNUcyqvSo.jpg\" alt=\"\" class=\"brick-c-cFOWSL\" style=\"\"\/><\/p>\n<p>\n            Les ogs\u00e5<\/p>\n<p>              Stor interesse for Janove Ottesens enebolig: \u2013 Et litt gjemt og stille sted\n        <\/p>\n<p>  <\/a><\/p>\n<p>  <a href=\"https:\/\/www.rastavanger.no\/5-165-68309\" class=\"related-teaser has-image default-story-teaser article--c-eRUmMG article--c-eRUmMG-jKCPdD-design-default\" rel=\"nofollow noopener\" target=\"_blank\"><\/p>\n<p>    <img decoding=\"async\" loading=\"lazy\"  src=\"https:\/\/www.europesays.com\/no\/wp-content\/uploads\/2025\/09\/b0db87dd-12fd-46b7-8904-930b9afc00ea.jpeg\" alt=\"\" class=\"brick-c-cFOWSL\" style=\"\"\/><\/p>\n<p>\n            Les ogs\u00e5<\/p>\n<p>              Kaizers inviterer lokale gjester med seg p\u00e5 scenen\n        <\/p>\n<p>  <\/a><\/p>\n<p>  <a href=\"https:\/\/www.rastavanger.no\/5-165-64298\" class=\"related-teaser has-image default-story-teaser article--c-eRUmMG article--c-eRUmMG-jKCPdD-design-default\" rel=\"nofollow noopener\" target=\"_blank\"><\/p>\n<p>    <img decoding=\"async\" loading=\"lazy\"  src=\"https:\/\/www.europesays.com\/no\/wp-content\/uploads\/2025\/09\/NTB_JuOfJuOOuJM.jpg\" alt=\"\" class=\"brick-c-cFOWSL\" style=\"\"\/><\/p>\n<p>\n            Les ogs\u00e5<\/p>\n<p>              Janove Ottesen, Per Kjerstad og Ole Christoffer Ertvaag kj\u00f8per seg inn i nye Veranda vinbar\n        <\/p>\n<p>  <\/a><\/p>\n","protected":false},"excerpt":{"rendered":"\u2013 Kaizers Orchestra entrer scenen p\u00e5 Lyse Arena 12. september, og det blir et forrykende show!, skriver arrang\u00f8r&hellip;\n","protected":false},"author":2,"featured_media":31866,"comment_status":"","ping_status":"","sticky":false,"template":"","format":"standard","meta":{"footnotes":""},"categories":[58],"tags":[36,71,595,155,4921,30,28,29,1510,72],"class_list":{"0":"post-31865","1":"post","2":"type-post","3":"status-publish","4":"format-standard","5":"has-post-thumbnail","7":"category-underholdning","8":"tag-art","9":"tag-entertainment","10":"tag-kaizers-orchestra","11":"tag-konsert","12":"tag-lyse-arena","13":"tag-no","14":"tag-norge","15":"tag-norway","16":"tag-story","17":"tag-underholdning"},"share_on_mastodon":{"url":"","error":""},"_links":{"self":[{"href":"https:\/\/www.europesays.com\/no\/wp-json\/wp\/v2\/posts\/31865","targetHints":{"allow":["GET"]}}],"collection":[{"href":"https:\/\/www.europesays.com\/no\/wp-json\/wp\/v2\/posts"}],"about":[{"href":"https:\/\/www.europesays.com\/no\/wp-json\/wp\/v2\/types\/post"}],"author":[{"embeddable":true,"href":"https:\/\/www.europesays.com\/no\/wp-json\/wp\/v2\/users\/2"}],"replies":[{"embeddable":true,"href":"https:\/\/www.europesays.com\/no\/wp-json\/wp\/v2\/comments?post=31865"}],"version-history":[{"count":0,"href":"https:\/\/www.europesays.com\/no\/wp-json\/wp\/v2\/posts\/31865\/revisions"}],"wp:featuredmedia":[{"embeddable":true,"href":"https:\/\/www.europesays.com\/no\/wp-json\/wp\/v2\/media\/31866"}],"wp:attachment":[{"href":"https:\/\/www.europesays.com\/no\/wp-json\/wp\/v2\/media?parent=31865"}],"wp:term":[{"taxonomy":"category","embeddable":true,"href":"https:\/\/www.europesays.com\/no\/wp-json\/wp\/v2\/categories?post=31865"},{"taxonomy":"post_tag","embeddable":true,"href":"https:\/\/www.europesays.com\/no\/wp-json\/wp\/v2\/tags?post=31865"}],"curies":[{"name":"wp","href":"https:\/\/api.w.org\/{rel}","templated":true}]}}