{"id":31874,"date":"2025-09-10T17:32:09","date_gmt":"2025-09-10T17:32:09","guid":{"rendered":"https:\/\/www.europesays.com\/no\/31874\/"},"modified":"2025-09-10T17:32:09","modified_gmt":"2025-09-10T17:32:09","slug":"herrem-herjet-da-sola-knuste-fjellhammer","status":"publish","type":"post","link":"https:\/\/www.europesays.com\/no\/31874\/","title":{"rendered":"Herrem herjet da Sola knuste Fjellhammer"},"content":{"rendered":"\n<p class=\"_lead_ew2ao_2 _lead_xtcu6_50 layout-component text-serif-m layout-normal text-serif-l layout-component layout-wide layout-padded _wide_17hqh_1 layout-padded\">Kreftsyke Camilla Herrem fortsetter \u00e5 imponere p\u00e5 h\u00e5ndballbanen. Onsdag scoret hun \u00e5tte m\u00e5l da Sola kj\u00f8rte over Fjellhammer og vant 47-25 i eliteserien.<\/p>\n<p><img alt=\"Camille Herrem var kampens toppscorer da Sola knuste Fjellhammer.  Foto: Fredrik Varfjell \/ NTB\" class=\"_image_qp4xg_65 layout-component layout-wide\" data-fullscreen- data-track-element-type=\"Article image fullscreen\" data-track-name=\"ImageFullscreen\" fetchpriority=\"high\" decoding=\"sync\" loading=\"eager\" height=\"3479\" itemprop=\"image\"  src=\"https:\/\/www.europesays.com\/no\/wp-content\/uploads\/2025\/09\/e6b0e96b-f1ef-4cb6-a100-66b9f82474d2\"  style=\"object-position:0% 0%\" width=\"5218\"\/>Camille Herrem var kampens toppscorer da Sola knuste Fjellhammer.  Foto: Fredrik Varfjell \/ NTB<\/p>\n<ul aria-hidden=\"true\" class=\"_images_1y6fe_106\">\n<li><a class=\"_link_1y6fe_111\" href=\"https:\/\/www.vg.no\/forfatter\/ntb\" style=\"z-index:1\" title=\"NTB\" rel=\"nofollow noopener\" target=\"_blank\"><img alt=\"Bilde av NTB\" class=\"_image_1y6fe_88\" fetchpriority=\"low\" loading=\"lazy\" decoding=\"async\" itemprop=\"image\"  src=\"https:\/\/www.europesays.com\/no\/wp-content\/uploads\/2025\/09\/1757525529_767_c33980b0-5d07-4027-84a1-813f90a7c8d6\"  width=\"480\"\/><\/a><\/li>\n<\/ul>\n<p> Oppdatert onsdag 10. september kl. 19:04     <\/p>\n<p class=\"_paragraph_ew2ao_4 _paragraph_xtcu6_10 layout-component text-serif-m layout-normal text-serif-m layout-padded\">Sola har vunnet begge sine f\u00f8rste seriekamper i h\u00f8st, men tapte klubbens aller f\u00f8rste mesterligakamp. Herrem scoret fire m\u00e5l mot Oppsal, fem mot Podravka Koprivnica og ble overlegen toppscorer i onsdagens hjemmekamp.<\/p>\n<p class=\"_paragraph_ew2ao_4 _paragraph_xtcu6_10 layout-component text-serif-m layout-normal text-serif-m layout-padded\">Herrem fikk i sommer diagnosen brystkreft og har siden v\u00e6rt gjennom t\u00f8ffe runder med cellegiftbehandlng. Likevel fortsetter hun som h\u00e5ndballspiller p\u00e5 toppniv\u00e5.<\/p>\n<p class=\"_paragraph_ew2ao_4 _paragraph_xtcu6_10 layout-component text-serif-m layout-normal text-serif-m layout-padded\">L\u00f8rdag kommer det sterke franske laget Brest Bretagne p\u00e5 bes\u00f8k til \u00c5senhallen i Solas aller f\u00f8rste mesterligakamp p\u00e5 hjemmebane.<\/p>\n","protected":false},"excerpt":{"rendered":"Kreftsyke Camilla Herrem fortsetter \u00e5 imponere p\u00e5 h\u00e5ndballbanen. Onsdag scoret hun \u00e5tte m\u00e5l da Sola kj\u00f8rte over Fjellhammer&hellip;\n","protected":false},"author":2,"featured_media":31875,"comment_status":"","ping_status":"","sticky":false,"template":"","format":"standard","meta":{"footnotes":""},"categories":[59],"tags":[107,105,30,28,29,83,82],"class_list":{"0":"post-31874","1":"post","2":"type-post","3":"status-publish","4":"format-standard","5":"has-post-thumbnail","7":"category-sport","8":"tag-camilla-herrem","9":"tag-handball","10":"tag-no","11":"tag-norge","12":"tag-norway","13":"tag-sport","14":"tag-sports"},"share_on_mastodon":{"url":"","error":""},"_links":{"self":[{"href":"https:\/\/www.europesays.com\/no\/wp-json\/wp\/v2\/posts\/31874","targetHints":{"allow":["GET"]}}],"collection":[{"href":"https:\/\/www.europesays.com\/no\/wp-json\/wp\/v2\/posts"}],"about":[{"href":"https:\/\/www.europesays.com\/no\/wp-json\/wp\/v2\/types\/post"}],"author":[{"embeddable":true,"href":"https:\/\/www.europesays.com\/no\/wp-json\/wp\/v2\/users\/2"}],"replies":[{"embeddable":true,"href":"https:\/\/www.europesays.com\/no\/wp-json\/wp\/v2\/comments?post=31874"}],"version-history":[{"count":0,"href":"https:\/\/www.europesays.com\/no\/wp-json\/wp\/v2\/posts\/31874\/revisions"}],"wp:featuredmedia":[{"embeddable":true,"href":"https:\/\/www.europesays.com\/no\/wp-json\/wp\/v2\/media\/31875"}],"wp:attachment":[{"href":"https:\/\/www.europesays.com\/no\/wp-json\/wp\/v2\/media?parent=31874"}],"wp:term":[{"taxonomy":"category","embeddable":true,"href":"https:\/\/www.europesays.com\/no\/wp-json\/wp\/v2\/categories?post=31874"},{"taxonomy":"post_tag","embeddable":true,"href":"https:\/\/www.europesays.com\/no\/wp-json\/wp\/v2\/tags?post=31874"}],"curies":[{"name":"wp","href":"https:\/\/api.w.org\/{rel}","templated":true}]}}