{"id":31890,"date":"2025-09-10T17:47:09","date_gmt":"2025-09-10T17:47:09","guid":{"rendered":"https:\/\/www.europesays.com\/no\/31890\/"},"modified":"2025-09-10T17:47:09","modified_gmt":"2025-09-10T17:47:09","slug":"kulturnatt-kultur-slik-far-du-med-deg-kulturnatt-2025","status":"publish","type":"post","link":"https:\/\/www.europesays.com\/no\/31890\/","title":{"rendered":"Kulturnatt, Kultur | Slik f\u00e5r du med deg Kulturnatt 2025"},"content":{"rendered":"\n<p>For fjerde \u00e5r p\u00e5 rad arrangerer Halden kommune Kulturnatt.<\/p>\n<p>Her kan du f\u00e5 med deg opplevelser innen musikk, kunst, dans, teater, foredrag, quiz, stand-up, performance og faktisk enda mere til.<\/p>\n<p>Alt er gratis.<\/p>\n<p>\u2013 Det er takket v\u00e6re rause sponsorer, forteller kultursjef Knut Olav Brekklund S\u00e6ves i Halden kommune.<\/p>\n<p>Arrangementene foreg\u00e5r p\u00e5 totalt 25 forskjellige scener rundt om i Halden.<\/p>\n<p>Hvordan skal du klare \u00e5 velge ut hva du vil se blant s\u00e5 mange muligheter?<\/p>\n<p><b>Vi gir deg tre alternativer i denne saken:<\/b><\/p>\n<p>1) <a href=\"https:\/\/online.fliphtml5.com\/Kulturnatt\/emcj\/#p=8\" rel=\"Follow nofollow noopener\" target=\"_blank\">Klikk deg inn p\u00e5 det digitale programmet til Halden kommune her<\/a><\/p>\n<p>2) Last ned appen Broadcast <a href=\"https:\/\/www.broadcast.events\/festival\/ZYDAYrXMWx\" rel=\"Follow nofollow noopener\" target=\"_blank\">via denne lenken<\/a>. Da f\u00e5r du programmet rett inn i en app p\u00e5 telefonen. I appen kan du ogs\u00e5 sette sammen ditt eget program ved \u00e5 stjerne-merke det du helst vil se.<\/p>\n<p>3) Plukk og miks fra oversikten her i artikkelen, der vi lister opp alt som skjer fra start til slutt:<\/p>\n<p><b>17:00: <\/b>Musikkquiz, <b>Vannvogna<\/b><\/p>\n<p><b>17:30: <\/b>V\u00e5rofferet av Igor Stravinskji, forestilling. <b>Sparebanksalen Black Box<\/b><\/p>\n<p><b>17:30 og 20:00: <\/b>DNBE &#8211; Messingseksjonen, konsert. <b>Vannvogna<\/b><\/p>\n<p><b>18:00: <\/b>Onkel Tuka 30 \u00e5r!, konsert. <b>Immanuels kirke<\/b><\/p>\n<p><b>18:00: <\/b>Sangomsust (Konsert 1), <b>St. Peter kirke<\/b><\/p>\n<p><b>18:00: <\/b>Gitarkonsert med elever, <b>Kulturskolen<\/b><\/p>\n<p><b>18:00: <\/b>Danseworkshop for ungdom, <b>Kulturskolen<\/b><\/p>\n<p><b>18:00: <\/b>&laquo;Gr\u00e5tende hunder&raquo;, performance kunst, <b>Kunstbasaren<\/b><\/p>\n<p><b>18:00: <\/b>Konsert med Arild Elnes og Jan Erik Norheim, <b>Metodistkirken<\/b><\/p>\n<p><b>18:30: <\/b>DNBE &#8211; Sanntid, konsert. <b>Fayeg\u00e5rden<\/b><\/p>\n<p><b>18:30: <\/b>Kristin Solli, konsert. <b>Galleri Lille Martine<\/b><\/p>\n<p><b>19:00: <\/b>Dora Thorhallsdottir, standup. <b>BETALT ARRANGEMENT. Brygga Kultursal<\/b><\/p>\n<p><b>19:00: <\/b>Omvisning i Halden Fengselsmuseeum, <b>Torget<\/b><\/p>\n<p><b>19:00: <\/b>LSROK &#8211; Ung scene, <b>Kulturhuset i Halden<\/b><\/p>\n<p><b>19:00: <\/b>Rockehuset 30 \u00e5r. Konsert. <b>Utenfor Nav Halden<\/b><\/p>\n<p><b>19:00: <\/b>H\u00e5vard Dahle, konsert. <b>Siste Reis<\/b><\/p>\n<p><b>19:00: <\/b>NRK Scenen, minikonserter p\u00e5 <b>Halden kinos lerret<\/b><\/p>\n<p><b>19:00: <\/b>Pubquiz med Petter Olsen, <b>The Drunken Chefs<\/b><\/p>\n<p><b>19:15: <\/b>Svenske gospel-favoritter, konsert. <b>Kristi Menighet Betel<\/b><\/p>\n<p><b>19:15: <\/b>Mixdur, konsert. <b>Byparken<\/b><\/p>\n<p><b>19:15: <\/b>HighTime, konsert. <b>Feelgood<\/b><\/p>\n<p><b>19:15: <\/b>Halden Spektakul\u00e6re Show, teater. <b>Fredrikshalds Teater<\/b><\/p>\n<p><b>19:15: <\/b>V\u00e5rofferet av Igor Stravinskji, <b>Sparebanksalen Black Box<\/b><\/p>\n<p><b>19:30: <\/b>Pubkor med Karoline S. Henriksen, <b>Aladdin Scene<\/b><\/p>\n<p><b>19:30: <\/b>Billington Duo, konsert. <b>Kaf\u00e9 Erlandsen<\/b><\/p>\n<p><b>19:30: <\/b>Foredraget &laquo;Forbrytelse og straff i Halden i 1855.&raquo;, <b>Fayeg\u00e5rden<\/b><\/p>\n<p><b>19:30: <\/b>Solfrid Molland Band, konsert. <b>Skofabrikken<\/b><\/p>\n<p><b>19:30: <\/b>Sangomsust, konsert. <b>St. Peter kirke<\/b><\/p>\n<p><b>19:30: <\/b>Danseperformance fra Halden danseskole. <b>Busterudparken<\/b><\/p>\n<p><b>20:00: <\/b>Omvisning i Halden Fengselsmuseeum, <b>Torget<\/b><\/p>\n<p><b>20:00: <\/b>Kristin Solli, konsert. <b>Galleri Lille Martine<\/b><\/p>\n<p><b>20:00: <\/b>DNBE &#8211; Messingseksjonen, konsert. <b>Vannvogna<\/b><\/p>\n<p><b>20:00: <\/b>HALs mobile lasershow ved Klaus Jaeger. <b>Flere steder i Halden sentrum<\/b><\/p>\n<p><b>20:00 <\/b>Danseperformance Saras Dansestudio. <b>Halden kulturskole<\/b><\/p>\n<p><b>20:00: <\/b>Danseperformance Danseloftet Halden. <b>Skofabrikken<\/b><\/p>\n<p><b>20:30: <\/b>Tres, konsert. <b>Byparken<\/b><\/p>\n<p><b>20:30: <\/b>H\u00e5vard Dahle, konsert. <b>Feelgood<\/b><\/p>\n<p><b>20:30: <\/b>Halden Spektakul\u00e6re Show, teater. <b>Fredrikshalds Teater<\/b><\/p>\n<p><b>20:30: <\/b>Gospelkoret R\u00f8st, konsert. <b>Halden frikirke<\/b><\/p>\n<p><b>20:30: <\/b>DragQueen Bingo med Sharon S. Karen. <b>Kulturhuset<\/b><\/p>\n<p><b>20:30: <\/b>Levi Henriksen i samtale med H\u00e5kon Ohlgren. <b>Biblioteket i Skofabrikken<\/b><\/p>\n<p><b>20:30: <\/b>Operapub med Opera \u00d8stfold. <b>The Drunken Chefs<\/b><\/p>\n<p><b>20:30: <\/b>Danseworkshop for voksne. <b>Halden kulturskole<\/b><\/p>\n<p><b>20:45: <\/b>DNBE &#8211; Sanntid, konsert. <b>Kommunestyresalen i R\u00e5dhuset<\/b><\/p>\n<p><b>21:00: <\/b>Foredrag med Lena Heide-Brennand om hekseprosessene i \u00d8stfold, <b>Fayeg\u00e5rden<\/b><\/p>\n<p><b>21:00: <\/b>Omvisning i Halden Fengselsmuseum, <b>Torget<\/b><\/p>\n<p><b>21:30: <\/b>Army Gospel, konsert. <b>Immanuels kirke<\/b><\/p>\n<p><b>21:45: <\/b>Billington Duo, konsert. <b>Kaf\u00e9 Erlandsen<\/b><\/p>\n<p><b>21:45: <\/b>Skr\u00e6tt, revy. <b>Kulturhuset<\/b><\/p>\n<p><b>22:00: <\/b>The Salmon Smokers spiller Fredriksten festivalen 75, konsert. <b>Aladdin Scene<\/b><\/p>\n<p><b>22:00: <\/b>HighTime, konsert. <b>Feelgood.<\/b><\/p>\n<p><b>22:00: <\/b>Tjuvradd, konsert. <b>Kulturhuset<\/b><\/p>\n<p><b>22:00: <\/b>Stilla, O Stilla. Poetisk konsert. <b>Os kapell<\/b><\/p>\n<p><b>22:00: <\/b>Fir Arda, konsert. <b>The Drunken Chefs<\/b><\/p>\n<p><b>22:30: <\/b>Byparken Mannskor, konsert. <b>Byparken<\/b><\/p>\n<p><b>23:00: <\/b>Midnattsjazz med Jenny Norheim Trio, <b>Immanuels kirke<\/b><\/p>\n<p><b>23:00: <\/b>State of Anguish, konsert. <b>Vannvogna<\/b><\/p>\n<p><b>00:00: <\/b>Klubbnatt med Klaus Jaeger,<b> Aladdin scene<\/b><\/p>\n<p><b>00:00: <\/b>DJ Tom Skjekles\u00e6ther<b>, Kulturhuset.<\/b><\/p>\n<p><b>I tillegg er det \u00e5pent hus f\u00f8lgende steder gjennom hele Kulturnatta:<\/b><\/p>\n<p><b>Kulturhuset, Kristi Menighet Betel, Skofabrikken, Fayeg\u00e5rden, Halden Fengselsmuseeum, Halden frikirke, Galleri Lille Martine, Halden R\u00e5dhus, Halden Frivilligsentral, Halden Kulturskole og Kunstbasaren.<\/b><\/p>\n","protected":false},"excerpt":{"rendered":"For fjerde \u00e5r p\u00e5 rad arrangerer Halden kommune Kulturnatt. Her kan du f\u00e5 med deg opplevelser innen musikk,&hellip;\n","protected":false},"author":2,"featured_media":31891,"comment_status":"","ping_status":"","sticky":false,"template":"","format":"standard","meta":{"footnotes":""},"categories":[58],"tags":[36,71,410,3181,5087,30,28,29,1510,72],"class_list":{"0":"post-31890","1":"post","2":"type-post","3":"status-publish","4":"format-standard","5":"has-post-thumbnail","7":"category-underholdning","8":"tag-art","9":"tag-entertainment","10":"tag-kultur","11":"tag-kulturnatt","12":"tag-kulturnatt-2025","13":"tag-no","14":"tag-norge","15":"tag-norway","16":"tag-story","17":"tag-underholdning"},"share_on_mastodon":{"url":"","error":""},"_links":{"self":[{"href":"https:\/\/www.europesays.com\/no\/wp-json\/wp\/v2\/posts\/31890","targetHints":{"allow":["GET"]}}],"collection":[{"href":"https:\/\/www.europesays.com\/no\/wp-json\/wp\/v2\/posts"}],"about":[{"href":"https:\/\/www.europesays.com\/no\/wp-json\/wp\/v2\/types\/post"}],"author":[{"embeddable":true,"href":"https:\/\/www.europesays.com\/no\/wp-json\/wp\/v2\/users\/2"}],"replies":[{"embeddable":true,"href":"https:\/\/www.europesays.com\/no\/wp-json\/wp\/v2\/comments?post=31890"}],"version-history":[{"count":0,"href":"https:\/\/www.europesays.com\/no\/wp-json\/wp\/v2\/posts\/31890\/revisions"}],"wp:featuredmedia":[{"embeddable":true,"href":"https:\/\/www.europesays.com\/no\/wp-json\/wp\/v2\/media\/31891"}],"wp:attachment":[{"href":"https:\/\/www.europesays.com\/no\/wp-json\/wp\/v2\/media?parent=31890"}],"wp:term":[{"taxonomy":"category","embeddable":true,"href":"https:\/\/www.europesays.com\/no\/wp-json\/wp\/v2\/categories?post=31890"},{"taxonomy":"post_tag","embeddable":true,"href":"https:\/\/www.europesays.com\/no\/wp-json\/wp\/v2\/tags?post=31890"}],"curies":[{"name":"wp","href":"https:\/\/api.w.org\/{rel}","templated":true}]}}