{"id":31894,"date":"2025-09-10T17:50:10","date_gmt":"2025-09-10T17:50:10","guid":{"rendered":"https:\/\/www.europesays.com\/no\/31894\/"},"modified":"2025-09-10T17:50:10","modified_gmt":"2025-09-10T17:50:10","slug":"prins-harry-moter-kong-charles-for-forste-gang-pa-over-ett-ar","status":"publish","type":"post","link":"https:\/\/www.europesays.com\/no\/31894\/","title":{"rendered":"Prins Harry m\u00f8ter kong Charles for f\u00f8rste gang p\u00e5 over ett \u00e5r"},"content":{"rendered":"\n<p class=\"_lead_ew2ao_2 _lead_xtcu6_50 layout-component text-serif-m layout-normal text-serif-l layout-component layout-wide layout-padded _wide_17hqh_1 layout-padded\">De to har ikke sett hverandre siden februar 2024.<\/p>\n<p><img alt=\"Prins Harry vinket i dag til mange som hadde m\u00f8tt opp for \u00e5 se et glimt av prinsen. Senere  skal han m\u00f8te pappa. Foto: Suzanne Plunkett \/ Pa Photos \/ NTB\" class=\"_image_qp4xg_65 layout-component layout-wide\" data-fullscreen- data-track-element-type=\"Article image fullscreen\" data-track-name=\"ImageFullscreen\" fetchpriority=\"high\" decoding=\"sync\" loading=\"eager\" height=\"3329\" itemprop=\"image\"  src=\"https:\/\/www.europesays.com\/no\/wp-content\/uploads\/2025\/09\/03385eef-bf2a-4ab5-b6e6-a741c5589da4\"  style=\"object-position:0% 0%\" width=\"4993\"\/>Prins Harry vinket i dag til mange som hadde m\u00f8tt opp for \u00e5 se et glimt av prinsen. Senere  skal han m\u00f8te pappa. Foto: Suzanne Plunkett \/ Pa Photos \/ NTB<\/p>\n<ul aria-hidden=\"true\" class=\"_images_1y6fe_106\">\n<li><a class=\"_link_1y6fe_111\" href=\"https:\/\/www.vg.no\/forfatter\/ingrid-storeboe\" style=\"z-index:1\" title=\"Ingrid Storeb\u00f8\" rel=\"nofollow noopener\" target=\"_blank\"><img alt=\"Bilde av Ingrid Storeb\u00f8\" class=\"_image_1y6fe_88\" fetchpriority=\"low\" loading=\"lazy\" decoding=\"async\" itemprop=\"image\"  src=\"https:\/\/www.europesays.com\/no\/wp-content\/uploads\/2025\/09\/1757526608_159_b3fc896d-536d-4041-8257-79b6b2cd3323\"  width=\"480\"\/><\/a><\/li>\n<\/ul>\n<p> Oppdatert onsdag 10. september kl. 19:13    <\/p>\n<ul class=\"_list_ew2ao_3 _list_64s2r_85 _unordered_ew2ao_99 text-sans-m\">\n<li class=\"_item_ew2ao_30\">Prins Harry og kong Charles skal angivelig ha hatt sitt f\u00f8rste m\u00f8te p\u00e5 over et \u00e5r<\/li>\n<li class=\"_item_ew2ao_30\">Siden februar 2024 har de ikke sett hverandre<\/li>\n<li class=\"_item_ew2ao_30\">Harry er i Storbritannia p\u00e5 et fire-dagers arbeidsbes\u00f8k<\/li>\n<li class=\"_item_ew2ao_30\">Det er ingen planer om at Harry m\u00f8ter sin bror, prins William<\/li>\n<\/ul>\n<p>Vis mer <\/p>\n<p class=\"_paragraph_ew2ao_4 _paragraph_xtcu6_10 layout-component text-serif-m layout-normal text-serif-m layout-padded\">Prins Harry ankom onsdag Clarence House for \u00e5 m\u00f8te sin far, kong Charles. Det blir deres f\u00f8rste m\u00f8te p\u00e5 over ett \u00e5r, melder <a href=\"https:\/\/news.sky.com\/story\/prince-harry-has-arrived-at-clarence-house-to-meet-the-king-13428262\" class=\"_link_ew2ao_39\" rel=\"nofollow noopener\" target=\"_blank\">Sky News<\/a>.<\/p>\n<p><img alt=\"Prins Harry ankommer Clarence House - en av kong Charles\u2019 offisielle residenser i London.  Foto: Carlos Jasso \/ Reuters \/ NTB\" class=\"_image_qp4xg_65 layout-component layout-normal\" data-fullscreen- data-track-element-type=\"Article image fullscreen\" data-track-name=\"ImageFullscreen\" decoding=\"async\" loading=\"lazy\" height=\"2295\" itemprop=\"image\"  src=\"https:\/\/www.europesays.com\/no\/wp-content\/uploads\/2025\/09\/498f513d-2712-4153-a3ae-466b35810a0f\"  style=\"object-position:0% 0%\" width=\"3442\"\/>Prins Harry ankommer Clarence House &#8211; en av kong Charles\u2019 offisielle residenser i London.  Foto: Carlos Jasso \/ Reuters \/ NTB<\/p>\n<p class=\"_paragraph_ew2ao_4 _paragraph_xtcu6_10 layout-component text-serif-m layout-normal text-serif-m layout-padded\">Sist gang far og s\u00f8nn s\u00e5 hverandre var i februar 2024. Da fl\u00f8y hertugen av Sussex til <a href=\"https:\/\/www.vg.no\/tag\/london?utm_source=vg-article&amp;utm_medium=auto-tagger&amp;utm_campaign=1MKxwJ\" class=\"_link_ew2ao_39\" rel=\"nofollow noopener\" target=\"_blank\">London<\/a> etter at kongen kunngjorde at han skulle ha kreftbehandling.<\/p>\n<p class=\"_paragraph_ew2ao_4 _paragraph_xtcu6_10 layout-component text-serif-m layout-normal text-serif-m layout-padded\">Harry er for tiden i Storbritannia p\u00e5 et fire dager langt arbeidsbes\u00f8k. Onsdag bes\u00f8kte han Centre for Blast Injury Studies ved Imperial College London, en institusjon han har n\u00e6re b\u00e5nd til.<\/p>\n<p><img alt=\"Hertugen av Sussex forlater stedet etter et bes\u00f8k ved Imperial College Londons senter for studier av sprengningsskader, ved Sir Michael Uren Hub i White City, vest i London.  Foto: Suzanne Plunkett \/ Pa Photos \/ NTB\" class=\"_image_qp4xg_65 layout-component layout-normal\" data-fullscreen- data-track-element-type=\"Article image fullscreen\" data-track-name=\"ImageFullscreen\" decoding=\"async\" loading=\"lazy\" height=\"3667\" itemprop=\"image\"  src=\"https:\/\/www.europesays.com\/no\/wp-content\/uploads\/2025\/09\/0f0205f7-d59c-4f6f-bf90-1bf3663aa14d\"  style=\"object-position:0% 0%\" width=\"5500\"\/>Hertugen av Sussex forlater stedet etter et bes\u00f8k ved Imperial College Londons senter for studier av sprengningsskader, ved Sir Michael Uren Hub i White City, vest i London.  Foto: Suzanne Plunkett \/ Pa Photos \/ NTB<\/p>\n<p class=\"_paragraph_ew2ao_4 _paragraph_xtcu6_10 layout-component text-serif-m layout-normal text-serif-m layout-padded\">Prinsen startet oppholdet mandag med \u00e5 legge ned blomster ved dronning Elizabeth IIs gravsted for \u00e5 markere tre\u00e5rsdagen for hennes d\u00f8d.<\/p>\n<p><img alt=\"Prins Harry snakker ved siden av Steve Arnold, som har deltatt i Invictus Games, ambassad\u00f8r for Senter for skadestudier Dave Henson, og generaldirekt\u00f8r for Verdens helseorganisasjon Tedros Adhanom Ghebreyesus, under et bes\u00f8k ved Senter for studier av sprengningsskader ved Imperial College London, i London, Storbritannia, 10. september  Foto: Suzanne Plunkett \/ Reuters \/ NTB\" class=\"_image_qp4xg_65 layout-component layout-normal\" data-fullscreen- data-track-element-type=\"Article image fullscreen\" data-track-name=\"ImageFullscreen\" decoding=\"async\" loading=\"lazy\" height=\"3816\" itemprop=\"image\"  src=\"https:\/\/www.europesays.com\/no\/wp-content\/uploads\/2025\/09\/e4c1b126-e58e-4b21-b89c-bb52948cf0f4\"  style=\"object-position:0% 0%\" width=\"5500\"\/>Prins Harry snakker ved siden av Steve Arnold, som har deltatt i Invictus Games, ambassad\u00f8r for Senter for skadestudier Dave Henson, og generaldirekt\u00f8r for Verdens helseorganisasjon Tedros Adhanom Ghebreyesus, under et bes\u00f8k ved Senter for studier av sprengningsskader ved Imperial College London, i London, Storbritannia, 10. september  Foto: Suzanne Plunkett \/ Reuters \/ NTB<\/p>\n<p class=\"_paragraph_ew2ao_4 _paragraph_xtcu6_10 layout-component text-serif-m layout-normal text-serif-m layout-padded\">Harry forblir fremmedgjort fra sin eldre bror, prins William. Mens Harry m\u00f8tte kongen, reiste William til Cardiff for \u00e5 l\u00e6re om et mentalt helsesenter p\u00e5 Verdens selvmordsforebyggingsdag.<\/p>\n<p class=\"_paragraph_ew2ao_4 _paragraph_xtcu6_10 layout-component text-serif-m layout-normal text-serif-m layout-padded\">Det er ingen utsikter til at br\u00f8drene vil m\u00f8tes.<\/p>\n","protected":false},"excerpt":{"rendered":"De to har ikke sett hverandre siden februar 2024. Prins Harry vinket i dag til mange som hadde&hellip;\n","protected":false},"author":2,"featured_media":31895,"comment_status":"","ping_status":"","sticky":false,"template":"","format":"standard","meta":{"footnotes":""},"categories":[12],"tags":[20,21,24,25,15,22,23,863,13,30,28,29,14,16,75,26,27,42,46,43,44,45],"class_list":{"0":"post-31894","1":"post","2":"type-post","3":"status-publish","4":"format-standard","5":"has-post-thumbnail","7":"category-verden","8":"tag-breaking-news","9":"tag-breakingnews","10":"tag-featured-news","11":"tag-featurednews","12":"tag-headlines","13":"tag-latest-news","14":"tag-latestnews","15":"tag-london","16":"tag-news","17":"tag-no","18":"tag-norge","19":"tag-norway","20":"tag-nyheter","21":"tag-overskrifter","22":"tag-prins-harry","23":"tag-top-stories","24":"tag-topstories","25":"tag-verden","26":"tag-vgai","27":"tag-world","28":"tag-world-news","29":"tag-worldnews"},"share_on_mastodon":{"url":"","error":""},"_links":{"self":[{"href":"https:\/\/www.europesays.com\/no\/wp-json\/wp\/v2\/posts\/31894","targetHints":{"allow":["GET"]}}],"collection":[{"href":"https:\/\/www.europesays.com\/no\/wp-json\/wp\/v2\/posts"}],"about":[{"href":"https:\/\/www.europesays.com\/no\/wp-json\/wp\/v2\/types\/post"}],"author":[{"embeddable":true,"href":"https:\/\/www.europesays.com\/no\/wp-json\/wp\/v2\/users\/2"}],"replies":[{"embeddable":true,"href":"https:\/\/www.europesays.com\/no\/wp-json\/wp\/v2\/comments?post=31894"}],"version-history":[{"count":0,"href":"https:\/\/www.europesays.com\/no\/wp-json\/wp\/v2\/posts\/31894\/revisions"}],"wp:featuredmedia":[{"embeddable":true,"href":"https:\/\/www.europesays.com\/no\/wp-json\/wp\/v2\/media\/31895"}],"wp:attachment":[{"href":"https:\/\/www.europesays.com\/no\/wp-json\/wp\/v2\/media?parent=31894"}],"wp:term":[{"taxonomy":"category","embeddable":true,"href":"https:\/\/www.europesays.com\/no\/wp-json\/wp\/v2\/categories?post=31894"},{"taxonomy":"post_tag","embeddable":true,"href":"https:\/\/www.europesays.com\/no\/wp-json\/wp\/v2\/tags?post=31894"}],"curies":[{"name":"wp","href":"https:\/\/api.w.org\/{rel}","templated":true}]}}