{"id":31896,"date":"2025-09-10T17:51:10","date_gmt":"2025-09-10T17:51:10","guid":{"rendered":"https:\/\/www.europesays.com\/no\/31896\/"},"modified":"2025-09-10T17:51:10","modified_gmt":"2025-09-10T17:51:10","slug":"osebergskipet-har-lagt-ut-pa-sin-86-meter-lange-ferd-teknisk-ukeblad","status":"publish","type":"post","link":"https:\/\/www.europesays.com\/no\/31896\/","title":{"rendered":"Osebergskipet har lagt ut p\u00e5 sin 86 meter lange ferd &#8211; Teknisk Ukeblad"},"content":{"rendered":"<ol>\n<li><a href=\"https:\/\/news.google.com\/rss\/articles\/CBMijgFBVV95cUxOR2NscU0zWTFFak9IRFVuWGVZQWZEQS1GUEIzWDNqSlFQR1JxRjdVU1ZxX0xST2ZXczgyLTVtWVZzc2M2c1V0d3BXSWJmTzBLYTBacHZGaERaQkFnLW9WUmVMUk9GeDhoX0F0SGxDU1hNODdCM0Y0RFNZbFFzUHZvNlRMbllNcHpUTVU0eV9R?oc=5\" target=\"_blank\" rel=\"nofollow noopener\">Osebergskipet har lagt ut p\u00e5 sin 86 meter lange ferd<\/a>&nbsp;&nbsp;Teknisk Ukeblad<\/li>\n<li><a href=\"https:\/\/news.google.com\/rss\/articles\/CBMijAFBVV95cUxPZ2pMa2JXcGFqV05reXBHbklENGJ1SVNLY1hXVElQY2lsUnhBUkk4OEpNamdYSnBRcER0bXJPRWZzMHJJZFBJekRMb1BGX01fYzFjbU1nN2NwRG9VMnM0MWpxMmc1Q2ZmQkNkZTBsVnRGVC1OdGt4QWlLLVRTT09xMU1xMW9YR251WlR0Xw?oc=5\" target=\"_blank\" rel=\"nofollow noopener\">Osebergskipet blir flytta for f\u00f8rste gong p\u00e5 100 \u00e5r<\/a>&nbsp;&nbsp;NRK<\/li>\n<li><a href=\"https:\/\/news.google.com\/rss\/articles\/CBMic0FVX3lxTE1mSVNtMmRnSHA1NlhvU3NsZWtuU0U5MkpPVHFrU3hlWlI4NFNucGZzOHZMWnc0U0pwQU1mbU1LREt3TFE0Y1RWWG52a3VPVWdBZFM3c2NKUnowekhITDVJY1p4WkNXNE5FajdFLUVUajh2dlk?oc=5\" target=\"_blank\" rel=\"nofollow noopener\">(+) Osebergskipet er (nesten) p\u00e5 plass<\/a>&nbsp;&nbsp;T\u00f8nsbergs Blad<\/li>\n<li><a href=\"https:\/\/news.google.com\/rss\/articles\/CBMizgFBVV95cUxNd2E1NkNTdXgzMXI4bTFwMS13SzZBMmVqYzQxaUR0eTk1TWZNbDN3X2pYMmlUeTQ0RTdGZ253ckZvYk9Gb1lKUE5JdmdnNk1wRlFaZjVJZ1BFcGRTT3J2RjJVZUduR3VQNHRSSmtLdWhjUzh6a0VUaG0xOFJIRTE1YzVka2QyWmwzR0dFU2JNN2xuU01KYTRsYXY0ZWtxMERUVWxLV0w2eHRnZWtCZVJTRTlmdXktYXZVRHphYnR0UzBidVMzVUJlYldKSnc4Zw?oc=5\" target=\"_blank\" rel=\"nofollow noopener\">Oppunder dette taket skal noen av Norges mest verdifulle kulturskatter fraktes. Pris: 550 millioner<\/a>&nbsp;&nbsp;Aftenposten<\/li>\n<li><a href=\"https:\/\/news.google.com\/rss\/articles\/CBMilwFBVV95cUxON1lsZy1MRnI1S0NwZUFpdWVzYWMxWXRkdTdOZFJ0Rzh1T0xNaDJXNEpTN002SWl5OXA2UTBfQmhFT2t4cExMNzZVM3FIZ2pqR1VrZ3dyWU1kMUNMUjhWN0pnRVJGbTlyYlBCYmlGRGtOYVBzTWR3WklNTFJzekFKa1JwX09XSk9RdGpjM3UtcEsta1VCaVJN?oc=5\" target=\"_blank\" rel=\"nofollow noopener\">Tysv\u00e6r, Oslo | Flytter nasjonalskatt: \u2013 Vi er f\u00f8rst og fremst veldig stolte<\/a>&nbsp;&nbsp;Haugesunds Avis<\/li>\n<\/ol>\n","protected":false},"excerpt":{"rendered":"Osebergskipet har lagt ut p\u00e5 sin 86 meter lange ferd&nbsp;&nbsp;Teknisk Ukeblad Osebergskipet blir flytta for f\u00f8rste gong p\u00e5&hellip;\n","protected":false},"author":2,"featured_media":31897,"comment_status":"","ping_status":"","sticky":false,"template":"","format":"standard","meta":{"footnotes":""},"categories":[10],"tags":[2443,20,21,1406,24,25,15,22,23,13,30,28,29,14,16,26,27,5088,5089],"class_list":{"0":"post-31896","1":"post","2":"type-post","3":"status-publish","4":"format-standard","5":"has-post-thumbnail","7":"category-norge","8":"tag-arkitektur","9":"tag-breaking-news","10":"tag-breakingnews","11":"tag-bygg","12":"tag-featured-news","13":"tag-featurednews","14":"tag-headlines","15":"tag-latest-news","16":"tag-latestnews","17":"tag-news","18":"tag-no","19":"tag-norge","20":"tag-norway","21":"tag-nyheter","22":"tag-overskrifter","23":"tag-top-stories","24":"tag-topstories","25":"tag-vikingskipsmuseet","26":"tag-vikingtidsmuseet"},"share_on_mastodon":{"url":"","error":""},"_links":{"self":[{"href":"https:\/\/www.europesays.com\/no\/wp-json\/wp\/v2\/posts\/31896","targetHints":{"allow":["GET"]}}],"collection":[{"href":"https:\/\/www.europesays.com\/no\/wp-json\/wp\/v2\/posts"}],"about":[{"href":"https:\/\/www.europesays.com\/no\/wp-json\/wp\/v2\/types\/post"}],"author":[{"embeddable":true,"href":"https:\/\/www.europesays.com\/no\/wp-json\/wp\/v2\/users\/2"}],"replies":[{"embeddable":true,"href":"https:\/\/www.europesays.com\/no\/wp-json\/wp\/v2\/comments?post=31896"}],"version-history":[{"count":0,"href":"https:\/\/www.europesays.com\/no\/wp-json\/wp\/v2\/posts\/31896\/revisions"}],"wp:featuredmedia":[{"embeddable":true,"href":"https:\/\/www.europesays.com\/no\/wp-json\/wp\/v2\/media\/31897"}],"wp:attachment":[{"href":"https:\/\/www.europesays.com\/no\/wp-json\/wp\/v2\/media?parent=31896"}],"wp:term":[{"taxonomy":"category","embeddable":true,"href":"https:\/\/www.europesays.com\/no\/wp-json\/wp\/v2\/categories?post=31896"},{"taxonomy":"post_tag","embeddable":true,"href":"https:\/\/www.europesays.com\/no\/wp-json\/wp\/v2\/tags?post=31896"}],"curies":[{"name":"wp","href":"https:\/\/api.w.org\/{rel}","templated":true}]}}