{"id":31906,"date":"2025-09-10T17:58:22","date_gmt":"2025-09-10T17:58:22","guid":{"rendered":"https:\/\/www.europesays.com\/no\/31906\/"},"modified":"2025-09-10T17:58:22","modified_gmt":"2025-09-10T17:58:22","slug":"norge-testet-nytt-amerikansk-supervapen-i-norskehavet","status":"publish","type":"post","link":"https:\/\/www.europesays.com\/no\/31906\/","title":{"rendered":"Norge testet nytt amerikansk superv\u00e5pen i Norskehavet"},"content":{"rendered":"\n<p class=\"_lead_ew2ao_2 _lead_xtcu6_50 layout-component text-serif-m layout-normal text-serif-l layout-component layout-wide layout-padded _wide_17hqh_1 layout-padded\">Forsvaret har sammen med amerikanske styrker gjennomf\u00f8rt en test av et nytt presisjonsv\u00e5pen utenfor And\u00f8ya.<\/p>\n<p><img alt=\" Foto: Luftforsvaret\" class=\"_image_qp4xg_65 layout-component layout-wide\" data-fullscreen- data-track-element-type=\"Article image fullscreen\" data-track-name=\"ImageFullscreen\" fetchpriority=\"high\" decoding=\"sync\" loading=\"eager\" height=\"4000\" itemprop=\"image\"  src=\"https:\/\/www.europesays.com\/no\/wp-content\/uploads\/2025\/09\/59b14d2f-7da7-4f57-9824-f75b1afb06ff\"  style=\"object-position:0% 0%\" width=\"6000\"\/> Foto: Luftforsvaret<\/p>\n<ul aria-hidden=\"true\" class=\"_images_1y6fe_106\">\n<li><a class=\"_link_1y6fe_111\" href=\"https:\/\/www.vg.no\/forfatter\/silje-kathrine-sviggum\" style=\"z-index:1\" title=\"Silje Kathrine Sviggum\" rel=\"nofollow noopener\" target=\"_blank\"><img alt=\"Bilde av Silje Kathrine Sviggum\" class=\"_image_1y6fe_88\" fetchpriority=\"low\" loading=\"lazy\" decoding=\"async\" itemprop=\"image\"  src=\"https:\/\/www.europesays.com\/no\/wp-content\/uploads\/2025\/09\/1757527100_653_e676a608-6bb3-4134-98e2-0f7e4dee1ab7\"  width=\"480\"\/><\/a><\/li>\n<\/ul>\n<p> Oppdatert tirsdag 9. september kl. 21:01    <\/p>\n<ul class=\"_list_ew2ao_3 _list_64s2r_85 _unordered_ew2ao_99 text-sans-m\">\n<li class=\"_item_ew2ao_30\">Forsvaret og amerikanske styrker har testet et nytt presisjonsv\u00e5pen utenfor And\u00f8ya.<\/li>\n<li class=\"_item_ew2ao_30\">Fire norske F-35 og et P-8 Poseidon-fly deltok i testen sammen med et amerikansk B-2 Spirit bombefly.<\/li>\n<li class=\"_item_ew2ao_30\">Viseadmiral Rune Anderssen roser samarbeidet og omtaler det som viktig for \u00e5 sikre stabiliteten i nordomr\u00e5dene.<\/li>\n<\/ul>\n<p>Vis mer <\/p>\n<p class=\"_paragraph_ew2ao_4 _paragraph_xtcu6_10 layout-component text-serif-m layout-normal text-serif-m layout-padded\"><strong class=\"_strong_ew2ao_25\">Det opplyser Forsvarets operative hovedkvarter til VG.<\/strong><\/p>\n<p class=\"_paragraph_ew2ao_4 _paragraph_xtcu6_10 layout-component text-serif-m layout-normal text-serif-m layout-padded\">Fire norske F-35F-35Et moderne kampfly som brukes av flere land, inkludert Norge, kjent for sin avanserte teknologi og stealth-egenskaper. deltok i operasjonen.<\/p>\n<p class=\"_paragraph_ew2ao_4 _paragraph_xtcu6_10 layout-component text-serif-m layout-normal text-serif-m layout-padded\">Onsdag 3. september deltok fire norske F-35-fly og ett norsk P-8 Poseidon-flyP-8 Poseidon-flyEt maritimt patruljefly som brukes til overv\u00e5kning og anti-ub\u00e5tkrigf\u00f8ring. sammen med et amerikansk B-2 Spirit bombeflyB-2 Spirit bombeflyEt amerikansk stealth-bombefly designet for \u00e5 unng\u00e5 radar og levere presisjonsv\u00e5pen. i det som beskrives som et \u00ablangtrekkende angrepsscenario\u00bb.<\/p>\n<p class=\"_paragraph_ew2ao_4 _paragraph_xtcu6_10 layout-component text-serif-m layout-normal text-serif-m layout-padded\">Testen ble ansett som sv\u00e6rt vellykket, if\u00f8lge det amerikanske luftforsvaret,\u00a0<a href=\"https:\/\/www.53rdwing.af.mil\/News\/Article-Display\/Article\/4297924\/us-norway-test-maritime-strike-in-high-north\/\" class=\"_link_ew2ao_39\" rel=\"nofollow noopener\" target=\"_blank\">US Air Force<\/a>.<\/p>\n<p class=\"_paragraph_ew2ao_4 _paragraph_xtcu6_10 layout-component text-serif-m layout-normal text-serif-m layout-padded\">Ogs\u00e5 viseadmiral Rune Anderssen, sjef for Forsvarets operative hovedkvarter, er tilfreds:<\/p>\n<p class=\"_paragraph_ew2ao_4 _paragraph_xtcu6_10 layout-component text-serif-m layout-normal text-serif-m layout-padded\"><strong class=\"_strong_ew2ao_25\">\u2013 Vi er meget forn\u00f8yd med at amerikanerne \u00f8nsker \u00e5 teste slike nye v\u00e5pen sammen med norske styrker. Stabiliteten i nordomr\u00e5dene er viktig b\u00e5de for norsk, europeisk og amerikansk sikkerhet, sier han i en pressemelding.<\/strong><\/p>\n<p><img alt=\"Foto: Luftforsvaret\" class=\"_image_qp4xg_65 layout-component layout-normal\" data-fullscreen- data-track-element-type=\"Article image fullscreen\" data-track-name=\"ImageFullscreen\" decoding=\"async\" loading=\"lazy\" height=\"2605\" itemprop=\"image\"  src=\"https:\/\/www.europesays.com\/no\/wp-content\/uploads\/2025\/09\/69e00271-0616-4d3d-8d67-ffa1190eb152\"  style=\"object-position:0% 0%\" width=\"6000\"\/>Foto: Luftforsvaret<\/p>\n<ul class=\"_list_ew2ao_3 _list_xtcu6_9 _unordered_ew2ao_99 layout-component text-serif-m layout-normal text-serif-m layout-padded\">\n<li class=\"_item_ew2ao_30\">Det var det amerikanske B-2-flyet som avfyrte det nye nestegenerasjons presisjonsstyrte v\u00e5penet presisjonsstyrte v\u00e5penet V\u00e5pen som er designet for \u00e5 treffe m\u00e5l med h\u00f8y n\u00f8yaktighet, ofte ved hjelp av GPS eller laserstyring.mot et sj\u00f8m\u00e5l. <\/li>\n<li class=\"_item_ew2ao_30\">For \u00e5 gjennomf\u00f8re oppdraget ble det ogs\u00e5 benyttet kapasiteter fra blant annet det norske Sj\u00f8forsvaret og And\u00f8ya SpaceAnd\u00f8ya SpaceEn norsk romfartsbase som brukes til oppskyting av raketter og testing av milit\u00e6rt utstyr., i tillegg til flyene fra Luftforsvaret.<\/li>\n<li class=\"_item_ew2ao_30\">Operasjonen testet b\u00e5de det amerikanske v\u00e5penets ytelse og B-2-flyets evne til rekkevidde og fleksibilitet i et maritimt angrep.<\/li>\n<\/ul>\n<p class=\"_paragraph_ew2ao_4 _paragraph_xtcu6_10 layout-component text-serif-m layout-normal text-serif-m layout-padded\">Norge ga de amerikanske styrkene tilgang til infrastruktur og luftrom for \u00e5 gjennomf\u00f8re testen i det krevende milj\u00f8et, fremg\u00e5r det av pressemeldingen.<\/p>\n<p class=\"_paragraph_ew2ao_4 _paragraph_xtcu6_10 layout-component text-serif-m layout-normal text-serif-m layout-padded\">\u2013 Dette viser at USA prioriterer \u00e5 opprettholde stabilitet og sikkerhet i nordomr\u00e5dene, sier viseadmiral Rune Anderssen.<\/p>\n<p class=\"_paragraph_ew2ao_4 _paragraph_xtcu6_10 layout-component text-serif-m layout-normal text-serif-m layout-padded\">\u00d8velsen demonstrerte hvordan norsk og amerikansk luftmakt kan samarbeide s\u00f8ml\u00f8st for \u00e5 bekjempe m\u00e5l til sj\u00f8s under realistiske forhold, if\u00f8lge Forsvaret.<\/p>\n<p>Aktiver kart<\/p>\n<p class=\"_paragraph_ew2ao_4 _paragraph_xtcu6_10 layout-component text-serif-m layout-normal text-serif-m layout-padded\">I tillegg til det operative bidraget, ga Norge de amerikanske styrkene tilgang til infrastruktur og luftrom. Dette muliggjorde \u00e5 gjennomf\u00f8re testen i et krevende milj\u00f8.<\/p>\n<p class=\"_paragraph_ew2ao_4 _paragraph_xtcu6_10 layout-component text-serif-m layout-normal text-serif-m layout-padded\">\u2013 Dette er et tydelig eksempel p\u00e5 hvordan vi sammen med n\u00e6re allierte utvikler og tar i bruk nye kapasiteter raskere og smartere, sier oberst Scott Gunn i US Air Force 53rd Wing commander.<\/p>\n<p class=\"_paragraph_ew2ao_4 _paragraph_xtcu6_10 layout-component text-serif-m layout-normal text-serif-m layout-padded\">Han har ogs\u00e5 noen fyndige ord som f\u00e5r bli punchline:<\/p>\n<p class=\"_paragraph_ew2ao_4 _paragraph_xtcu6_10 layout-component text-serif-m layout-normal text-serif-m layout-padded\">\u2013 Vi forbereder oss ikke bare p\u00e5 morgendagen \u2013 vi former den sammen.<\/p>\n<p>    <img decoding=\"async\" alt=\"Tips oss illustrasjon\" width=\"62px\" height=\"auto\" src=\"https:\/\/www.europesays.com\/no\/wp-content\/uploads\/2025\/08\/1754784428_95_W9avJzE.png\"\/>    <\/p>\n<p class=\"title-serif-s\">Har du tips til oss?<\/p>\n<p class=\"text-sans-m\">Send oss informasjon, bilder eller video<\/p>\n<p>  <a href=\"https:\/\/www.vg.no\/tips-oss\" rel=\"nofollow noopener\" target=\"_blank\"> Tips oss <\/a>      <\/p>\n","protected":false},"excerpt":{"rendered":"Forsvaret har sammen med amerikanske styrker gjennomf\u00f8rt en test av et nytt presisjonsv\u00e5pen utenfor And\u00f8ya. Foto: Luftforsvaret Oppdatert&hellip;\n","protected":false},"author":2,"featured_media":31907,"comment_status":"","ping_status":"","sticky":false,"template":"","format":"standard","meta":{"footnotes":""},"categories":[10],"tags":[3396,31,20,21,24,25,1903,15,22,23,13,30,28,3580,29,14,16,26,27,46],"class_list":{"0":"post-31906","1":"post","2":"type-post","3":"status-publish","4":"format-standard","5":"has-post-thumbnail","7":"category-norge","8":"tag-andoya","9":"tag-breaking","10":"tag-breaking-news","11":"tag-breakingnews","12":"tag-featured-news","13":"tag-featurednews","14":"tag-forsvaret","15":"tag-headlines","16":"tag-latest-news","17":"tag-latestnews","18":"tag-news","19":"tag-no","20":"tag-norge","21":"tag-norskehavet","22":"tag-norway","23":"tag-nyheter","24":"tag-overskrifter","25":"tag-top-stories","26":"tag-topstories","27":"tag-vgai"},"share_on_mastodon":{"url":"","error":""},"_links":{"self":[{"href":"https:\/\/www.europesays.com\/no\/wp-json\/wp\/v2\/posts\/31906","targetHints":{"allow":["GET"]}}],"collection":[{"href":"https:\/\/www.europesays.com\/no\/wp-json\/wp\/v2\/posts"}],"about":[{"href":"https:\/\/www.europesays.com\/no\/wp-json\/wp\/v2\/types\/post"}],"author":[{"embeddable":true,"href":"https:\/\/www.europesays.com\/no\/wp-json\/wp\/v2\/users\/2"}],"replies":[{"embeddable":true,"href":"https:\/\/www.europesays.com\/no\/wp-json\/wp\/v2\/comments?post=31906"}],"version-history":[{"count":0,"href":"https:\/\/www.europesays.com\/no\/wp-json\/wp\/v2\/posts\/31906\/revisions"}],"wp:featuredmedia":[{"embeddable":true,"href":"https:\/\/www.europesays.com\/no\/wp-json\/wp\/v2\/media\/31907"}],"wp:attachment":[{"href":"https:\/\/www.europesays.com\/no\/wp-json\/wp\/v2\/media?parent=31906"}],"wp:term":[{"taxonomy":"category","embeddable":true,"href":"https:\/\/www.europesays.com\/no\/wp-json\/wp\/v2\/categories?post=31906"},{"taxonomy":"post_tag","embeddable":true,"href":"https:\/\/www.europesays.com\/no\/wp-json\/wp\/v2\/tags?post=31906"}],"curies":[{"name":"wp","href":"https:\/\/api.w.org\/{rel}","templated":true}]}}