{"id":319100,"date":"2026-08-11T10:46:15","date_gmt":"2026-08-11T10:46:15","guid":{"rendered":"https:\/\/www.europesays.com\/no\/319100\/"},"modified":"2026-08-11T10:46:15","modified_gmt":"2026-08-11T10:46:15","slug":"klatrestjernen-jake-whisenant-ble-bare-30-ar","status":"publish","type":"post","link":"https:\/\/www.europesays.com\/no\/319100\/","title":{"rendered":"Klatrestjernen Jake Whisenant ble bare 30 \u00e5r"},"content":{"rendered":"<p class=\"kicker \" style=\"\">Tragedie:<\/p>\n<p class=\"subtitle t30\" style=\"\">N\u00e5 deler s\u00f8steren en hjerteskj\u00e6rende melding etter ulykken: &#8211; Jeg kommer til \u00e5 lete etter deg.<\/p>\n<p>\n    UKLART: Verken familien eller det lokale politiet har g\u00e5tt ut med hva som egentlig skjedde 3. august i Sierra Nevada. Foto: Skjermbilde: @jakedoublejew \/ Instagram\n  <\/p>\n<p>Den amerikanske klatrestjernen Jake Whisenant (30) d\u00f8de 3. august etter en ulykke i Sierra Nevada i California, melder <a href=\"https:\/\/www.dailymail.com\/sport\/othersports\/article-16040617\/jake-whisenant-yosemite-climber-death-california.html\" rel=\"nofollow noopener\" target=\"_blank\">Daily Mail.<\/a><\/p>\n<p>N\u00e5 har s\u00f8steren Bailee Moore delt sorgen med f\u00f8lgerne sine p\u00e5 Instagram.<\/p>\n<p>        <img loading=\"lazy\" decoding=\"async\" src=\"https:\/\/www.europesays.com\/no\/wp-content\/uploads\/2026\/08\/84995782.webp\" width=\"667\" height=\"614\" alt=\"\" class=\"\" style=\"--aspect-ratio-image: 1.09; \"\/><\/p>\n<p>\n        MANGE MINNER: Jake delte jevnt og trutt bilder fra sitt spennende liv. Foto: @jakedoublejew \/ Instagram\n    <\/p>\n<p>Sammen med en rekke private bilder fra barndommen og oppveksten har hun skrevet en f\u00f8lelsesladet avskjed til broren.<\/p>\n<p>        Mistet kona og barna \u2013 n\u00e5 snakker han ut \/\/ Foto:  Instagram &#8211; Privat \/\/ Stemme: AI \/\/ Klipp: Nico Aagaard<\/p>\n<p class=\"font-weight-bold m-font-weight-bold\" data-lab-font_weight=\"font-weight-bold\">\u00abDet er med et ufattelig tungt hjerte jeg deler at min livslange venn og fortrolige, Jacob Daniel Whisenant, har g\u00e5tt bort\u00bb, skriver Bailee.<\/p>\n<p>Hun forteller at familien er knust etter d\u00f8dsfallet.<\/p>\n<p>        <img loading=\"lazy\" decoding=\"async\" src=\"https:\/\/www.europesays.com\/no\/wp-content\/uploads\/2026\/08\/84995850.webp\" width=\"667\" height=\"728\" alt=\"\" class=\"\" style=\"--aspect-ratio-image: 0.92; \"\/><\/p>\n<p>\n        STORES\u00d8STER: Bailee har lastet opp mange minner fra fotoalbumet sitt til Instagram. I et hjerteskj\u00e6rende innlegg tar hun farvel. Foto: Skjermbile: @baileekmoore \/ Instagram\n    <\/p>\n<p>\u00abFamilien v\u00e5r er fullstendig knust over denne nyheten, men finner tr\u00f8st i vissheten om at Jake d\u00f8de mens han gjorde det han elsket, i vakre Sierra Nevada\u00bb, fortsetter hun.\u00a0<\/p>\n<p>Til slutt tar hun et sterkt farvel med broren:<\/p>\n<p class=\"font-weight-bold m-font-weight-bold\" data-lab-font_weight=\"font-weight-bold\">\u00abJeg kommer til \u00e5 lete etter deg i hvert eneste liv, broren min. Hvil n\u00e5 h\u00f8yt oppe i fjellene\u00bb.\u00a0<\/p>\n<p>        \u2013 Vi kommer alltid til \u00e5 elske deg s\u00e5 h\u00f8yt \/\/ Foto:  Instagram, Privat, TikTok \/\/ Stemme: AI \/\/ Klipp: Nico Aagaard <\/p>\n<p>F\u00e5 detaljer offentliggjort\u00a0\t<\/p>\n<p>Bildene Bailee har delt viser flere private \u00f8yeblikk fra s\u00f8skenenes oppvekst og gir et personlig innblikk i livet deres sammen lenge f\u00f8r Jake gjorde seg bemerket som klatrer.<\/p>\n<p>        <img loading=\"lazy\" decoding=\"async\" src=\"https:\/\/www.europesays.com\/no\/wp-content\/uploads\/2026\/08\/84995781.webp\" width=\"667\" height=\"881\" alt=\"\" class=\"\" style=\"--aspect-ratio-image: 0.76; \"\/><\/p>\n<p>\n        SELFIE: Her tar Jake en selfie som han delte til sine mange f\u00f8lgere. N\u00e5 er 30-\u00e5ringen blitt erkl\u00e6rt d\u00f8d etter en ulykke: Foto: Skjermbilde: @jakedoublejew \/ Instagram\n    <\/p>\n<p>If\u00f8lge Tulare County Sheriff&#8217;s Office Coroner d\u00f8de Jake 3. august. D\u00f8dsfallet er registrert som en ulykke, men myndighetene har ikke offentliggjort n\u00e6rmere detaljer om hva som skjedde.\u00a0 Det har heller ikke familien.<\/p>\n<p>Som TMZ har omtalt, skal vitner imidlertid ha sett Whisenant falle. De hevder at han d\u00f8de momentant. Resultatene fra de toksikologiske pr\u00f8vene er fortsatt ikke klare, skriver <a href=\"https:\/\/www.dailymail.com\/sport\/othersports\/article-16043125\/Cause-death-revealed-record-breaking-climber-Jake-Whisenant.html\" rel=\"nofollow noopener\" target=\"_blank\">Daily Mail<\/a>.<\/p>\n<p>\u00abDen kjente rekordklatreren Jake Whisenant d\u00f8de av skader etter kraftig stump vold, etter at han falt under en klatretur\u00bb, f\u00e5r <a href=\"https:\/\/www.tmz.com\/2026\/08\/10\/jake-whisenant-cause-of-death\/\" rel=\"nofollow noopener\" target=\"_blank\">TMZ<\/a> opplyst.<\/p>\n<p>    <a itemprop=\"url\" href=\"https:\/\/www.seher.no\/kongelig\/vennen-dode-av-kokainmisbruk\/84958316\" rel=\"nofollow noopener\" target=\"_blank\"><\/p>\n<p>        <img loading=\"lazy\" decoding=\"async\" src=\"https:\/\/www.europesays.com\/no\/wp-content\/uploads\/2026\/08\/84958337.webp\" width=\"147\" height=\"98\" alt=\"\" class=\"lazyload\" style=\"--aspect-ratio-image: 1.50; \"\/><\/p>\n<p>        Vennen d\u00f8de av kokainmisbruk<\/p>\n<p>    <\/a><\/p>\n<p class=\"font-weight-bold m-font-weight-bold\" data-lab-font_weight=\"font-weight-bold\">Jake var kjent i det amerikanske klatremilj\u00f8et og hadde satt flere oppsiktsvekkende prestasjoner p\u00e5 El Capitan i Yosemite.<\/p>\n<p>I oktober 2024 klatret Jake og Brant Hysell ruten \u00abLurking Fear\u00bb p\u00e5 to timer, 55 minutter og 32 sekunder, noe som ble omtalt som ny fartsrekord p\u00e5 ruten.<\/p>\n<p>Varme ord etter bortgangen\t<\/p>\n<p>Kondolansene har str\u00f8mmet inn etter d\u00f8dsfallet, og flere venner beskriver sorgen som bunnl\u00f8s.<\/p>\n<p>        Prinsesse Ingrid Alexandra vekker oppsikt med detalj p\u00e5 f\u00f8rste skoledag \/\/ Foto: NTB \/\/ Video: Sofia Bj\u00f6rlin \/\/ Lyd: Epidemic Sound \/\/ Klipp: Nico Aagaard<\/p>\n<p>\u00abHjertet mitt er knust. Jake var et lys i denne verden\u00bb, skriver Kate Winterholler under innlegget.<\/p>\n<p>Ogs\u00e5 Jack Neus minnes ham med sterke ord:<\/p>\n<p>\u00abJake var en av favorittpersonene mine i hele verden. Mange av mine beste dager i fjellene var sammen med ham. Jeg beundret styrken, roen, omtanken og den urokkelige optimismen hans. Jeg kan ikke tro at han er borte\u00bb.<\/p>\n<p>En annen venn, som forteller at han hadde klatret sammen med Jake de siste m\u00e5nedene, skriver:<\/p>\n<p>\u00abDet er minner jeg kommer til \u00e5 ta vare p\u00e5 resten av livet\u00bb.<\/p>\n<p>Flere trekker ogs\u00e5 frem Jakes kj\u00e6rlighet til fjellene. Kaley Pavalko skriver:<\/p>\n<p>\u00abHan sitter p\u00e5 det h\u00f8yeste fjellet i himmelen, sammen med deg og passer alltid p\u00e5 deg\u00bb.<\/p>\n<p>S\u00e5 sent som i mai gjennomf\u00f8rte Jake og Noah Fox \u00abThe Nose\u00bb p\u00e5 El Capitan to ganger p\u00e5 \u00e9n dag.<\/p>\n<p class=\"font-weight-bold m-font-weight-bold\" data-lab-font_weight=\"font-weight-bold\">N\u00e5 er det derimot minnene om personen bak klatreprestasjonene som st\u00e5r i sentrum.<\/p>\n","protected":false},"excerpt":{"rendered":"Tragedie: N\u00e5 deler s\u00f8steren en hjerteskj\u00e6rende melding etter ulykken: &#8211; Jeg kommer til \u00e5 lete etter deg. UKLART:&hellip;\n","protected":false},"author":2,"featured_media":319101,"comment_status":"","ping_status":"","sticky":false,"template":"","format":"standard","meta":{"footnotes":"","_share_on_mastodon":"0"},"categories":[58],"tags":[4104,71,25441,479,30,28,29,8786,72],"class_list":["post-319100","post","type-post","status-publish","format-standard","has-post-thumbnail","category-underholdning","tag-eksklusivt","tag-entertainment","tag-jake-whisenant","tag-kjendis","tag-no","tag-norge","tag-norway","tag-sierra-nevada","tag-underholdning"],"share_on_mastodon":{"url":"https:\/\/pubeurope.com\/@no\/117076478950865982","error":""},"_links":{"self":[{"href":"https:\/\/www.europesays.com\/no\/wp-json\/wp\/v2\/posts\/319100","targetHints":{"allow":["GET"]}}],"collection":[{"href":"https:\/\/www.europesays.com\/no\/wp-json\/wp\/v2\/posts"}],"about":[{"href":"https:\/\/www.europesays.com\/no\/wp-json\/wp\/v2\/types\/post"}],"author":[{"embeddable":true,"href":"https:\/\/www.europesays.com\/no\/wp-json\/wp\/v2\/users\/2"}],"replies":[{"embeddable":true,"href":"https:\/\/www.europesays.com\/no\/wp-json\/wp\/v2\/comments?post=319100"}],"version-history":[{"count":0,"href":"https:\/\/www.europesays.com\/no\/wp-json\/wp\/v2\/posts\/319100\/revisions"}],"wp:featuredmedia":[{"embeddable":true,"href":"https:\/\/www.europesays.com\/no\/wp-json\/wp\/v2\/media\/319101"}],"wp:attachment":[{"href":"https:\/\/www.europesays.com\/no\/wp-json\/wp\/v2\/media?parent=319100"}],"wp:term":[{"taxonomy":"category","embeddable":true,"href":"https:\/\/www.europesays.com\/no\/wp-json\/wp\/v2\/categories?post=319100"},{"taxonomy":"post_tag","embeddable":true,"href":"https:\/\/www.europesays.com\/no\/wp-json\/wp\/v2\/tags?post=319100"}],"curies":[{"name":"wp","href":"https:\/\/api.w.org\/{rel}","templated":true}]}}