{"id":31915,"date":"2025-09-10T18:17:09","date_gmt":"2025-09-10T18:17:09","guid":{"rendered":"https:\/\/www.europesays.com\/no\/31915\/"},"modified":"2025-09-10T18:17:09","modified_gmt":"2025-09-10T18:17:09","slug":"meninger-navnet-store-ikke-blir-kvitt-tutti-frutti","status":"publish","type":"post","link":"https:\/\/www.europesays.com\/no\/31915\/","title":{"rendered":"Meninger: Navnet St\u00f8re ikke blir kvitt: Tutti frutti"},"content":{"rendered":"\n<p class=\"_lead_ew2ao_2 _lead_xtcu6_50 layout-component text-serif-m layout-normal text-serif-l layout-component layout-normal layout-padded layout-padded\">Statsministeren liker det ikke. Men \u00abtutti frutti\u00bb er ganske treffende.<\/p>\n<p>Er fra Nordm\u00f8re, bor i Surnadal. Pendler til Oslo. Skriver om alt fra norsk politikk til kj\u00f8nn, kongehus, energi, sosiale medier og krim. <\/p>\n<p><a href=\"https:\/\/www.vg.no\/nyheter\/i\/Pp7067\/mailto:astrid.meland@vg.no\" class=\"_button_6bkpv_2 button-label-large _filled_6bkpv_106 _button_43ilh_75\" rel=\"nofollow noopener\" target=\"_blank\">E-post<\/a><img alt=\"MONO FRUTTI: Jonas Gahr St\u00f8re er statsminister og ikke finansminister.  Foto: Thomas Nilsson \/ VG\" class=\"_image_qp4xg_65 layout-component layout-wide\" data-fullscreen- data-track-element-type=\"Article image fullscreen\" data-track-name=\"ImageFullscreen\" fetchpriority=\"high\" decoding=\"sync\" loading=\"eager\" height=\"3624\" itemprop=\"image\"  src=\"https:\/\/www.europesays.com\/no\/wp-content\/uploads\/2025\/09\/383b4c36-68d0-41fd-8e2e-febf9cda1dbd\"  style=\"object-position:0% 0%\" width=\"4800\"\/>MONO FRUTTI: Jonas Gahr St\u00f8re er statsminister og ikke finansminister.  Foto: Thomas Nilsson \/ VGOnsdag 10. september kl. 19:40    <\/p>\n<ul class=\"_list_ew2ao_3 _list_64s2r_85 _unordered_ew2ao_99 text-sans-m\">\n<li class=\"_item_ew2ao_30\">Jonas Gahr St\u00f8re liker ikke kallenavnet \u00abtutti frutti\u00bb, men det kan bli vanskelig \u00e5 bli kvitt, mener VGs kommentator. <\/li>\n<li class=\"_item_ew2ao_30\">Navnet passer godt p\u00e5 de nye regjeringskameratene som best\u00e5r av fem partier. <\/li>\n<li class=\"_item_ew2ao_30\">N\u00e5r s\u00e5 mange partier trengs for \u00e5 f\u00e5 flertall, kan det f\u00f8re til mindre forutsigbarhet, mer maktspill og \u00f8kt oljepengebruk. <\/li>\n<\/ul>\n<p class=\"_paragraph_ew2ao_4 _paragraph_64s2r_81 text-sans-m\">Dette er en kommentar. Kommentaren gir uttrykk for skribentens holdning.<\/p>\n<p>Vis mer <\/p>\n<p class=\"_paragraph_ew2ao_4 _paragraph_xtcu6_10 layout-component text-serif-m layout-normal text-serif-m layout-padded\">Med alderen kommer trangen til \u00e5 rette p\u00e5 andre. <\/p>\n<p class=\"_paragraph_ew2ao_4 _paragraph_xtcu6_10 layout-component text-serif-m layout-normal text-serif-m layout-padded\">P\u00e5 Facebook kunne mange hatt godt av en egen selvhjelpsgruppe mot \u00e5 bruke r\u00f8dblyanten. <\/p>\n<p class=\"_paragraph_ew2ao_4 _paragraph_xtcu6_10 layout-component text-serif-m layout-normal text-serif-m layout-padded\"><a href=\"https:\/\/www.vg.no\/tag\/jonas-gahr-stoere?utm_source=vg-article&amp;utm_medium=auto-tagger&amp;utm_campaign=Pp7067\" class=\"_link_ew2ao_39\" rel=\"nofollow noopener\" target=\"_blank\">Jonas Gahr St\u00f8re<\/a> holdt seg riktignok i skinnet da Jens Stoltenberg dagen etter valget kalte<a href=\"https:\/\/www.tiktok.com\/@vgnett\/video\/7548086158329122070?lang=nb\" class=\"_link_ew2ao_39\" rel=\"nofollow noopener\" target=\"_blank\"> seg selv <\/a>for \u00abstatsminister\u00bb. Enda mer dr\u00f8yt: Han kalte St\u00f8re for finansminister.<\/p>\n<p class=\"_paragraph_ew2ao_4 _paragraph_xtcu6_10 layout-component text-serif-m layout-normal text-serif-m layout-padded\">Men St\u00f8re var opptatt med en annen kjepphest. <\/p>\n<p class=\"_paragraph_ew2ao_4 _paragraph_xtcu6_10 layout-component text-serif-m layout-normal text-serif-m layout-padded\">Han mener regjeringskameratenes nye kallenavn \u00abtutti frutti\u00bb ikke passer.<\/p>\n<p class=\"_paragraph_ew2ao_4 _paragraph_xtcu6_10 layout-component text-serif-m layout-normal text-serif-m layout-padded\">Men det navnet har festet seg nettopp fordi det passer. <\/p>\n<p class=\"_paragraph_ew2ao_4 _paragraph_xtcu6_10 layout-component text-serif-m layout-normal text-serif-m layout-padded\">For f\u00f8rste gang i historien er fem partier med p\u00e5 \u00e5 sikre flertall: Ap, Sp, SV, R\u00f8dt og MDG. <\/p>\n<p class=\"_paragraph_ew2ao_4 _paragraph_xtcu6_10 layout-component text-serif-m layout-normal text-serif-m layout-padded\">En italiensk fruktsalat med mange farger og smaker. Noen gr\u00f8nne og umodne, andre overmodne r\u00f8de. En og annen kandisert n\u00f8tt. Noen kan snart komme til \u00e5 kalle andre for r\u00e5tne bl\u00e5b\u00e6r eller en overl\u00f8per av en banan. <\/p>\n<p class=\"_paragraph_ew2ao_4 _paragraph_xtcu6_10 layout-component text-serif-m layout-normal text-serif-m layout-padded\">I kulissene p\u00e5 Stortinget forberedes budsjettspillet. <\/p>\n<p class=\"_paragraph_ew2ao_4 _paragraph_xtcu6_10 layout-component text-serif-m layout-normal text-serif-m layout-padded\">De sm\u00e5 partiene som st\u00f8tter Ap, vurderer hva de kan presse ut av St\u00f8re og regjeringen i forhandlingene.<\/p>\n<p class=\"_paragraph_ew2ao_4 _paragraph_xtcu6_10 layout-component text-serif-m layout-normal text-serif-m layout-padded\">Klimam\u00e5l? Havvind? Ny kabel til utlandet? Stanse Melk\u00f8ya? <\/p>\n<p class=\"_paragraph_ew2ao_4 _paragraph_xtcu6_10 layout-component text-serif-m layout-normal text-serif-m layout-padded\">Samtidig ringer konkurrentene for \u00e5 fiske st\u00f8tte, mens b\u00e5de h\u00f8yre- og venstresiden p\u00e5st\u00e5r at partier i midten (Sp, KrF) er p\u00e5 deres side.<\/p>\n<p><img alt=\"BLE SENSURERT: Little Richard.   Foto: \u00d8rjan Ellingv\u00e5g \/ VG\" class=\"_image_qp4xg_65 layout-component layout-normal\" data-fullscreen- data-track-element-type=\"Article image fullscreen\" data-track-name=\"ImageFullscreen\" decoding=\"async\" loading=\"lazy\" height=\"3238\" itemprop=\"image\"  src=\"https:\/\/www.europesays.com\/no\/wp-content\/uploads\/2025\/09\/61a68ed8-863c-4a5f-ad97-ec2f3d84e0d7\"  style=\"object-position:0% 0%\" width=\"4856\"\/>BLE SENSURERT: Little Richard.   Foto: \u00d8rjan Ellingv\u00e5g \/ VG<\/p>\n<p class=\"_paragraph_ew2ao_4 _paragraph_xtcu6_10 layout-component text-serif-m layout-normal text-serif-m layout-padded\">Resultatet blir mer maktspill i Stortinget, mindre forutsigbarhet og mer kaos.<\/p>\n<p class=\"_paragraph_ew2ao_4 _paragraph_xtcu6_10 layout-component text-serif-m layout-normal text-serif-m layout-padded\">En god del problemer alts\u00e5. <\/p>\n<p class=\"_paragraph_ew2ao_4 _paragraph_xtcu6_10 layout-component text-serif-m layout-normal text-serif-m layout-padded\">St\u00f8re hevder han sier nei til kallenavnet fordi det minner om godteri og barndom. <\/p>\n<p class=\"_paragraph_ew2ao_4 _paragraph_xtcu6_10 layout-component text-serif-m layout-normal text-serif-m layout-padded\">Men det er ikke egentlig det som er saken. <\/p>\n<p class=\"_paragraph_ew2ao_4 _paragraph_xtcu6_10 layout-component text-serif-m layout-normal text-serif-m layout-padded\">Han liker bare ikke \u00e5 bli ertet.<\/p>\n<p><img alt=\"TUTTI FRUTTI: Det gjelder \u00e5 velge rett str\u00f8ssel for den nye regjeringen.   Foto: Krister S\u00f8rb\u00f8 \/ VG\" class=\"_image_qp4xg_65 layout-component layout-normal\" data-fullscreen- data-track-element-type=\"Article image fullscreen\" data-track-name=\"ImageFullscreen\" decoding=\"async\" loading=\"lazy\" height=\"3840\" itemprop=\"image\"  src=\"https:\/\/www.europesays.com\/no\/wp-content\/uploads\/2025\/09\/8b1fb563-a3d4-466e-a5c1-95a6127a53e4\"  style=\"object-position:0% 0%\" width=\"5760\"\/>TUTTI FRUTTI: Det gjelder \u00e5 velge rett str\u00f8ssel for den nye regjeringen.   Foto: Krister S\u00f8rb\u00f8 \/ VG<\/p>\n<p class=\"_paragraph_ew2ao_4 _paragraph_xtcu6_10 layout-component text-serif-m layout-normal text-serif-m layout-padded\">Det morsomste er at \u00abtutti frutti\u00bb ogs\u00e5 har en annen betydning. Den skeive rockelegenden Little Richard ud\u00f8deliggjorde uttrykket i l\u00e5ten \u00abTutti Frutti\u00bb.  <\/p>\n<p class=\"_paragraph_ew2ao_4 _paragraph_xtcu6_10 layout-component text-serif-m layout-normal text-serif-m layout-padded\">Det han opprinnelig sang var: \u00abTutti Frutti, good booty.\u00bb <\/p>\n<p class=\"_paragraph_ew2ao_4 _paragraph_xtcu6_10 layout-component text-serif-m layout-normal text-serif-m layout-padded\">Plateselskapet sensurerte bort de eksplisitte linjene og byttet \u00abbooty\u00bb (rumpe) med det intetsigende \u00abaw rooty\u00bb. Men energien skinte gjennom.<\/p>\n<p><img alt=\"VANT VALGET: St\u00f8re er fortsatt statsminister selv om Jens Stoltenberg roter med begrepene.   Foto: Thomas Nilsson \/ VG\" class=\"_image_qp4xg_65 layout-component layout-normal\" data-fullscreen- data-track-element-type=\"Article image fullscreen\" data-track-name=\"ImageFullscreen\" decoding=\"async\" loading=\"lazy\" height=\"3200\" itemprop=\"image\"  src=\"https:\/\/www.europesays.com\/no\/wp-content\/uploads\/2025\/09\/45036c71-2b41-4f1e-871f-1df8af6126ed\"  style=\"object-position:0% 0%\" width=\"4800\"\/>VANT VALGET: St\u00f8re er fortsatt statsminister selv om Jens Stoltenberg roter med begrepene.   Foto: Thomas Nilsson \/ VG<\/p>\n<p class=\"_paragraph_ew2ao_4 _paragraph_xtcu6_10 layout-component text-serif-m layout-normal text-serif-m layout-padded\">Kanskje noen i KrF faktisk har tipset St\u00f8re om at \u00abtutti frutti\u00bb egentlig handler om homosex? <\/p>\n<p class=\"_paragraph_ew2ao_4 _paragraph_xtcu6_10 layout-component text-serif-m layout-normal text-serif-m layout-padded\">I s\u00e5 fall er St\u00f8re ogs\u00e5 blitt anti-woke. <\/p>\n<p class=\"_paragraph_ew2ao_4 _paragraph_xtcu6_10 layout-component text-serif-m layout-normal text-serif-m layout-padded\">At begrepet minner ham om godteri er i hvert fall ikke problemet. <\/p>\n<p class=\"_paragraph_ew2ao_4 _paragraph_xtcu6_10 layout-component text-serif-m layout-normal text-serif-m layout-padded\">Det er vel mer at det rent faktisk kan bli tutti problemer fremover.  <\/p>\n<p class=\"_paragraph_ew2ao_4 _paragraph_xtcu6_10 layout-component text-serif-m layout-normal text-serif-m layout-padded\">Jens Stoltenberg, eller statsministeren som han kalte seg, m\u00e5 bla opp oljepenger, mot sin egen overbevisning. Og Jonas Gahr St\u00f8re? <\/p>\n<p><img alt=\"KOM OVER SPERREGRENSEN: MDG og de andre partiene p\u00e5 venstre side vil kreve politiske seiere fremover.   Foto: Kyrre Lien \/ VG\" class=\"_image_qp4xg_65 layout-component layout-normal\" data-fullscreen- data-track-element-type=\"Article image fullscreen\" data-track-name=\"ImageFullscreen\" decoding=\"async\" loading=\"lazy\" height=\"5464\" itemprop=\"image\"  src=\"https:\/\/www.europesays.com\/no\/wp-content\/uploads\/2025\/09\/83123828-30be-4107-9283-eeb21df79e9a\"  style=\"object-position:0% 0%\" width=\"8192\"\/>KOM OVER SPERREGRENSEN: MDG og de andre partiene p\u00e5 venstre side vil kreve politiske seiere fremover.   Foto: Kyrre Lien \/ VG<\/p>\n<p class=\"_paragraph_ew2ao_4 _paragraph_xtcu6_10 layout-component text-serif-m layout-normal text-serif-m layout-padded\">Han er statsminister, men blir neppe sl\u00f8seriombudsmann. Og han blir heller ikke kvitt tutti frutti. <\/p>\n<p class=\"_paragraph_ew2ao_4 _paragraph_xtcu6_10 layout-component text-serif-m layout-normal text-serif-m layout-padded\">For det \u00e5 reservere seg mot et kallenavn er nyttel\u00f8st. <\/p>\n<p class=\"_paragraph_ew2ao_4 _paragraph_xtcu6_10 layout-component text-serif-m layout-normal text-serif-m layout-padded\">Det er som studenten som hilste alle f\u00f8rste dag og sa: \u00abJeg har et kallenavn jeg ikke vil at dere bruker.\u00bb<\/p>\n<p class=\"_paragraph_ew2ao_4 _paragraph_xtcu6_10 layout-component text-serif-m layout-normal layout-padded\"><strong class=\"_strong_ew2ao_25\">Les ogs\u00e5:<\/strong> <a href=\"https:\/\/www.vg.no\/i\/KMoboG\" data-track-element-type=\"Link\" data-track-id=\"link:KMoboG\" class=\"_link_ew2ao_39\" rel=\"nofollow noopener\" target=\"_blank\">Tutti frutti-regjeringen<\/a><\/p>\n<p>   Dette er en kommentar. Kommentaren gir uttrykk for skribentens holdning. <script async src=\"\/\/www.tiktok.com\/embed.js\"><\/script><\/p>\n","protected":false},"excerpt":{"rendered":"Statsministeren liker det ikke. Men \u00abtutti frutti\u00bb er ganske treffende. Er fra Nordm\u00f8re, bor i Surnadal. Pendler til&hellip;\n","protected":false},"author":2,"featured_media":31916,"comment_status":"","ping_status":"","sticky":false,"template":"","format":"standard","meta":{"footnotes":""},"categories":[10],"tags":[20,21,24,25,15,240,201,22,23,13,30,28,29,14,16,26,27,103],"class_list":{"0":"post-31915","1":"post","2":"type-post","3":"status-publish","4":"format-standard","5":"has-post-thumbnail","7":"category-norge","8":"tag-breaking-news","9":"tag-breakingnews","10":"tag-featured-news","11":"tag-featurednews","12":"tag-headlines","13":"tag-jens-stoltenberg","14":"tag-jonas-gahr-store","15":"tag-latest-news","16":"tag-latestnews","17":"tag-news","18":"tag-no","19":"tag-norge","20":"tag-norway","21":"tag-nyheter","22":"tag-overskrifter","23":"tag-top-stories","24":"tag-topstories","25":"tag-vgmeninger"},"share_on_mastodon":{"url":"","error":""},"_links":{"self":[{"href":"https:\/\/www.europesays.com\/no\/wp-json\/wp\/v2\/posts\/31915","targetHints":{"allow":["GET"]}}],"collection":[{"href":"https:\/\/www.europesays.com\/no\/wp-json\/wp\/v2\/posts"}],"about":[{"href":"https:\/\/www.europesays.com\/no\/wp-json\/wp\/v2\/types\/post"}],"author":[{"embeddable":true,"href":"https:\/\/www.europesays.com\/no\/wp-json\/wp\/v2\/users\/2"}],"replies":[{"embeddable":true,"href":"https:\/\/www.europesays.com\/no\/wp-json\/wp\/v2\/comments?post=31915"}],"version-history":[{"count":0,"href":"https:\/\/www.europesays.com\/no\/wp-json\/wp\/v2\/posts\/31915\/revisions"}],"wp:featuredmedia":[{"embeddable":true,"href":"https:\/\/www.europesays.com\/no\/wp-json\/wp\/v2\/media\/31916"}],"wp:attachment":[{"href":"https:\/\/www.europesays.com\/no\/wp-json\/wp\/v2\/media?parent=31915"}],"wp:term":[{"taxonomy":"category","embeddable":true,"href":"https:\/\/www.europesays.com\/no\/wp-json\/wp\/v2\/categories?post=31915"},{"taxonomy":"post_tag","embeddable":true,"href":"https:\/\/www.europesays.com\/no\/wp-json\/wp\/v2\/tags?post=31915"}],"curies":[{"name":"wp","href":"https:\/\/api.w.org\/{rel}","templated":true}]}}