{"id":31917,"date":"2025-09-10T18:18:08","date_gmt":"2025-09-10T18:18:08","guid":{"rendered":"https:\/\/www.europesays.com\/no\/31917\/"},"modified":"2025-09-10T18:18:08","modified_gmt":"2025-09-10T18:18:08","slug":"bilbrann-pa-e6-skaper-ko-dagbladet","status":"publish","type":"post","link":"https:\/\/www.europesays.com\/no\/31917\/","title":{"rendered":"Bilbrann p\u00e5 E6 skaper k\u00f8 &#8211; Dagbladet"},"content":{"rendered":"<ol>\n<li><a href=\"https:\/\/news.google.com\/rss\/articles\/CBMidEFVX3lxTE1Yd0RwclFoX1lPN0ZGN20za2xJRFYxZjJfRmMzMUtoUzdIaENFVlFvNzY1ZmQzVVJUVDFqWWZMQUh6NzlaQUZTOURnV2NVMEVBWERfNjI2cEh3c0pSWmhGdUNnbGl0QWRfZDYtcVRnRDNwcTNY?oc=5\" target=\"_blank\" rel=\"nofollow noopener\">Bilbrann p\u00e5 E6 skaper k\u00f8<\/a>&nbsp;&nbsp;Dagbladet<\/li>\n<li><a href=\"https:\/\/news.google.com\/rss\/articles\/CBMipgFBVV95cUxOY21INVpYQUEwQ1RpcGpGeEhfN240RUpDMDVLSjlScmVHNDVMWVNkc1dWakFreVZRU3NwUE5QMlZVMk9uYWJjOVZFQ19sZVVQalhLNWxxaFRMVkxEYTFodFQ0TU1DMGVhR0ZGbWFvbVVOS29KUkRIY1hhQUQyb1l4azA5Nm9xSWpDclNGSDU3bk9nU1hLOTRlVTZ6d253WlBhWlhHZW5n?oc=5\" target=\"_blank\" rel=\"nofollow noopener\">Nyhet, Oslofjordtunnelen | Tor Erik fra S\u00e6tre havnet midt i brannkaoset: \u2013 Det var ganske tjukk r\u00f8yk<\/a>&nbsp;&nbsp;Drammens Tidende<\/li>\n<li><a href=\"https:\/\/news.google.com\/rss\/articles\/CBMiiwFBVV95cUxPYnZ0a2I2dWFoeThQUDhHOHJtV2c1d3RNam14SERLZzJhNlV1VmFGTHVZVnlrYVo0MC0xVGJGZHR3S0xjb0VHSGh4YlJPQkJSVXBhbjBTOEk4b0tsSEJ4Q0RXMGN6N2ItU2JDUUxuaXFMTzdMRWFzSEYzUWhZOVlJaEl4SW90MUpnUFNZ?oc=5\" target=\"_blank\" rel=\"nofollow noopener\">Ulykker og hendelser, S\u00e6tre | Oslofjordtunnelen stengt etter r\u00f8ykutvikling i en lastebil<\/a>&nbsp;&nbsp;R\u00f8yken og Hurums Avis<\/li>\n<li><a href=\"https:\/\/news.google.com\/rss\/articles\/CBMiqAFBVV95cUxPM2ZwNVdfTWZDbG1icUhIcjUxVW1kQTdrNXpGS0t4dS05WTZiY1dZMXllVlY0V3NhNEFkRUdFc29zY3JYU2hfbFBGUF9fdGhyX0pfano4YkFjdVNhckNMT0lsV0pPeWl3V2xQMlNoMjNXUjF4MzdtNDA4WVZaWXpSS0Jsa2FMWFpLZWdwblpHZE1BbjU0ZFFYUlFJRS1uVXI5TllpbWYzOXY?oc=5\" target=\"_blank\" rel=\"nofollow noopener\">R\u00f8ykutvikling fra lastebil i Oslofjordtunnelen \u2013 tunnelen stengt<\/a>&nbsp;&nbsp;Aftenposten<\/li>\n<li><a href=\"https:\/\/news.google.com\/rss\/articles\/CBMiY0FVX3lxTE9kcDctRnRDbjN2YjM5cnJrdzVlMnVtNHpLN0tyNlJ1a1N1bmhoTGZqeS1kZHpYR2lnblpXN1JwYmdvaksybWJBUDEzaHljTVdvcmRJWnpkTkNLaUE3Tms1WmRTWQ?oc=5\" target=\"_blank\" rel=\"nofollow noopener\">Politi, Nyheter | Bilbrann p\u00e5 E6<\/a>&nbsp;&nbsp;Romerikes Blad<\/li>\n<\/ol>\n","protected":false},"excerpt":{"rendered":"Bilbrann p\u00e5 E6 skaper k\u00f8&nbsp;&nbsp;Dagbladet Nyhet, Oslofjordtunnelen | Tor Erik fra S\u00e6tre havnet midt i brannkaoset: \u2013 Det&hellip;\n","protected":false},"author":2,"featured_media":31918,"comment_status":"","ping_status":"","sticky":false,"template":"","format":"standard","meta":{"footnotes":""},"categories":[5],"tags":[20,21,24,25,15,19,2539,22,23,17,18,13,30,28,29,14,16,26,27],"class_list":{"0":"post-31917","1":"post","2":"type-post","3":"status-publish","4":"format-standard","5":"has-post-thumbnail","7":"category-overskrifter","8":"tag-breaking-news","9":"tag-breakingnews","10":"tag-featured-news","11":"tag-featurednews","12":"tag-headlines","13":"tag-hovedoppslag","14":"tag-innenriks","15":"tag-latest-news","16":"tag-latestnews","17":"tag-main-news","18":"tag-mainnews","19":"tag-news","20":"tag-no","21":"tag-norge","22":"tag-norway","23":"tag-nyheter","24":"tag-overskrifter","25":"tag-top-stories","26":"tag-topstories"},"share_on_mastodon":{"url":"","error":""},"_links":{"self":[{"href":"https:\/\/www.europesays.com\/no\/wp-json\/wp\/v2\/posts\/31917","targetHints":{"allow":["GET"]}}],"collection":[{"href":"https:\/\/www.europesays.com\/no\/wp-json\/wp\/v2\/posts"}],"about":[{"href":"https:\/\/www.europesays.com\/no\/wp-json\/wp\/v2\/types\/post"}],"author":[{"embeddable":true,"href":"https:\/\/www.europesays.com\/no\/wp-json\/wp\/v2\/users\/2"}],"replies":[{"embeddable":true,"href":"https:\/\/www.europesays.com\/no\/wp-json\/wp\/v2\/comments?post=31917"}],"version-history":[{"count":0,"href":"https:\/\/www.europesays.com\/no\/wp-json\/wp\/v2\/posts\/31917\/revisions"}],"wp:featuredmedia":[{"embeddable":true,"href":"https:\/\/www.europesays.com\/no\/wp-json\/wp\/v2\/media\/31918"}],"wp:attachment":[{"href":"https:\/\/www.europesays.com\/no\/wp-json\/wp\/v2\/media?parent=31917"}],"wp:term":[{"taxonomy":"category","embeddable":true,"href":"https:\/\/www.europesays.com\/no\/wp-json\/wp\/v2\/categories?post=31917"},{"taxonomy":"post_tag","embeddable":true,"href":"https:\/\/www.europesays.com\/no\/wp-json\/wp\/v2\/tags?post=31917"}],"curies":[{"name":"wp","href":"https:\/\/api.w.org\/{rel}","templated":true}]}}