{"id":31923,"date":"2025-09-10T18:24:25","date_gmt":"2025-09-10T18:24:25","guid":{"rendered":"https:\/\/www.europesays.com\/no\/31923\/"},"modified":"2025-09-10T18:24:25","modified_gmt":"2025-09-10T18:24:25","slug":"angrer-pa-luksusleiligheten-i-stockholm","status":"publish","type":"post","link":"https:\/\/www.europesays.com\/no\/31923\/","title":{"rendered":"Angrer p\u00e5 luksusleiligheten i Stockholm"},"content":{"rendered":"<p class=\"kicker \" style=\"\">Bianca Ingrosso:<\/p>\n<p>  Luksusdr\u00f8mmen ble for stor &#8211; n\u00e5 innr\u00f8mmer influenseren at hun ikke ville gjort det samme om igjen.<\/p>\n<p>\n    INFLUENSER: Bianca Ingrosso er en av Sveriges st\u00f8rste influensere, med sine halvannen millioner f\u00f8lgere p\u00e5 Instagram. Foto: NTB\n  <\/p>\n<p>Den svenske influenseren Bianca Ingrosso (30) har brukt flere \u00e5r p\u00e5 \u00e5 gj\u00f8re dr\u00f8mmeleiligheten til virkelighet, og hele prosessen har trofaste fans f\u00e5tt f\u00f8lge tett gjennom sosiale medier.\u00a0<\/p>\n<p>    <a itemprop=\"url\" href=\"https:\/\/www.seher.no\/kjendis\/roper-diagnose\/83568783\" rel=\"nofollow noopener\" target=\"_blank\"><\/p>\n<p>      <img loading=\"lazy\" decoding=\"async\" src=\"https:\/\/www.europesays.com\/no\/wp-content\/uploads\/2025\/09\/1757528659_745_83568949.webp\" width=\"980\" height=\"441\" title=\"R\u00f8per diagnose\" alt=\"\" class=\"lazyload\" style=\"--aspect-ratio-image: 2.22; \"\/><\/p>\n<p>        R\u00f8per diagnose<\/p>\n<p>    <\/a><\/p>\n<p>Tre \u00e5r og over 40 millioner kroner seinere st\u00e5r Biancas enorme luksusleilighet endelig ferdig.\u00a0<\/p>\n<p>          <img loading=\"lazy\" decoding=\"async\" src=\"https:\/\/www.europesays.com\/no\/wp-content\/uploads\/2025\/09\/83571597.webp\" width=\"686\" height=\"645\" title=\"SPLITTER NY: Influenseren har brukt flere \u00e5r p\u00e5 \u00e5 pusse opp leiligheten. Foto: Instagram \/ @biancaingrosso\" alt=\"\" class=\"\" style=\"--aspect-ratio-image: 1.06; \"\/><\/p>\n<p>\n          SPLITTER NY: Influenseren har brukt flere \u00e5r p\u00e5 \u00e5 pusse opp leiligheten. Foto: Instagram \/ @biancaingrosso\n      <\/p>\n<p class=\"font-weight-bold m-font-weight-bold\" data-lab-font_weight=\"font-weight-bold\">Men n\u00e5 innr\u00f8mmer influenseren at hun ikke er helt forn\u00f8yd med valget hun tok.<\/p>\n<p>Leiligheten p\u00e5 hele 300 kvadratmeter, midt p\u00e5 eksklusive \u00d6stermalm i Stockholm, kj\u00f8pte hun mens hun fortsatt var sammen med ekskj\u00e6resten Phillipe Cohen (31).\u00a0<\/p>\n<p>    <a itemprop=\"url\" href=\"https:\/\/www.seher.no\/kjendis\/se-hvem-som-dukket-opp\/83569491\" rel=\"nofollow noopener\" target=\"_blank\"><\/p>\n<p>      <img loading=\"lazy\" decoding=\"async\" src=\"https:\/\/www.europesays.com\/no\/wp-content\/uploads\/2025\/09\/83571412.webp\" width=\"980\" height=\"441\" title=\"Se hvem som dukket opp!\" alt=\"\" class=\"lazyload\" style=\"--aspect-ratio-image: 2.22; \"\/><\/p>\n<p>        Se hvem som dukket opp!<\/p>\n<p>    <\/a><\/p>\n<p>Forholdet tok slutt, men renoveringen fortsatte, og f\u00f8rst n\u00e5 er den ferdigstilt.<\/p>\n<p>          <img loading=\"lazy\" decoding=\"async\" src=\"https:\/\/www.europesays.com\/no\/wp-content\/uploads\/2025\/09\/83571599.webp\" width=\"686\" height=\"632\" title=\"EKSKLUSIV: Med en prislapp p\u00e5 over 40 millioner kroner, befinner influenserens leilighet seg utvilsomt i det eksklusive sjiktet. Foto: Instagram\/ @biancaingrosso\" alt=\"\" class=\"\" style=\"--aspect-ratio-image: 1.09; \"\/><\/p>\n<p>\n          EKSKLUSIV: Med en prislapp p\u00e5 over 40 millioner kroner, befinner influenserens leilighet seg utvilsomt i det eksklusive sjiktet. Foto: Instagram\/ @biancaingrosso\n      <\/p>\n<p>I podkasten \u00ab<a href=\"https:\/\/podme.com\/no\/podkast\/filip-fredrik-svarar\/\" rel=\"nofollow noopener\" target=\"_blank\">Filip og Fredrik svarar<\/a>\u00bb forteller Bianca at hun i dag ville gjort ting annerledes.\u00a0<\/p>\n<p>Hun elsker hjemmet sitt, men innr\u00f8mmer at det hele ble for mye, b\u00e5de i st\u00f8rrelse og kostnader.<\/p>\n<p>&#8211; Hadde jeg f\u00e5tt gj\u00f8re om, hadde jeg ikke kj\u00f8pt s\u00e5 stort og heller ikke renovert for s\u00e5 mye, sier hun \u00e6rlig.<\/p>\n<p>          <img loading=\"lazy\" decoding=\"async\" src=\"https:\/\/www.europesays.com\/no\/wp-content\/uploads\/2025\/09\/83571604.webp\" width=\"686\" height=\"680\" title=\"GOD PLASS: Med sine 300 kvadratmeter han influenseren nok av plass \u00e5 boltre seg p\u00e5. Foto: Instagram \/ @biancaingrosso\" alt=\"\" class=\"\" style=\"--aspect-ratio-image: 1.01; \"\/><\/p>\n<p>\n          GOD PLASS: Med sine 300 kvadratmeter han influenseren nok av plass \u00e5 boltre seg p\u00e5. Foto: Instagram \/ @biancaingrosso\n      <\/p>\n<p>Bianca beskriver 300 kvadratmeter som \u00abfor stort\u00bb, og mener at pengene kunne v\u00e6rt brukt p\u00e5 mer meningsfulle opplevelser. For n\u00e5 er hun inne i en periode hvor hun helst bare vil ut og reise.<\/p>\n<p>        LEKER: Vi har v\u00e6rt p\u00e5 TV 2s h\u00f8stlansering, og igjen er det kjendisene selv som stiller de vonde sp\u00f8rsm\u00e5lene. Video: Kine Falch\/ Thea Hope<\/p>\n<p>&#8211; Jeg kunne gjort mer for de pengene. Jeg kunne reist, sier hun, og legger ikke skjul p\u00e5 at hun har behov for mer frihet enn en luksusleilighet kan tilby.<\/p>\n<p>          <img loading=\"lazy\" decoding=\"async\" src=\"https:\/\/www.europesays.com\/no\/wp-content\/uploads\/2025\/09\/83571606.webp\" width=\"686\" height=\"721\" title=\"GJENNOMF\u00d8RT: her er ingenting overlatt til tilfeldighetene. Foto: Instagram \/ @biancaingrosso\" alt=\"\" class=\"\" style=\"--aspect-ratio-image: 0.95; \"\/><\/p>\n<p>\n          GJENNOMF\u00d8RT: her er ingenting overlatt til tilfeldighetene. Foto: Instagram \/ @biancaingrosso\n      <\/p>\n<p>Til tross for at hun fortsatt bor i leiligheten, har ikke Bianca utelukket at hun kommer til \u00e5 selge.<\/p>\n<p>&#8211; Jeg kommer ikke til \u00e5 f\u00e5 den solgt n\u00e5 for det jeg vil ha. Kanskje om noen \u00e5r, sier hun.<\/p>\n","protected":false},"excerpt":{"rendered":"Bianca Ingrosso: Luksusdr\u00f8mmen ble for stor &#8211; n\u00e5 innr\u00f8mmer influenseren at hun ikke ville gjort det samme om&hellip;\n","protected":false},"author":2,"featured_media":31924,"comment_status":"","ping_status":"","sticky":false,"template":"","format":"standard","meta":{"footnotes":""},"categories":[12],"tags":[1324,20,21,24,25,15,479,2543,22,23,13,30,28,29,14,16,26,27,42,43,44,45],"class_list":{"0":"post-31923","1":"post","2":"type-post","3":"status-publish","4":"format-standard","5":"has-post-thumbnail","7":"category-verden","8":"tag-bianca-ingrosso","9":"tag-breaking-news","10":"tag-breakingnews","11":"tag-featured-news","12":"tag-featurednews","13":"tag-headlines","14":"tag-kjendis","15":"tag-kjendisdesken","16":"tag-latest-news","17":"tag-latestnews","18":"tag-news","19":"tag-no","20":"tag-norge","21":"tag-norway","22":"tag-nyheter","23":"tag-overskrifter","24":"tag-top-stories","25":"tag-topstories","26":"tag-verden","27":"tag-world","28":"tag-world-news","29":"tag-worldnews"},"share_on_mastodon":{"url":"","error":""},"_links":{"self":[{"href":"https:\/\/www.europesays.com\/no\/wp-json\/wp\/v2\/posts\/31923","targetHints":{"allow":["GET"]}}],"collection":[{"href":"https:\/\/www.europesays.com\/no\/wp-json\/wp\/v2\/posts"}],"about":[{"href":"https:\/\/www.europesays.com\/no\/wp-json\/wp\/v2\/types\/post"}],"author":[{"embeddable":true,"href":"https:\/\/www.europesays.com\/no\/wp-json\/wp\/v2\/users\/2"}],"replies":[{"embeddable":true,"href":"https:\/\/www.europesays.com\/no\/wp-json\/wp\/v2\/comments?post=31923"}],"version-history":[{"count":0,"href":"https:\/\/www.europesays.com\/no\/wp-json\/wp\/v2\/posts\/31923\/revisions"}],"wp:featuredmedia":[{"embeddable":true,"href":"https:\/\/www.europesays.com\/no\/wp-json\/wp\/v2\/media\/31924"}],"wp:attachment":[{"href":"https:\/\/www.europesays.com\/no\/wp-json\/wp\/v2\/media?parent=31923"}],"wp:term":[{"taxonomy":"category","embeddable":true,"href":"https:\/\/www.europesays.com\/no\/wp-json\/wp\/v2\/categories?post=31923"},{"taxonomy":"post_tag","embeddable":true,"href":"https:\/\/www.europesays.com\/no\/wp-json\/wp\/v2\/tags?post=31923"}],"curies":[{"name":"wp","href":"https:\/\/api.w.org\/{rel}","templated":true}]}}